{"id":71516,"date":"2023-12-20T01:56:24","date_gmt":"2023-12-20T01:56:24","guid":{"rendered":"https:\/\/www.ole.com.ar\/ecuador\/liga-pro\/espera-javier-gandolfi-entrenador-argentinos-independiente-valle_0_VW3tZ70XDY.html"},"modified":"2023-12-20T01:56:24","modified_gmt":"2023-12-20T01:56:24","slug":"a-la-espera-de-la-confirmacion-de-javier-gandolfi-los-entrenadores-argentinos-que-tuvo-independiente-del-valle","status":"publish","type":"post","link":"http:\/\/hoycordobaweb.com\/index.php\/2023\/12\/20\/a-la-espera-de-la-confirmacion-de-javier-gandolfi-los-entrenadores-argentinos-que-tuvo-independiente-del-valle\/","title":{"rendered":"A la espera de la confirmaci\u00f3n de Javier Gandolfi, los entrenadores argentinos que tuvo Independiente del Valle"},"content":{"rendered":"<p><img src=\"http:\/\/hoycordobaweb.com\/wp-content\/uploads\/2023\/12\/a-la-espera-de-la-confirmacion-de-javier-gandolfi-los-entrenadores-argentinos-que-tuvo-independiente-del-valle.jpg\"><\/p>\n<p><time class=\"createDate\" datetime=\"2023-12-19T22:56:24-03:00\">19\/12\/2023 22:56hs.<\/time><time class=\"modificatedDate\" datetime=\"2023-12-19T22:56:24-03:00\"><\/time><\/p>\n<div id=\"storyBody\">\n<div class=\"custom-text \" readability=\"30.17032967033\">\n<p>La l\u00ednea europea que implement\u00f3 <a href=\"https:\/\/www.ole.com.ar\/tema\/independiente-del-valle.html\" title=\"Independiente del Valle\" alt=\"Independiente del Valle\" class=\"slug\">Independiente del Valle<\/a> con sus directores t\u00e9cnicos estuvo desde mediados de 2018 hasta mediados del 2022 con <a href=\"https:\/\/www.ole.com.ar\/tema\/ismael-rescalvo.html\" title=\"Ismael Rescalvo\" alt=\"Ismael Rescalvo\" class=\"slug\">Ismael Rescalvo<\/a>, <a href=\"https:\/\/www.ole.com.ar\/tema\/miguel-angel-ramirez.html\" title=\"Miguel Angel Ram\u00edrez\" alt=\"Miguel Angel Ram\u00edrez\" class=\"slug\">Miguel \u00c1ngel Ram\u00edrez<\/a> y Renato Paiva. <strong>El Negriazul busc\u00f3 nuevos aires con la llegada de <a href=\"https:\/\/www.ole.com.ar\/tema\/martin-anselmi.html\" title=\"Mart\u00edn Anselmi\" alt=\"Mart\u00edn Anselmi\" class=\"slug\">Mart\u00edn Anselmi<\/a>, entrenador argentino que fue asistente t\u00e9cnico de Ram\u00edrez, y conoc\u00eda la filosof\u00eda del club.<\/strong><\/p>\n<\/div>\n<div class=\"custom-text \" readability=\"38\">\n<p>Anselmi dej\u00f3 IDV tras la final de la LigaPro ante Liga de Quito, para aceptar el reto de dirigir a Cruz Azul. Esto hizo que los Rayados tengan que salir a buscar su reemplazo, y volvieron a decantarse por un argentino. <strong>Se trata de Javier Gandolfi, ex entrenador de Talleres que tiene todo acordado para ser el nuevo DT del Negriazul y solamente falta que sea anunciado este mi\u00e9rcoles en una rueda de prensa del club.<\/strong><\/p>\n<\/div>\n<div class=\"custom-text \" readability=\"36\">\n<p>El estratega de 43 a\u00f1os estuvo cerca de ser asistente t\u00e9cnico de Mart\u00edn Demichelis en River Plate, pero en Talleres lo convencieron para que contin\u00fae al frente del equipo y acept\u00f3. Gandolfi dirigi\u00f3 a Talleres en 45 partidos con un balance de 21 victorias, 13 empates y 11 derrotas.<\/p>\n<\/div>\n<div class=\"custom-text \" readability=\"35\">\n<p>IDV tendr\u00e1 de manera consecutiva a entrenadores argentinos despu\u00e9s de 13 a\u00f1os, y Gandolfi se convertir\u00e1 en apenas el quinto DT de esa nacionalidad en dirigir al equipo sangolquile\u00f1o. <strong>En Ol\u00e9 hacemos un repaso de los estrategas argentinos que tuvieron paso por le Negriazul.<\/strong><\/p>\n<\/div>\n<div class=\"sc-e7b891c4-0 jPbnQF\"><img alt=\"Javier Gandolfi con Talleres. (PRENSA TALLERES)\" src=\"http:\/\/hoycordobaweb.com\/wp-content\/uploads\/2023\/12\/a-la-espera-de-la-confirmacion-de-javier-gandolfi-los-entrenadores-argentinos-que-tuvo-independiente-del-valle-2.jpg\" width=\"720\" height=\"100\" decoding=\"async\" data-nimg=\"future\" loading=\"lazy\"><span class=\"epigraphe\">Javier Gandolfi con Talleres. (PRENSA TALLERES)<\/span><\/div>\n<p><h2><strong>Mart\u00edn Anselmi<\/strong><\/h2>\n<\/p>\n<div class=\"custom-text \" readability=\"37\">\n<p>El recuerdo de los conseguido por Anselmi en IDV est\u00e1 muy fresco al haber sido su DT hasta hace pocos d\u00edas. Con 37 a\u00f1os lleg\u00f3 al club sangolquile\u00f1o al conocer la filosof\u00eda por haber sido el asistente t\u00e9cnico de Miguel \u00c1ngel Ram\u00edrez en 2019. El argentino lleg\u00f3 con una carrera corta como entrenador principal, ya que solamente dirigi\u00f3 a Uni\u00f3n La Calera de Chile, equipo del que sali\u00f3 por malos resultados.<\/p>\n<\/div>\n<div class=\"custom-text \" readability=\"37\">\n<p>En en Negriazul tuvo un \u00e9xito total al haber conseguido cuatro t\u00edtulos: Copa Sudamericana 2022, Copa Ecuador 2022, Supercopa Ecuador 2023 y Recopa Sudamericana 2023. 47 partidos ganados, 10 empates y 18 derrotas fue el balance de Anselmi como DT de los Rayados en los 75 encuentros dirigidos.<\/p>\n<\/div>\n<div class=\"sc-e7b891c4-0 jPbnQF\"><img alt=\"Mart\u00edn Anselmi, dirigi\u00f3 su \u00faltimo partido en Independiente del Valle.\" src=\"http:\/\/hoycordobaweb.com\/wp-content\/uploads\/2023\/12\/a-la-espera-de-la-confirmacion-de-javier-gandolfi-los-entrenadores-argentinos-que-tuvo-independiente-del-valle-3.jpg\" width=\"720\" height=\"100\" decoding=\"async\" data-nimg=\"future\" loading=\"lazy\"><span class=\"epigraphe\">Mart\u00edn Anselmi, dirigi\u00f3 su \u00faltimo partido en Independiente del Valle.<\/span><\/div>\n<p><h2><strong>Gabriel Sch\u00fcrrer<\/strong><\/h2>\n<\/p>\n<div class=\"custom-text \" readability=\"38\">\n<p>Tras un buen paso por Deportivo Cuenca en 2017, IDV apost\u00f3 por Sch\u00fcrrer para que sea el DT en 2018. El argentino lider\u00f3 una renovaci\u00f3n total en la plantilla, fichando varias de las figuras del campeonato nacional. Gabi no logr\u00f3 replicar su buen trabajo en el Negriazul y dur\u00f3 casi seis meses en el cargo. 8 victorias, 5 empates y 8 derrotas fueron los n\u00fameros de Sch\u00fcrrer en los 21 partidos que estuvo al frente del club.<\/p>\n<\/div>\n<div class=\"sc-e7b891c4-0 jPbnQF\"><img alt=\"Sch\u00fcrrer en IDV. (EFE)\" src=\"http:\/\/hoycordobaweb.com\/wp-content\/uploads\/2023\/12\/a-la-espera-de-la-confirmacion-de-javier-gandolfi-los-entrenadores-argentinos-que-tuvo-independiente-del-valle-4.jpg\" width=\"720\" height=\"100\" decoding=\"async\" data-nimg=\"future\" loading=\"lazy\"><span class=\"epigraphe\">Sch\u00fcrrer en IDV. (EFE)<\/span><\/div>\n<p><h2><strong>Julio Asad<\/strong><\/h2>\n<\/p>\n<div class=\"custom-text \" readability=\"38\">\n<p>En 2010 fue la \u00faltima ocasi\u00f3n en que IDV tuvo dos entrenadores argentinos de manera consecutiva con la llegada de Asad para reemplazar a Guillermo Dur\u00f3. Seis meses y 26 d\u00edas dur\u00f3 la estad\u00eda de Asad en Independiente, equipo con el que dirigi\u00f3 23 encuentros, con un registro de 6 victorias, 4 empates y 13 derrotas.<\/p>\n<\/div>\n<div class=\"sc-e7b891c4-0 jPbnQF\"><img alt=\"Julio Asad.\" src=\"http:\/\/hoycordobaweb.com\/wp-content\/uploads\/2023\/12\/a-la-espera-de-la-confirmacion-de-javier-gandolfi-los-entrenadores-argentinos-que-tuvo-independiente-del-valle-5.jpg\" width=\"720\" height=\"100\" decoding=\"async\" data-nimg=\"future\" loading=\"lazy\"><span class=\"epigraphe\">Julio Asad.<\/span><\/div>\n<p><h2><strong>Guillermo Dur\u00f3<\/strong><\/h2>\n<\/p>\n<div class=\"custom-text \" readability=\"35\">\n<p>El actual entrenador de Delf\u00edn fue el primer argentino en dirigir a IDV en 2010. Los malos resultados hicieron que Dur\u00f3 solamente est\u00e9 al frente del equipo por 133 d\u00edas. 20 partidos fueron los que dirigi\u00f3 a los Rayados con 4 victorias, 6 empates y 10 derrotas.<\/p>\n<\/div>\n<div class=\"sc-e7b891c4-0 jPbnQF\"><img alt=\"Guillermo Dur\u00f3, entrenador de Delf\u00edn (API)\" src=\"http:\/\/hoycordobaweb.com\/wp-content\/uploads\/2023\/12\/a-la-espera-de-la-confirmacion-de-javier-gandolfi-los-entrenadores-argentinos-que-tuvo-independiente-del-valle-6.jpg\" width=\"720\" height=\"100\" decoding=\"async\" data-nimg=\"future\" loading=\"lazy\"><span class=\"epigraphe\">Guillermo Dur\u00f3, entrenador de Delf\u00edn (API)<\/span><\/div>\n<div class=\"sc-a7166897-0 exHLBh\" readability=\"6\">\n<section readability=\"2\"><picture><img alt=\"Fecha confirmada para el inicio de la LigaPro 2024\" src=\"http:\/\/hoycordobaweb.com\/wp-content\/uploads\/2023\/12\/a-la-espera-de-la-confirmacion-de-javier-gandolfi-los-entrenadores-argentinos-que-tuvo-independiente-del-valle-7.jpg\" width=\"290\" height=\"290\" decoding=\"async\" data-nimg=\"future\" loading=\"lazy\"><\/picture>\n<p><span>Mir\u00e1 tambi\u00e9n<\/span><\/p>\n<hr>\n<h3>Fecha confirmada para el inicio de la LigaPro 2024<\/h3>\n<\/p>\n<\/section>\n<\/div>\n<div class=\"sc-a7166897-0 exHLBh\" readability=\"6\">\n<section readability=\"2\"><picture><img alt=\"Kendry P\u00e1ez: &quot;Voy a dar lo mejor de m\u00ed para ser campe\u00f3n el a\u00f1o que viene&quot;\" src=\"http:\/\/hoycordobaweb.com\/wp-content\/uploads\/2023\/12\/a-la-espera-de-la-confirmacion-de-javier-gandolfi-los-entrenadores-argentinos-que-tuvo-independiente-del-valle-8.jpg\" width=\"290\" height=\"290\" decoding=\"async\" data-nimg=\"future\" loading=\"lazy\"><\/picture>\n<p><span>Mir\u00e1 tambi\u00e9n<\/span><\/p>\n<hr>\n<h3>Kendry P\u00e1ez: \u00abVoy a dar lo mejor de m\u00ed para ser campe\u00f3n el a\u00f1o que viene\u00bb<\/h3>\n<\/p>\n<\/section>\n<\/div>\n<div class=\"sc-a7166897-0 exHLBh\" readability=\"6.5\">\n<section readability=\"3\"><picture><img alt=\"\u00a1Con Mois\u00e9s Caicedo, el Chelsea clasific\u00f3 a las semifinales de la Copa de la Liga!\" src=\"http:\/\/hoycordobaweb.com\/wp-content\/uploads\/2023\/12\/a-la-espera-de-la-confirmacion-de-javier-gandolfi-los-entrenadores-argentinos-que-tuvo-independiente-del-valle-9.jpg\" width=\"290\" height=\"290\" decoding=\"async\" data-nimg=\"future\" loading=\"lazy\"><\/picture>\n<p><span>Mir\u00e1 tambi\u00e9n<\/span><\/p>\n<hr>\n<h3>\u00a1Con Mois\u00e9s Caicedo, el Chelsea clasific\u00f3 a las semifinales de la Copa de la Liga!<\/h3>\n<\/p>\n<\/section>\n<\/div>\n<div class=\"sc-a7166897-0 exHLBh\" readability=\"6.5\">\n<section readability=\"3\"><picture><img alt=\"La continuidad de Pellerano en IDV, \u00bfcomo jugador o entrenador?\" src=\"http:\/\/hoycordobaweb.com\/wp-content\/uploads\/2023\/12\/a-la-espera-de-la-confirmacion-de-javier-gandolfi-los-entrenadores-argentinos-que-tuvo-independiente-del-valle-10.jpg\" width=\"290\" height=\"290\" decoding=\"async\" data-nimg=\"future\" loading=\"lazy\"><\/picture>\n<p><span>Mir\u00e1 tambi\u00e9n<\/span><\/p>\n<hr>\n<h3>La continuidad de Pellerano en IDV, \u00bfcomo jugador o entrenador?<\/h3>\n<\/p>\n<\/section>\n<\/div>\n<div class=\"sc-a7166897-0 exHLBh\" readability=\"6\">\n<section readability=\"2\"><picture><img alt=\"El goleador que busca Jorge C\u00e9lico para Universidad Cat\u00f3lica\" src=\"http:\/\/hoycordobaweb.com\/wp-content\/uploads\/2023\/12\/a-la-espera-de-la-confirmacion-de-javier-gandolfi-los-entrenadores-argentinos-que-tuvo-independiente-del-valle-11.jpg\" width=\"290\" height=\"290\" decoding=\"async\" data-nimg=\"future\" loading=\"lazy\"><\/picture>\n<p><span>Mir\u00e1 tambi\u00e9n<\/span><\/p>\n<hr>\n<h3>El goleador que busca Jorge C\u00e9lico para Universidad Cat\u00f3lica<\/h3>\n<\/p>\n<\/section>\n<\/div>\n<div class=\"sc-a7166897-0 exHLBh\" readability=\"6.5\">\n<section readability=\"3\"><picture><img alt=\"Abdal\u00e1 Bucaram y su teor\u00eda de por qu\u00e9 Liga de Quito fue campe\u00f3n de la Libertadores\" src=\"http:\/\/hoycordobaweb.com\/wp-content\/uploads\/2023\/12\/a-la-espera-de-la-confirmacion-de-javier-gandolfi-los-entrenadores-argentinos-que-tuvo-independiente-del-valle-12.jpg\" width=\"290\" height=\"290\" decoding=\"async\" data-nimg=\"future\" loading=\"lazy\"><\/picture>\n<p><span>Mir\u00e1 tambi\u00e9n<\/span><\/p>\n<hr>\n<h3>Abdal\u00e1 Bucaram y su teor\u00eda de por qu\u00e9 Liga de Quito fue campe\u00f3n de la Libertadores<\/h3>\n<\/p>\n<\/section>\n<\/div>\n<\/div>\n","protected":false},"excerpt":{"rendered":"<p>19\/12\/2023 22:56hs. La l\u00ednea europea que implement\u00f3 Independiente del Valle con sus directores t\u00e9cnicos estuvo desde mediados de 2018 hasta mediados del 2022 con Ismael Rescalvo, Miguel \u00c1ngel Ram\u00edrez y Renato Paiva. El Negriazul busc\u00f3 nuevos aires con la llegada de Mart\u00edn Anselmi, entrenador argentino que fue asistente t\u00e9cnico de Ram\u00edrez, y conoc\u00eda la filosof\u00eda [&hellip;]<\/p>\n","protected":false},"author":1,"featured_media":71517,"comment_status":"open","ping_status":"closed","sticky":false,"template":"","format":"standard","meta":[],"categories":[16],"tags":[],"_links":{"self":[{"href":"http:\/\/hoycordobaweb.com\/index.php\/wp-json\/wp\/v2\/posts\/71516"}],"collection":[{"href":"http:\/\/hoycordobaweb.com\/index.php\/wp-json\/wp\/v2\/posts"}],"about":[{"href":"http:\/\/hoycordobaweb.com\/index.php\/wp-json\/wp\/v2\/types\/post"}],"author":[{"embeddable":true,"href":"http:\/\/hoycordobaweb.com\/index.php\/wp-json\/wp\/v2\/users\/1"}],"replies":[{"embeddable":true,"href":"http:\/\/hoycordobaweb.com\/index.php\/wp-json\/wp\/v2\/comments?post=71516"}],"version-history":[{"count":0,"href":"http:\/\/hoycordobaweb.com\/index.php\/wp-json\/wp\/v2\/posts\/71516\/revisions"}],"wp:featuredmedia":[{"embeddable":true,"href":"http:\/\/hoycordobaweb.com\/index.php\/wp-json\/wp\/v2\/media\/71517"}],"wp:attachment":[{"href":"http:\/\/hoycordobaweb.com\/index.php\/wp-json\/wp\/v2\/media?parent=71516"}],"wp:term":[{"taxonomy":"category","embeddable":true,"href":"http:\/\/hoycordobaweb.com\/index.php\/wp-json\/wp\/v2\/categories?post=71516"},{"taxonomy":"post_tag","embeddable":true,"href":"http:\/\/hoycordobaweb.com\/index.php\/wp-json\/wp\/v2\/tags?post=71516"}],"curies":[{"name":"wp","href":"https:\/\/api.w.org\/{rel}","templated":true}]}}