{"id":71512,"date":"2023-12-20T02:19:49","date_gmt":"2023-12-20T02:19:49","guid":{"rendered":"https:\/\/www.ole.com.ar\/futbol-internacional\/peor-noticia-brasil-neymar-jugaria-copa-america_0_KyKz25aMLa.html"},"modified":"2023-12-20T02:19:49","modified_gmt":"2023-12-20T02:19:49","slug":"video-el-grito-de-neymar-en-plena-recuperacion-y-casi-afuera-de-la-copa-america","status":"publish","type":"post","link":"http:\/\/hoycordobaweb.com\/index.php\/2023\/12\/20\/video-el-grito-de-neymar-en-plena-recuperacion-y-casi-afuera-de-la-copa-america\/","title":{"rendered":"Video: el grito de Neymar en plena recuperaci\u00f3n y casi afuera de la Copa Am\u00e9rica"},"content":{"rendered":"<p><img src=\"http:\/\/hoycordobaweb.com\/wp-content\/uploads\/2023\/12\/video-el-grito-de-neymar-en-plena-recuperacion-y-casi-afuera-de-la-copa-america.jpg\"><\/p>\n<p><time class=\"createDate\" datetime=\"2023-12-19T23:19:49-03:00\">19\/12\/2023 23:19hs.<\/time><time class=\"modificatedDate\" datetime=\"2023-12-19T23:27:30-03:00\"> Actualizado al 19\/12\/2023 23:27hs.<\/time><\/p>\n<div id=\"storyBody\">\n<div class=\"custom-text \" readability=\"34.12962962963\">\n<p>La lesi\u00f3n de <a href=\"https:\/\/www.ole.com.ar\/tema\/neymar.html\" title=\"Neymar\" alt=\"Neymar\" class=\"slug\">Neymar<\/a> le doli\u00f3 a todo el mundo del f\u00fatbol. El pasado octubre, en el duelo entre Uruguay y Brasil por las <a href=\"https:\/\/www.ole.com.ar\/tema\/eliminatorias-sudamericanas.html\" title=\"Eliminatorias Sudamericanas\" alt=\"Eliminatorias Sudamericanas\" class=\"slug\">Eliminatorias Sudamericanas<\/a>,<strong> el astro brasile\u00f1o sufri\u00f3 la rotura del ligamento anterior cruzado y menisco de su rodilla izquierda<\/strong>, una lesi\u00f3n que por lo general suele tardar casi ocho meses en sanar.<\/p>\n<\/div>\n<div class=\"custom-text \" readability=\"38\">\n<p>Para tratar con la misma, el brasile\u00f1o pas\u00f3 por el quir\u00f3fano y desde entonces comenz\u00f3 con los trabajos de recuperaci\u00f3n con el fin de llegar de la mejor forma a la <strong>Copa Am\u00e9rica 2024<\/strong>. Sin embargo, <strong>desde Brasil no son optimistas con la evoluci\u00f3n del jugador del Al-Hilal<\/strong>, a tal punto de que un m\u00e9dico de la Verdeamarela afirm\u00f3 que no le dar\u00e1 tiempo a recuperarse correctamente.<\/p>\n<\/div>\n<div class=\"custom-text \" readability=\"41\">\n<p>\u00abSeis semanas de cirug\u00eda, no habr\u00e1 tiempo, es demasiado pronto. <strong>No tiene sentido saltarse pasos para recuperarse antes y correr riesgos innecesarios<\/strong>. Nuestra expectativa es que est\u00e9 listo para regresar al inicio de la temporada 2024 en Europa, que es agosto\u00bb, expres\u00f3 Rodrigo Lasmar, uno de los doctores del seleccionado brasilero, a la radio brasile\u00f1a FM 98.<\/p>\n<\/div>\n<div class=\"custom-text \" readability=\"39\">\n<p>Y agreg\u00f3: \u00abLa expectativa es que vuelva a jugar, hay que tener paciencia. <strong>Hablar de retorno antes de los nueve meses es prematuro<\/strong>, este es un concepto global para la recuperaci\u00f3n de ligamentos, es muy importante tener el tiempo biol\u00f3gico, el tiempo que tarda el cuerpo en incorporar ese ligamento. La expectativa es que despu\u00e9s de este tiempo se haya recuperado a un gran nivel\u00bb.<\/p>\n<\/div>\n<div class=\"custom-text \" readability=\"39\">\n<p>La lesi\u00f3n de Neymar sucedi\u00f3 el pasado 17 de octubre, en el duelo entre Uruguay y Brasil. Cuando iba poco m\u00e1s de media hora de juego, el crack brasile\u00f1o choc\u00f3 con Nicol\u00e1s de la Cruz, se desplom\u00f3 en el suelo y solicit\u00f3 atenci\u00f3n m\u00e9dica. Tras el partido, se confirm\u00f3 su diagn\u00f3stico: rotura del ligamento anterior cruzado y menisco.<\/p>\n<\/div>\n<div class=\"sc-e7b891c4-0 jPbnQF\"><img alt=\"Neymar se lesi\u00f3n el pasado octubre. (AFP)\" src=\"http:\/\/hoycordobaweb.com\/wp-content\/uploads\/2023\/12\/video-el-grito-de-neymar-en-plena-recuperacion-y-casi-afuera-de-la-copa-america-2.jpg\" width=\"720\" height=\"100\" decoding=\"async\" data-nimg=\"future\" loading=\"lazy\"><span class=\"epigraphe\">Neymar se lesi\u00f3n el pasado octubre. (AFP)<\/span><\/div>\n<div class=\"custom-text \" readability=\"36\">\n<p><strong>Por lo general, este tipo de lesiones suelen tardar entre seis y ocho meses en recuperarse<\/strong>. Por este motivo, la presencia del 10 de Brasil en la Copa Am\u00e9rica que se disputar\u00e1 en Estados Unidos a mediados de 2024 corre peligro. <strong>\u00bfLlegar\u00e1 a tiempo?<\/strong><\/p>\n<\/div>\n<p><h2><strong>El grito de Neymar en medio de su recuperaci\u00f3n<\/strong><\/h2>\n<\/p>\n<div class=\"custom-text \" readability=\"37\">\n<p>Si bien est\u00e1 muy justo con los tiempos, el actual jugador del Al Hilal todav\u00eda sue\u00f1a con llegar a disputar la Copa Am\u00e9rica 2024. Por ese motivo, est\u00e1 trabajando arduamente en su recuperaci\u00f3n, y en los \u00faltimos d\u00edas a mostrado su evoluci\u00f3n. <\/p>\n<\/div>\n<div class=\"custom-text \" readability=\"40\">\n<p>Sin embargo, Ney todav\u00eda est\u00e1 muy adolorido y as\u00ed lo ha dejado claro. El pasado fin de semana, subi\u00f3 unas im\u00e1genes en donde se le pod\u00eda ver trabajando con un kinesi\u00f3logo, donde no pudo disimular sus gestos de dolor. Y este martes, public\u00f3 un video donde intent\u00f3 flexionar la rodilla, <strong>algo que le caus\u00f3 tal suplicio que lo hizo lanzar un desgarrador grito y quedar al borde del llanto.<\/strong><\/p>\n<\/div>\n<div type=\"embed\" class=\"sc-7ce6049-0 dwIKul\">\n<div class=\"sc-7ce6049-1 bdcBBS videoText\" id=\"contentTitleembeddwlXI2Cb\" type=\"embed\"><svg fill=\"#ffffff\"><symbol id=\"play\" viewBox=\"0 0 512 512\"><path d=\"M512 256C512 397.4 397.4 512 256 512C114.6 512 0 397.4 0 256C0 114.6 114.6 0 256 0C397.4 0 512 114.6 512 256zM176 168V344C176 352.7 180.7 360.7 188.3 364.9C195.8 369.2 205.1 369 212.5 364.5L356.5 276.5C363.6 272.1 368 264.4 368 256C368 247.6 363.6 239.9 356.5 235.5L212.5 147.5C205.1 142.1 195.8 142.8 188.3 147.1C180.7 151.3 176 159.3 176 168V168z\" \/><\/symbol><use xlink:href=\"#play\" \/><\/svg><\/p>\n<div class=\"right\">\n<p>Neymar<!-- --> &#8211;<!-- --> <span>19-12-2023<\/span><\/p>\n<h2 class=\"title-vid\">Neymar en su primer posteo, gritando en plena recuperaci\u00f3n<\/h2>\n<\/div>\n<\/div>\n<p><span class=\"back\" id=\"spanBackembeddwlXI2Cb\"><\/span><\/div>\n<div class=\"custom-text \" readability=\"36\">\n<p>\u00ab<strong>Un mes de llanto y mucho dolor. Sigue adelante<\/strong>\u00ab, escribi\u00f3 Neymar en su cuenta de Instagram, quien en los pr\u00f3ximos meses buscar\u00e1 recuperarse en tiempo r\u00e9cord para poder representar a Brasil en el pr\u00f3ximo certamen continental.<\/p>\n<\/div>\n<div class=\"sc-a7166897-0 exHLBh\" readability=\"6\">\n<section readability=\"2\"><picture><img alt=\"El coleccionista de t\u00edtulos: el nuevo r\u00e9cord que busca Juli\u00e1n Alvarez\" src=\"http:\/\/hoycordobaweb.com\/wp-content\/uploads\/2023\/12\/video-el-grito-de-neymar-en-plena-recuperacion-y-casi-afuera-de-la-copa-america-3.jpg\" width=\"290\" height=\"290\" decoding=\"async\" data-nimg=\"future\" loading=\"lazy\"><\/picture>\n<p><span>Mir\u00e1 tambi\u00e9n<\/span><\/p>\n<hr>\n<h3>El coleccionista de t\u00edtulos: el nuevo r\u00e9cord que busca Juli\u00e1n Alvarez<\/h3>\n<\/p>\n<\/section>\n<\/div>\n<div class=\"sc-a7166897-0 exHLBh\" readability=\"6.5\">\n<section readability=\"3\"><picture><img alt=\"El curioso motivo por el que Haaland y De Bruyne no podr\u00e1n jugar la final del Mundial de Clubes\" src=\"http:\/\/hoycordobaweb.com\/wp-content\/uploads\/2023\/12\/video-el-grito-de-neymar-en-plena-recuperacion-y-casi-afuera-de-la-copa-america-4.jpg\" width=\"290\" height=\"290\" decoding=\"async\" data-nimg=\"future\" loading=\"lazy\"><\/picture>\n<p><span>Mir\u00e1 tambi\u00e9n<\/span><\/p>\n<hr>\n<h3>El curioso motivo por el que Haaland y De Bruyne no podr\u00e1n jugar la final del Mundial de Clubes<\/h3>\n<\/p>\n<\/section>\n<\/div>\n<div class=\"sc-a7166897-0 exHLBh\" readability=\"6\">\n<section readability=\"2\"><picture><img alt=\"\u00bfA qu\u00e9 hora juega Manchester City vs. Urawa Red Diamonds por el Mundial de Clubes?\" src=\"http:\/\/hoycordobaweb.com\/wp-content\/uploads\/2023\/12\/video-el-grito-de-neymar-en-plena-recuperacion-y-casi-afuera-de-la-copa-america-5.jpg\" width=\"290\" height=\"290\" decoding=\"async\" data-nimg=\"future\" loading=\"lazy\"><\/picture>\n<p><span>Mir\u00e1 tambi\u00e9n<\/span><\/p>\n<hr>\n<h3>\u00bfA qu\u00e9 hora juega Manchester City vs. Urawa Red Diamonds por el Mundial de Clubes?<\/h3>\n<\/p>\n<\/section>\n<\/div>\n<\/div>\n","protected":false},"excerpt":{"rendered":"<p>19\/12\/2023 23:19hs. Actualizado al 19\/12\/2023 23:27hs. La lesi\u00f3n de Neymar le doli\u00f3 a todo el mundo del f\u00fatbol. El pasado octubre, en el duelo entre Uruguay y Brasil por las Eliminatorias Sudamericanas, el astro brasile\u00f1o sufri\u00f3 la rotura del ligamento anterior cruzado y menisco de su rodilla izquierda, una lesi\u00f3n que por lo general suele [&hellip;]<\/p>\n","protected":false},"author":1,"featured_media":71513,"comment_status":"open","ping_status":"closed","sticky":false,"template":"","format":"standard","meta":[],"categories":[16],"tags":[],"_links":{"self":[{"href":"http:\/\/hoycordobaweb.com\/index.php\/wp-json\/wp\/v2\/posts\/71512"}],"collection":[{"href":"http:\/\/hoycordobaweb.com\/index.php\/wp-json\/wp\/v2\/posts"}],"about":[{"href":"http:\/\/hoycordobaweb.com\/index.php\/wp-json\/wp\/v2\/types\/post"}],"author":[{"embeddable":true,"href":"http:\/\/hoycordobaweb.com\/index.php\/wp-json\/wp\/v2\/users\/1"}],"replies":[{"embeddable":true,"href":"http:\/\/hoycordobaweb.com\/index.php\/wp-json\/wp\/v2\/comments?post=71512"}],"version-history":[{"count":0,"href":"http:\/\/hoycordobaweb.com\/index.php\/wp-json\/wp\/v2\/posts\/71512\/revisions"}],"wp:featuredmedia":[{"embeddable":true,"href":"http:\/\/hoycordobaweb.com\/index.php\/wp-json\/wp\/v2\/media\/71513"}],"wp:attachment":[{"href":"http:\/\/hoycordobaweb.com\/index.php\/wp-json\/wp\/v2\/media?parent=71512"}],"wp:term":[{"taxonomy":"category","embeddable":true,"href":"http:\/\/hoycordobaweb.com\/index.php\/wp-json\/wp\/v2\/categories?post=71512"},{"taxonomy":"post_tag","embeddable":true,"href":"http:\/\/hoycordobaweb.com\/index.php\/wp-json\/wp\/v2\/tags?post=71512"}],"curies":[{"name":"wp","href":"https:\/\/api.w.org\/{rel}","templated":true}]}}