{"id":71495,"date":"2023-12-18T22:59:00","date_gmt":"2023-12-18T22:59:00","guid":{"rendered":"https:\/\/fm-comunicar.com.ar\/contenido\/21064\/gonzalo-viel-se-consagro-campeon-de-la-clase-1-del-cordoba-pista"},"modified":"2023-12-18T22:59:00","modified_gmt":"2023-12-18T22:59:00","slug":"gonzalo-viel-se-consagro-campeon-de-la-clase-1-del-cordoba-pista","status":"publish","type":"post","link":"http:\/\/hoycordobaweb.com\/index.php\/2023\/12\/18\/gonzalo-viel-se-consagro-campeon-de-la-clase-1-del-cordoba-pista\/","title":{"rendered":"Gonzalo Viel se consagr\u00f3 campe\u00f3n de la clase 1 del C\u00f3rdoba Pista"},"content":{"rendered":"<p>El piloto jesusmariense aprovech\u00f3 al m\u00e1ximo las complicaciones de Lautaro Vicentini, l\u00edder hasta la \u00faltima fecha, que enfrent\u00f3 problemas mec\u00e1nicos y le arrebat\u00f3 el t\u00edtulo el d\u00eda domingo.<img src=\"http:\/\/hoycordobaweb.com\/wp-content\/uploads\/2023\/12\/gonzalo-viel-se-consagro-campeon-de-la-clase-1-del-cordoba-pista.jpg\"><\/p>\n","protected":false},"excerpt":{"rendered":"<p>El piloto jesusmariense aprovech\u00f3 al m\u00e1ximo las complicaciones de Lautaro Vicentini, l\u00edder hasta la \u00faltima fecha, que enfrent\u00f3 problemas mec\u00e1nicos y le arrebat\u00f3 el t\u00edtulo el d\u00eda domingo.<\/p>\n","protected":false},"author":1,"featured_media":71496,"comment_status":"closed","ping_status":"closed","sticky":false,"template":"","format":"standard","meta":[],"categories":[16,18],"tags":[],"_links":{"self":[{"href":"http:\/\/hoycordobaweb.com\/index.php\/wp-json\/wp\/v2\/posts\/71495"}],"collection":[{"href":"http:\/\/hoycordobaweb.com\/index.php\/wp-json\/wp\/v2\/posts"}],"about":[{"href":"http:\/\/hoycordobaweb.com\/index.php\/wp-json\/wp\/v2\/types\/post"}],"author":[{"embeddable":true,"href":"http:\/\/hoycordobaweb.com\/index.php\/wp-json\/wp\/v2\/users\/1"}],"replies":[{"embeddable":true,"href":"http:\/\/hoycordobaweb.com\/index.php\/wp-json\/wp\/v2\/comments?post=71495"}],"version-history":[{"count":0,"href":"http:\/\/hoycordobaweb.com\/index.php\/wp-json\/wp\/v2\/posts\/71495\/revisions"}],"wp:featuredmedia":[{"embeddable":true,"href":"http:\/\/hoycordobaweb.com\/index.php\/wp-json\/wp\/v2\/media\/71496"}],"wp:attachment":[{"href":"http:\/\/hoycordobaweb.com\/index.php\/wp-json\/wp\/v2\/media?parent=71495"}],"wp:term":[{"taxonomy":"category","embeddable":true,"href":"http:\/\/hoycordobaweb.com\/index.php\/wp-json\/wp\/v2\/categories?post=71495"},{"taxonomy":"post_tag","embeddable":true,"href":"http:\/\/hoycordobaweb.com\/index.php\/wp-json\/wp\/v2\/tags?post=71495"}],"curies":[{"name":"wp","href":"https:\/\/api.w.org\/{rel}","templated":true}]}}