{"id":71459,"date":"2023-12-19T02:21:39","date_gmt":"2023-12-19T02:21:39","guid":{"rendered":"https:\/\/www.ole.com.ar\/ecuador\/liga-pro\/edison-vega-despedida-aucas-fuerte-mensaje-dirigencia_0_4OyLSIgCGn.html"},"modified":"2023-12-19T02:21:39","modified_gmt":"2023-12-19T02:21:39","slug":"edison-vega-se-fue-de-aucas-con-un-duro-mensaje-a-la-dirigencia","status":"publish","type":"post","link":"http:\/\/hoycordobaweb.com\/index.php\/2023\/12\/19\/edison-vega-se-fue-de-aucas-con-un-duro-mensaje-a-la-dirigencia\/","title":{"rendered":"Edison Vega se fue de Aucas con un duro mensaje a la dirigencia"},"content":{"rendered":"<p><img src=\"http:\/\/hoycordobaweb.com\/wp-content\/uploads\/2023\/12\/edison-vega-se-fue-de-aucas-con-un-duro-mensaje-a-la-dirigencia.jpg\"><\/p>\n<p><time class=\"createDate\" datetime=\"2023-12-18T23:21:39-03:00\">18\/12\/2023 23:21hs.<\/time><time class=\"modificatedDate\" datetime=\"2023-12-18T23:43:16-03:00\"> Actualizado al 18\/12\/2023 23:43hs.<\/time><\/p>\n<div id=\"storyBody\">\n<div class=\"custom-text \" readability=\"21.990049751244\">\n<p>En un d\u00eda movido para <strong><a href=\"https:\/\/www.ole.com.ar\/tema\/aucas.html\" title=\"Aucas\" alt=\"Aucas\" class=\"slug\">Aucas<\/a><\/strong>, en el que <strong><a href=\"https:\/\/www.ole.com.ar\/ecuador\/liga-pro\/aucas-romulo-otero-cerca-santos-brasil_0_WglCofP4mr.html\" target=\"_blank\" title=\"R\u00f3mulo Otero qued\u00f3 a un paso del Santos de Brasil\" alt=\"R\u00f3mulo Otero qued\u00f3 a un paso del Santos de Brasil\" rel=\"noopener noreferrer\">R\u00f3mulo Otero qued\u00f3 a un paso del Santos de Brasil<\/a><\/strong>, en el que <strong><a href=\"https:\/\/www.ole.com.ar\/ecuador\/liga-pro\/santiago-escobar-aucas-ligapro-va-deportivo-cali_0_Beu5uC7Xcm.html\" target=\"_blank\" title=\"est\u00e1 en duda la continuidad de Santiago Escobar\" alt=\"est\u00e1 en duda la continuidad de Santiago Escobar\" rel=\"noopener noreferrer\">est\u00e1 en duda la continuidad de Santiago Escobar<\/a><\/strong> y a la <strong><a href=\"https:\/\/www.ole.com.ar\/ecuador\/liga-pro\/sorteo-copa-libertadores-2024-aucas-nacional-rivales-posibles_0_kgd5b440w3.html\" target=\"_blank\" title=\"expectativa del sorteo de la Copa Libertadores 2024\" alt=\"expectativa del sorteo de la Copa Libertadores 2024\" rel=\"noopener noreferrer\">expectativa del sorteo de la Copa Libertadores 2024<\/a><\/strong>, se conoci\u00f3 una noticia que golpe\u00f3 a los hinchas: <strong>Edison Vega<\/strong>, el autor del gol que le dio al Pap\u00e1 <strong><a href=\"https:\/\/www.ole.com.ar\/ecuador\/liga-pro\/ranking-titulos-ecuador-liga-quito-campeon-ligapro-2023_0_KjfcTrVqoe.html\" target=\"_blank\" title=\"su primer t\u00edtulo nacional \" alt=\"su primer t\u00edtulo nacional \" rel=\"noopener noreferrer\">su primer t\u00edtulo nacional <\/a><\/strong>un a\u00f1o atr\u00e1s, <strong>no seguir\u00e1 siendo parte del plantel oriental.<\/strong><\/p>\n<\/div>\n<div class=\"custom-text \" readability=\"40\">\n<p>Fue el propio mediocampista, de 33 a\u00f1os el que comunic\u00f3 lo sucedido, con un amplio mensaje en redes sociales, en el que agradeci\u00f3 a los hinchas y se fue peg\u00e1ndole a la directiva: \u201c<strong>Es dif\u00edcil entender las decisiones que toma la dirigencia a pesar del esfuerzo, la dedicaci\u00f3n y el compromiso que uno como Jugador Profesional pone en cada partido,<\/strong> en cada entrenamiento y muchas veces hasta fuera de la cancha\u201d.<\/p>\n<\/div>\n<div class=\"custom-text \" readability=\"39\">\n<p>Se trata del punto final para Vega,<strong> luego de una temporada en la que tuvo una participaci\u00f3n activa, con un total de 32 partidos<\/strong> (25 de 30 en LigaPro, los seis de la Copa Libertadores y la final de la Supercopa Ecuador). Este a\u00f1o no meti\u00f3 goles y aport\u00f3 una asistencia.<strong> Incluso, en varios pasajes fue el capit\u00e1n.<\/strong><\/p>\n<\/div>\n<div class=\"custom-text \" readability=\"39\">\n<p>\u00abQuiero empezar agradeciendo desde lo m\u00e1s profundo de mi coraz\u00f3n a toda esa linda hinchada por el apoyo, el amor y la pasi\u00f3n que me han mostrado a lo largo de mi tiempo aqu\u00ed,<strong> ha sido un honor vestir estos colores y representarlos a ustedes los hinchas que siempre fueron el motor de este equipo durante cada partido, es un momento agridulce para m\u00ed ya que me veo obligado a despedirme de todos ustedes\u00bb,<\/strong> fue otro de los p\u00e1rrafos de sus sentidas palabras.<\/p>\n<\/div>\n<div class=\"sc-e7b891c4-0 jPbnQF\"><img alt=\"Edison Vega se despidi\u00f3 de Aucas.\" src=\"http:\/\/hoycordobaweb.com\/wp-content\/uploads\/2023\/12\/edison-vega-se-fue-de-aucas-con-un-duro-mensaje-a-la-dirigencia-2.jpg\" width=\"720\" height=\"100\" decoding=\"async\" data-nimg=\"future\" loading=\"lazy\"><span class=\"epigraphe\">Edison Vega se despidi\u00f3 de Aucas.<\/span><\/div>\n<div class=\"custom-text \" readability=\"26.684210526316\">\n<p>Lo que sucede en Aucas igualmente es un caso a revisar dado que, si bien se clasificaron a la Libertadores 2024, l<strong>a temporada fue conflictiva <\/strong>con la <strong>salida del DT campe\u00f3n, <a href=\"https:\/\/www.ole.com.ar\/tema\/cesar-farias.html\" title=\"C\u00e9sar Far\u00edas\" alt=\"C\u00e9sar Far\u00edas\" class=\"slug\">C\u00e9sar Far\u00edas<\/a><\/strong>, y con <strong><a href=\"https:\/\/www.ole.com.ar\/ecuador\/aucas\/aucas-declaraciones-agente-victor-figueroa-campeon-dinero_0_PnjANK9uTF.html\" target=\"_blank\" title=\"deudas atrasadas, seg\u00fan revel\u00f3 el represnentante de V\u00edctor Figueroa\" alt=\"deudas atrasadas, seg\u00fan revel\u00f3 el represnentante de V\u00edctor Figueroa\" rel=\"noopener noreferrer\">deudas atrasadas, seg\u00fan revel\u00f3 el represnentante de V\u00edctor Figueroa<\/a><\/strong>. <\/p>\n<\/div>\n<p><h2><strong>El video del gol de Vega que vali\u00f3 un t\u00edtulo para Aucas<\/strong><\/h2>\n<\/p>\n<div type=\"embed\" class=\"sc-7ce6049-0 dwIKul\">\n<div class=\"sc-7ce6049-1 bdcBBS videoText\" id=\"contentTitleembed4GvBojAX\" type=\"embed\"><svg fill=\"#ffffff\"><symbol id=\"play\" viewBox=\"0 0 512 512\"><path d=\"M512 256C512 397.4 397.4 512 256 512C114.6 512 0 397.4 0 256C0 114.6 114.6 0 256 0C397.4 0 512 114.6 512 256zM176 168V344C176 352.7 180.7 360.7 188.3 364.9C195.8 369.2 205.1 369 212.5 364.5L356.5 276.5C363.6 272.1 368 264.4 368 256C368 247.6 363.6 239.9 356.5 235.5L212.5 147.5C205.1 142.1 195.8 142.8 188.3 147.1C180.7 151.3 176 159.3 176 168V168z\" \/><\/symbol><use xlink:href=\"#play\" \/><\/svg><\/p>\n<div class=\"right\">\n<p>Aucas<!-- --> &#8211;<!-- --> <span>18-12-2023<\/span><\/p>\n<h2 class=\"title-vid\">El gol del triunfo de Aucas<\/h2>\n<\/div>\n<\/div>\n<p><span class=\"back\" id=\"spanBackembed4GvBojAX\"><\/span><\/div>\n<p><h2><strong>El mensaje completo de Vega<\/strong><\/h2>\n<\/p>\n<div class=\"custom-text \" readability=\"35\">\n<p>Desde el primer d\u00eda que llegu\u00e9 a formar parte de esta linda instituci\u00f3n me promet\u00ed a m\u00ed mismo que llevar\u00eda estos colores con respeto, compromiso y lo dar\u00eda absolutamente todo hasta el \u00faltimo momento.<\/p>\n<\/div>\n<div class=\"custom-text \" readability=\"32\">\n<p>Quien dir\u00eda que ese d\u00eda lleg\u00f3:<\/p>\n<\/div>\n<div class=\"custom-text \" readability=\"38\">\n<p>Quiero empezar agradeciendo desde lo m\u00e1s profundo de mi coraz\u00f3n a toda esa linda hinchada por el apoyo, el amor y la pasi\u00f3n que me han mostrado a lo largo de mi tiempo aqu\u00ed, ha sido un honor vestir estos colores y representarlos a ustedes los hinchas que siempre fueron el motor de este equipo durante cada partido, es un momento agridulce para m\u00ed ya que me veo obligado a despedirme de todos ustedes.<\/p>\n<\/div>\n<div class=\"custom-text \" readability=\"39\">\n<p>Es dif\u00edcil decir adi\u00f3s, especialmente despu\u00e9s de haber vivido momentos tan memorables, es dif\u00edcil entender las decisiones que toma la dirigencia a pesar del esfuerzo, la dedicaci\u00f3n y el compromiso que uno como Jugador Profesional pone en cada partido, en cada entrenamiento y muchas veces hasta fuera de la cancha.<\/p>\n<\/div>\n<div class=\"custom-text \" readability=\"37\">\n<p>Pero a pesar de todo queridos hinchas, su aliento y pasi\u00f3n fueron mi mayor motivaci\u00f3n en el campo, ustedes son el alma de este club y aunque mi tiempo aqu\u00ed termine de manera tan amarga, mi respeto por ustedes y la instituci\u00f3n perdurar\u00e1.<\/p>\n<\/div>\n<div class=\"custom-text \" readability=\"34\">\n<p>Me marcho con la frente en alto, llev\u00e1ndome conmigo los mejores recuerdos y el cari\u00f1o de todos ustedes.<\/p>\n<\/div>\n<div class=\"custom-text \" readability=\"34\">\n<p>Gracias por cada aplauso, por cada gesto de apoyo, por hacerme sentir parte de esta familia.<\/p>\n<\/div>\n<div class=\"custom-text \" readability=\"32\">\n<p>Les deseo lo mejor en el futuro.<\/p>\n<\/div>\n<div class=\"custom-text \" readability=\"36\">\n<p>Seguir\u00e9 adelante con nuevos desaf\u00edos, pero siempre recordar\u00e9 con orgullo el tiempo que pas\u00e9 defendiendo esta camiseta y el apoyo que recib\u00ed de cada uno de ustedes, es un honor para m\u00ed formar parte de la historia de SD AUCAS y la historia no la borra nadie.<\/p>\n<\/div>\n<div class=\"custom-text \" readability=\"32\">\n<p>\u00a1Gracias por todo! Att.- Edison Vega<\/p>\n<\/div>\n<div class=\"sc-a7166897-0 exHLBh\" readability=\"6.5\">\n<section readability=\"3\"><picture><img alt=\"Sorteo de la fase preliminar de la Libertadores 2024: Aucas y El Nacional conocer\u00e1n a su rival\" src=\"http:\/\/hoycordobaweb.com\/wp-content\/uploads\/2023\/12\/edison-vega-se-fue-de-aucas-con-un-duro-mensaje-a-la-dirigencia-3.jpg\" width=\"290\" height=\"290\" decoding=\"async\" data-nimg=\"future\" loading=\"lazy\"><\/picture>\n<p><span>Mir\u00e1 tambi\u00e9n<\/span><\/p>\n<hr>\n<h3>Sorteo de la fase preliminar de la Libertadores 2024: Aucas y El Nacional conocer\u00e1n a su rival<\/h3>\n<\/p>\n<\/section>\n<\/div>\n<div class=\"sc-a7166897-0 exHLBh\" readability=\"7\">\n<section readability=\"4\"><picture><img alt=\"Bombos Libertadores 2024: posibles rivales de Liga de Quito, Independiente del Valle y Barcelona\" src=\"http:\/\/hoycordobaweb.com\/wp-content\/uploads\/2023\/12\/edison-vega-se-fue-de-aucas-con-un-duro-mensaje-a-la-dirigencia-4.jpg\" width=\"290\" height=\"290\" decoding=\"async\" data-nimg=\"future\" loading=\"lazy\"><\/picture>\n<p><span>Mir\u00e1 tambi\u00e9n<\/span><\/p>\n<hr>\n<h3>Bombos Libertadores 2024: posibles rivales de Liga de Quito, Independiente del Valle y Barcelona<\/h3>\n<\/p>\n<\/section>\n<\/div>\n<div class=\"sc-a7166897-0 exHLBh\" readability=\"6.5\">\n<section readability=\"3\"><picture><img alt=\"R\u00f3mulo Otero, a un paso del Santos\" src=\"http:\/\/hoycordobaweb.com\/wp-content\/uploads\/2023\/12\/edison-vega-se-fue-de-aucas-con-un-duro-mensaje-a-la-dirigencia-5.jpg\" width=\"290\" height=\"290\" decoding=\"async\" data-nimg=\"future\" loading=\"lazy\"><\/picture>\n<p><span>Mir\u00e1 tambi\u00e9n<\/span><\/p>\n<hr>\n<h3>R\u00f3mulo Otero, a un paso del Santos<\/h3>\n<\/p>\n<\/section>\n<\/div>\n<div class=\"sc-a7166897-0 exHLBh\" readability=\"6\">\n<section readability=\"2\"><picture><img alt=\"\u00bfSantiago Escobar se va de Aucas?\" src=\"http:\/\/hoycordobaweb.com\/wp-content\/uploads\/2023\/12\/edison-vega-se-fue-de-aucas-con-un-duro-mensaje-a-la-dirigencia-6.jpg\" width=\"290\" height=\"290\" decoding=\"async\" data-nimg=\"future\" loading=\"lazy\"><\/picture>\n<p><span>Mir\u00e1 tambi\u00e9n<\/span><\/p>\n<hr>\n<h3>\u00bfSantiago Escobar se va de Aucas?<\/h3>\n<\/p>\n<\/section>\n<\/div>\n<div class=\"sc-a7166897-0 exHLBh\" readability=\"6.5\">\n<section readability=\"3\"><picture><img alt=\"Bombas del representante de V\u00edctor Figueroa contra Aucas: &quot;Hace doce meses que no cobra y no le atienden el tel\u00e9fono&quot;\" src=\"http:\/\/hoycordobaweb.com\/wp-content\/uploads\/2023\/12\/edison-vega-se-fue-de-aucas-con-un-duro-mensaje-a-la-dirigencia-7.jpg\" width=\"290\" height=\"290\" decoding=\"async\" data-nimg=\"future\" loading=\"lazy\"><\/picture>\n<p><span>Mir\u00e1 tambi\u00e9n<\/span><\/p>\n<hr>\n<h3>Bombas del representante de V\u00edctor Figueroa contra Aucas: \u00abHace doce meses que no cobra y no le atienden el tel\u00e9fono\u00bb<\/h3>\n<\/p>\n<\/section>\n<\/div>\n<div class=\"sc-a7166897-0 exHLBh\" readability=\"6\">\n<section readability=\"2\"><picture><img alt=\"Fecha y hora confirmada para la final de vuelta del campeonato ecuatoriano Sub 17\" src=\"http:\/\/hoycordobaweb.com\/wp-content\/uploads\/2023\/12\/edison-vega-se-fue-de-aucas-con-un-duro-mensaje-a-la-dirigencia-8.jpg\" width=\"290\" height=\"290\" decoding=\"async\" data-nimg=\"future\" loading=\"lazy\"><\/picture>\n<p><span>Mir\u00e1 tambi\u00e9n<\/span><\/p>\n<hr>\n<h3>Fecha y hora confirmada para la final de vuelta del campeonato ecuatoriano Sub 17<\/h3>\n<\/p>\n<\/section>\n<\/div>\n<\/div>\n","protected":false},"excerpt":{"rendered":"<p>18\/12\/2023 23:21hs. Actualizado al 18\/12\/2023 23:43hs. En un d\u00eda movido para Aucas, en el que R\u00f3mulo Otero qued\u00f3 a un paso del Santos de Brasil, en el que est\u00e1 en duda la continuidad de Santiago Escobar y a la expectativa del sorteo de la Copa Libertadores 2024, se conoci\u00f3 una noticia que golpe\u00f3 a los [&hellip;]<\/p>\n","protected":false},"author":1,"featured_media":71460,"comment_status":"open","ping_status":"closed","sticky":false,"template":"","format":"standard","meta":[],"categories":[16],"tags":[],"_links":{"self":[{"href":"http:\/\/hoycordobaweb.com\/index.php\/wp-json\/wp\/v2\/posts\/71459"}],"collection":[{"href":"http:\/\/hoycordobaweb.com\/index.php\/wp-json\/wp\/v2\/posts"}],"about":[{"href":"http:\/\/hoycordobaweb.com\/index.php\/wp-json\/wp\/v2\/types\/post"}],"author":[{"embeddable":true,"href":"http:\/\/hoycordobaweb.com\/index.php\/wp-json\/wp\/v2\/users\/1"}],"replies":[{"embeddable":true,"href":"http:\/\/hoycordobaweb.com\/index.php\/wp-json\/wp\/v2\/comments?post=71459"}],"version-history":[{"count":0,"href":"http:\/\/hoycordobaweb.com\/index.php\/wp-json\/wp\/v2\/posts\/71459\/revisions"}],"wp:featuredmedia":[{"embeddable":true,"href":"http:\/\/hoycordobaweb.com\/index.php\/wp-json\/wp\/v2\/media\/71460"}],"wp:attachment":[{"href":"http:\/\/hoycordobaweb.com\/index.php\/wp-json\/wp\/v2\/media?parent=71459"}],"wp:term":[{"taxonomy":"category","embeddable":true,"href":"http:\/\/hoycordobaweb.com\/index.php\/wp-json\/wp\/v2\/categories?post=71459"},{"taxonomy":"post_tag","embeddable":true,"href":"http:\/\/hoycordobaweb.com\/index.php\/wp-json\/wp\/v2\/tags?post=71459"}],"curies":[{"name":"wp","href":"https:\/\/api.w.org\/{rel}","templated":true}]}}