{"id":71430,"date":"2023-12-18T10:56:00","date_gmt":"2023-12-18T10:56:00","guid":{"rendered":"http:\/\/hoycordobaweb.com\/index.php\/2023\/12\/18\/milei-encabeza-una-nueva-reunion-de-gabinete\/"},"modified":"2023-12-18T10:56:00","modified_gmt":"2023-12-18T10:56:00","slug":"milei-encabeza-una-nueva-reunion-de-gabinete","status":"publish","type":"post","link":"http:\/\/hoycordobaweb.com\/index.php\/2023\/12\/18\/milei-encabeza-una-nueva-reunion-de-gabinete\/","title":{"rendered":"Milei encabeza una nueva reuni\u00f3n de gabinete"},"content":{"rendered":"<p><img src=\"http:\/\/hoycordobaweb.com\/wp-content\/uploads\/2023\/12\/milei-encabeza-una-nueva-reunion-de-gabinete.jpg\"><\/p>\n<figure class=\"mb-3\"><img loading=\"lazy\" data-src=\"http:\/\/hoycordobaweb.com\/wp-content\/uploads\/2023\/12\/milei-encabeza-una-nueva-reunion-de-gabinete-2.jpg\" src=\"https:\/\/www.telam.com.ar\/assets\/img\/not_image.png\" class=\" lazy \" width=\"100%\" height=\"100%\" alt=\"Foto archivo\"><figcaption> Foto: archivo <\/figcaption><\/figure>\n<p>El presidente Javier Milei encabezar\u00e1 este lunes a la ma\u00f1ana una <strong>reuni\u00f3n de gabinete en la Casa Rosada<\/strong>, informaron fuentes oficiales.<\/p>\n<p>El encuentro entre el mandatario y sus ministros est\u00e1 previsto para las 8.30 en el Sal\u00f3n Eva Per\u00f3n de la Casa de Gobierno, y ser\u00e1 la sexta reuni\u00f3n consecutiva del gabinete desde que Milei asumi\u00f3 la primera magistratura.<\/p>\n<p>En tanto a las 11, el vocero presidencial, <strong>Manuel Adorni, ofrecer\u00e1 una nueva conferencia de prensa<\/strong>, tambi\u00e9n la sexta en forma consecutiva desde que est\u00e1 en el cargo.<\/p>\n<p>La conferencia de prensa se har\u00e1, como es habitual, en el Sal\u00f3n de los Pueblos Originarios. <\/p>\n","protected":false},"excerpt":{"rendered":"<p>Foto: archivo El presidente Javier Milei encabezar\u00e1 este lunes a la ma\u00f1ana una reuni\u00f3n de gabinete en la Casa Rosada, informaron fuentes oficiales. El encuentro entre el mandatario y sus ministros est\u00e1 previsto para las 8.30 en el Sal\u00f3n Eva Per\u00f3n de la Casa de Gobierno, y ser\u00e1 la sexta reuni\u00f3n consecutiva del gabinete desde [&hellip;]<\/p>\n","protected":false},"author":1,"featured_media":71431,"comment_status":"open","ping_status":"closed","sticky":false,"template":"","format":"standard","meta":[],"categories":[19],"tags":[],"_links":{"self":[{"href":"http:\/\/hoycordobaweb.com\/index.php\/wp-json\/wp\/v2\/posts\/71430"}],"collection":[{"href":"http:\/\/hoycordobaweb.com\/index.php\/wp-json\/wp\/v2\/posts"}],"about":[{"href":"http:\/\/hoycordobaweb.com\/index.php\/wp-json\/wp\/v2\/types\/post"}],"author":[{"embeddable":true,"href":"http:\/\/hoycordobaweb.com\/index.php\/wp-json\/wp\/v2\/users\/1"}],"replies":[{"embeddable":true,"href":"http:\/\/hoycordobaweb.com\/index.php\/wp-json\/wp\/v2\/comments?post=71430"}],"version-history":[{"count":0,"href":"http:\/\/hoycordobaweb.com\/index.php\/wp-json\/wp\/v2\/posts\/71430\/revisions"}],"wp:featuredmedia":[{"embeddable":true,"href":"http:\/\/hoycordobaweb.com\/index.php\/wp-json\/wp\/v2\/media\/71431"}],"wp:attachment":[{"href":"http:\/\/hoycordobaweb.com\/index.php\/wp-json\/wp\/v2\/media?parent=71430"}],"wp:term":[{"taxonomy":"category","embeddable":true,"href":"http:\/\/hoycordobaweb.com\/index.php\/wp-json\/wp\/v2\/categories?post=71430"},{"taxonomy":"post_tag","embeddable":true,"href":"http:\/\/hoycordobaweb.com\/index.php\/wp-json\/wp\/v2\/tags?post=71430"}],"curies":[{"name":"wp","href":"https:\/\/api.w.org\/{rel}","templated":true}]}}