{"id":71400,"date":"2023-12-17T23:47:00","date_gmt":"2023-12-17T23:47:00","guid":{"rendered":"http:\/\/hoycordobaweb.com\/index.php\/2023\/12\/17\/triunfo-del-oficialismo-en-las-elecciones-legislativas-anticipadas-de-serbia\/"},"modified":"2023-12-17T23:47:00","modified_gmt":"2023-12-17T23:47:00","slug":"triunfo-del-oficialismo-en-las-elecciones-legislativas-anticipadas-de-serbia","status":"publish","type":"post","link":"http:\/\/hoycordobaweb.com\/index.php\/2023\/12\/17\/triunfo-del-oficialismo-en-las-elecciones-legislativas-anticipadas-de-serbia\/","title":{"rendered":"Triunf\u00f3 del oficialismo en las elecciones legislativas anticipadas de Serbia"},"content":{"rendered":"<p><img src=\"http:\/\/hoycordobaweb.com\/wp-content\/uploads\/2023\/12\/triunfo-del-oficialismo-en-las-elecciones-legislativas-anticipadas-de-serbia.jpg\"><\/p>\n<p> El presidente de Serbia, Aleksandar Vucic, reivindic\u00f3 la victoria de su coalici\u00f3n, con m\u00e1s de 46% de los votos, en las elecciones legislativas anticipadas realizadas hoy y que, de confirmarse los resultados parciales, le permitir\u00e1 contar con una mayor\u00eda absoluta en el parlamento.<\/p>\n<div id=\"div_cuerpo\" readability=\"78\"> <strong>\u00abTendremos la mayor\u00eda absoluta con 127 esca\u00f1os\u00bb, asegur\u00f3 Vucic <\/strong>en una conferencia de prensa celebrada una vez ya se hab\u00edan contabilizado el 76% de los votos, en la quinta elecci\u00f3n celebrada en diez a\u00f1os.<\/p>\n<p><strong>El oficialismo hab\u00eda perdido la mayor\u00eda en las elecciones parlamentarias celebradas en 2022.<\/strong><\/p>\n<p>De confirmarse los resultados, la coalici\u00f3n oficialista Serbia No Debe Parar, liderada por el Partido Progresista (SNS, en ingl\u00e9s), ser\u00e1 la principal fuera en la Asamblea Nacional, formada en total por 250 asientos.<\/p>\n<p>Estaban llamados a las urnas 6,5 millones de ciudadanos en unas elecciones que inicialmente estaban previstas para el 2026.<\/p>\n<p>Estaba previsto que el resultado definitivo sea anunciado ma\u00f1ana por la tarde.<\/p>\n<p><strong>La primera ministra, Ana Brnabic, tambi\u00e9n comunic\u00f3 la victoria oficialista.<\/strong><\/p>\n<p>\u00abRepitiendo las palabras del presidente (Vucic), bienvenida la celebraci\u00f3n\u00bb, declar\u00f3 Brnabic en la primera comparecencia tras el cierre de las urnas, antes de subrayar que los datos definitivos no ser\u00e1n muy diferentes de este adelanto, seg\u00fan recoge la cadena serbia B92.<\/p>\n<p>La coalici\u00f3n de Vucic se enfrent\u00f3 a una alianza surgida a partir de las multitudinarias manifestaciones contra la violencia que sacudieron el pa\u00eds en mayo, tras la muerte de 19 personas en dos tiroteos.<\/p>\n<figure class=\"mb-3\"><img loading=\"lazy\" data-src=\"http:\/\/hoycordobaweb.com\/wp-content\/uploads\/2023\/12\/triunfo-del-oficialismo-en-las-elecciones-legislativas-anticipadas-de-serbia-2.jpg\" src=\"https:\/\/www.telam.com.ar\/assets\/img\/not_image.png\" class=\" lazy \" width=\"100%\" height=\"100%\" alt=\"Los comicios de 2022 haban dejado al oficialismo sin la mayora absoluta\"><figcaption> Los comicios de 2022 hab\u00edan dejado al oficialismo sin la mayor\u00eda absoluta <\/figcaption><\/figure>\n<p>Uno de los grandes temas de la campa\u00f1a fue la inflaci\u00f3n, que alcanz\u00f3 los dos d\u00edgitos en este pa\u00eds de los Balcanes y uno de los m\u00e1s pobres de Europa.<\/p>\n<p><strong>La encuesta a boca de urna de CeSID\/IPSOS apunta tambi\u00e9n a una clara victoria de la coalici\u00f3n gubernamental con un 46,6 por ciento de apoyo y 129 representantes, n\u00fameros superiores a los indicados por Vucic.<\/strong><\/p>\n<p><strong>El segundo puesto ser\u00eda para Serbia Contra la Violencia, con un 23 por ciento de votos y 63 asientos, mientras que la coalici\u00f3n que lidera el Partido Socialista Serbio (SPS) lograr\u00eda un 6,9 por ciento y 19 bancas,<\/strong> seg\u00fan la agencia de noticias Europa Press.<\/p>\n<p>Siguen Alternativa Democr\u00e1tica Nacional (NADA) con 4,8 por ciento de votos y 13 lugares, y la lista Dr. Branimir Nestorovic, tambi\u00e9n con un 4,8 por ciento de apoyo y 13 esca\u00f1os.<\/p>\n<p>Por detr\u00e1s se ubican fuerzas minoritarias.<\/p>\n<p>En tanto, Brnabic se refiri\u00f3 a las acusaciones de fraude de la oposici\u00f3n como \u00abfalsedades, noticias falsas\u00bb.<\/p>\n<p>\u00abTodo con el objetivo de generar una atm\u00f3sfera propicia para el caos\u00bb, indic\u00f3.<\/p>\n<\/div>\n","protected":false},"excerpt":{"rendered":"<p>El presidente de Serbia, Aleksandar Vucic, reivindic\u00f3 la victoria de su coalici\u00f3n, con m\u00e1s de 46% de los votos, en las elecciones legislativas anticipadas realizadas hoy y que, de confirmarse los resultados parciales, le permitir\u00e1 contar con una mayor\u00eda absoluta en el parlamento. \u00abTendremos la mayor\u00eda absoluta con 127 esca\u00f1os\u00bb, asegur\u00f3 Vucic en una conferencia [&hellip;]<\/p>\n","protected":false},"author":1,"featured_media":71401,"comment_status":"open","ping_status":"closed","sticky":false,"template":"","format":"standard","meta":[],"categories":[24],"tags":[],"_links":{"self":[{"href":"http:\/\/hoycordobaweb.com\/index.php\/wp-json\/wp\/v2\/posts\/71400"}],"collection":[{"href":"http:\/\/hoycordobaweb.com\/index.php\/wp-json\/wp\/v2\/posts"}],"about":[{"href":"http:\/\/hoycordobaweb.com\/index.php\/wp-json\/wp\/v2\/types\/post"}],"author":[{"embeddable":true,"href":"http:\/\/hoycordobaweb.com\/index.php\/wp-json\/wp\/v2\/users\/1"}],"replies":[{"embeddable":true,"href":"http:\/\/hoycordobaweb.com\/index.php\/wp-json\/wp\/v2\/comments?post=71400"}],"version-history":[{"count":0,"href":"http:\/\/hoycordobaweb.com\/index.php\/wp-json\/wp\/v2\/posts\/71400\/revisions"}],"wp:featuredmedia":[{"embeddable":true,"href":"http:\/\/hoycordobaweb.com\/index.php\/wp-json\/wp\/v2\/media\/71401"}],"wp:attachment":[{"href":"http:\/\/hoycordobaweb.com\/index.php\/wp-json\/wp\/v2\/media?parent=71400"}],"wp:term":[{"taxonomy":"category","embeddable":true,"href":"http:\/\/hoycordobaweb.com\/index.php\/wp-json\/wp\/v2\/categories?post=71400"},{"taxonomy":"post_tag","embeddable":true,"href":"http:\/\/hoycordobaweb.com\/index.php\/wp-json\/wp\/v2\/tags?post=71400"}],"curies":[{"name":"wp","href":"https:\/\/api.w.org\/{rel}","templated":true}]}}