{"id":71303,"date":"2023-12-15T12:12:11","date_gmt":"2023-12-15T12:12:11","guid":{"rendered":"https:\/\/ladecimaweb.com\/?p=23268"},"modified":"2023-12-15T12:12:11","modified_gmt":"2023-12-15T12:12:11","slug":"tiene-14-anos-el-presunto-autor-del-brutal-crimen-de-un-motociclista","status":"publish","type":"post","link":"http:\/\/hoycordobaweb.com\/index.php\/2023\/12\/15\/tiene-14-anos-el-presunto-autor-del-brutal-crimen-de-un-motociclista\/","title":{"rendered":"Tiene 14 a\u00f1os el presunto autor del brutal crimen de un motociclista"},"content":{"rendered":"<div class=\"boldgrid-section\">\n<div class=\"container\">\n<div class=\"row\">\n<div class=\"col-md-12 col-xs-12 col-sm-12\">\n<p><strong>(NA) Detuvieron a dos j\u00f3venes por el<span>&nbsp;<\/span><\/strong><a href=\"https:\/\/noticiasargentinas.com\/sociedad\/brutal-crimen-en-quilmes--un-motochorro-mato-a-un-hombre-para-robarle-la-moto-a-la-vista-de-todos_a657ba03cab45417e045a73eb\"><strong>brutal crimen del hombre de 49 a\u00f1os en Quilmes<\/strong><\/a><span>&nbsp;<\/span>durante un robo en plena luz de d\u00eda y con decena de testigos en la escena.<\/p>\n<p class=\"\">Se tratan de dos j\u00f3venes, uno de ellos menor de edad, que habr\u00eda sido qui\u00e9n asesin\u00f3 de un tiro en el pecho a<span>&nbsp;<\/span><strong>H\u00e9ctor Dami\u00e1n Costa<span>&nbsp;<\/span><\/strong>cuando quiso defenderse y evitar el robo de su moto.<\/p>\n<p>Las detenciones ocurrieron en la noche de ayer en<strong><span>&nbsp;<\/span>Villa Itat\u00ed de Quilmes tras la recopilaci\u00f3n de testimonios y la pericia de im\u00e1genes.&nbsp;<\/strong><\/p>\n<p>El primero de los capturados fue identificado<span>&nbsp;<\/span><span>como&nbsp;<\/span><strong>Alexis Meza<\/strong><span><strong>, de 18 a\u00f1os,&nbsp;<\/strong>mientras que el otro joven tiene<\/span><strong><span>&nbsp;<\/span><\/strong>14.<strong><span>&nbsp;<\/span>Por su edad es inimputable.<\/strong><\/p>\n<p class=\"\">Este \u00faltimo tiene<strong><span>&nbsp;<\/span>antecedentes por robo de motos<\/strong><span>&nbsp;<\/span>y por los videos del crimen<strong><span>&nbsp;<\/span>habr\u00eda sido qui\u00e9n le dispar\u00f3 a la v\u00edctima y le ocasion\u00f3 la muerte.&nbsp;<\/strong><\/p>\n<p>El estremecedor hecho se produjo en la tarde del jueves<span>&nbsp;<\/span><span>en la&nbsp;<strong>avenida Calchaqu\u00ed y Jujuy&nbsp;<\/strong>cuando Costa se encontraba arriba de su&nbsp;<strong>Honda Tornado blanca.<\/strong>&nbsp;All\u00ed fue sorprendido por motochorros que a punta de pistola lo obligaron a bajarse.<\/span><\/p>\n<p><span>Mientras el chico de 14 a\u00f1os intentaba levantar la moto en cuesti\u00f3n y darse a la fuga con su c\u00f3mplice, la v\u00edctima&nbsp;<strong>decide pegarle con el casco al adolescente<\/strong>&nbsp;y es en ese momento cuando le pega un tiro en la<strong>&nbsp;zona del torax.<\/strong><\/span><\/p>\n<p><span>Cuando los dos ladrones se escapan, Costa se recuesta sobre el suelo y de forma inmediata&nbsp;<strong>recibe ayuda por parte de varios vecinos y pasajeros de la l\u00ednea de colectivo 148<\/strong>&nbsp;que presenciaron la escena.<\/span><\/p>\n<p class=\"\"><span>Aun as\u00ed, a pesar de la r\u00e1pida llegada del SAME al lugar,<strong>&nbsp;minutos despu\u00e9s de las 18.00 falleci\u00f3 en el hospital.&nbsp;<\/strong><\/span><\/p>\n<p>&nbsp;<\/p>\n<div class=\"ubm_banner\"><a href=\"http:\/\/www.cba.gov.ar\/prevencion-incendios\" target=\"_blank\" rel=\"dofollow noopener noreferrer\"><img src=\"http:\/\/hoycordobaweb.com\/wp-content\/uploads\/2023\/12\/tiene-14-anos-el-presunto-autor-del-brutal-crimen-de-un-motociclista.gif\" alt=\"\"><\/a><\/div>\n<\/div>\n<\/div>\n<\/div>\n<\/div>\n<p>La entrada <a rel=\"nofollow\" href=\"https:\/\/ladecimaweb.com\/tiene-14-anos-el-presunto-autor-del-brutal-crimen-de-un-motociclista\/\">Tiene 14 a\u00f1os el presunto autor del brutal crimen de un motociclista<\/a> se public\u00f3 primero en <a rel=\"nofollow\" href=\"https:\/\/ladecimaweb.com\">LaDecima<\/a>.<\/p>\n","protected":false},"excerpt":{"rendered":"<p>(NA) Detuvieron a dos j\u00f3venes por el&nbsp;brutal crimen del hombre de 49 a\u00f1os en Quilmes&nbsp;durante un robo en plena luz de d\u00eda y con decena de testigos en la escena. Se tratan de dos j\u00f3venes, uno de ellos menor de edad, que habr\u00eda sido qui\u00e9n asesin\u00f3 de un tiro en el pecho a&nbsp;H\u00e9ctor Dami\u00e1n Costa&nbsp;cuando [&hellip;]<\/p>\n","protected":false},"author":1,"featured_media":71304,"comment_status":"closed","ping_status":"closed","sticky":false,"template":"","format":"standard","meta":[],"categories":[19],"tags":[],"_links":{"self":[{"href":"http:\/\/hoycordobaweb.com\/index.php\/wp-json\/wp\/v2\/posts\/71303"}],"collection":[{"href":"http:\/\/hoycordobaweb.com\/index.php\/wp-json\/wp\/v2\/posts"}],"about":[{"href":"http:\/\/hoycordobaweb.com\/index.php\/wp-json\/wp\/v2\/types\/post"}],"author":[{"embeddable":true,"href":"http:\/\/hoycordobaweb.com\/index.php\/wp-json\/wp\/v2\/users\/1"}],"replies":[{"embeddable":true,"href":"http:\/\/hoycordobaweb.com\/index.php\/wp-json\/wp\/v2\/comments?post=71303"}],"version-history":[{"count":0,"href":"http:\/\/hoycordobaweb.com\/index.php\/wp-json\/wp\/v2\/posts\/71303\/revisions"}],"wp:featuredmedia":[{"embeddable":true,"href":"http:\/\/hoycordobaweb.com\/index.php\/wp-json\/wp\/v2\/media\/71304"}],"wp:attachment":[{"href":"http:\/\/hoycordobaweb.com\/index.php\/wp-json\/wp\/v2\/media?parent=71303"}],"wp:term":[{"taxonomy":"category","embeddable":true,"href":"http:\/\/hoycordobaweb.com\/index.php\/wp-json\/wp\/v2\/categories?post=71303"},{"taxonomy":"post_tag","embeddable":true,"href":"http:\/\/hoycordobaweb.com\/index.php\/wp-json\/wp\/v2\/tags?post=71303"}],"curies":[{"name":"wp","href":"https:\/\/api.w.org\/{rel}","templated":true}]}}