{"id":71265,"date":"2023-12-15T00:23:30","date_gmt":"2023-12-15T00:23:30","guid":{"rendered":"https:\/\/www.ole.com.ar\/futbol-internacional\/europa-league\/video-rennes-festejaba-arbitro-advirtio-falta-clara-nadie-vio_0_NVqU0vvWIH.html"},"modified":"2023-12-15T00:23:30","modified_gmt":"2023-12-15T00:23:30","slug":"video-el-rennes-festejaba-hasta-que-el-arbitro-advirtio-una-falta-clara-que-nadie-vio","status":"publish","type":"post","link":"http:\/\/hoycordobaweb.com\/index.php\/2023\/12\/15\/video-el-rennes-festejaba-hasta-que-el-arbitro-advirtio-una-falta-clara-que-nadie-vio\/","title":{"rendered":"Video: el Rennes festejaba hasta que el \u00e1rbitro advirti\u00f3 una falta clara que nadie vio"},"content":{"rendered":"<p><img src=\"http:\/\/hoycordobaweb.com\/wp-content\/uploads\/2023\/12\/video-el-rennes-festejaba-hasta-que-el-arbitro-advirtio-una-falta-clara-que-nadie-vio.jpg\"><\/p>\n<div><img src=\"http:\/\/hoycordobaweb.com\/wp-content\/uploads\/2023\/12\/video-el-rennes-festejaba-hasta-que-el-arbitro-advirtio-una-falta-clara-que-nadie-vio.jpg\" class=\"ff-og-image-inserted\"><\/div>\n<div readability=\"35.238095238095\">\n<p>El <strong><a href=\"https:\/\/www.ole.com.ar\/tema\/rennes.html\" title=\"Rennes\" alt=\"Rennes\" class=\"slug\">Rennes <\/a><\/strong>y el <a href=\"https:\/\/www.ole.com.ar\/tema\/villarreal.html\" title=\"Villarreal\" alt=\"Villarreal\" class=\"slug\">Villarreal <\/a>dirim\u00edan qui\u00e9n se clasificaba primero en el grupo de <a href=\"https:\/\/www.ole.com.ar\/tema\/uefa-europa-league.html\" title=\"UEFA Europa League\" alt=\"UEFA Europa League\" class=\"slug\">Europa League<\/a>, algo clave porque aporta el pase a octavos de final mientras que el segundo le tocaba ir a una eliminatoria contra el tercero de la fase de grupos de la Champions League. Ganaban los espa\u00f1oles, por 3 a 2 de visitante, <strong>hasta que en el und\u00e9cimo minuto de descuento hubo un tiro libre para los franceses. <\/strong><\/p>\n<\/div>\n<div readability=\"42\">\n<p>Pate\u00f3 Le Fee y la pelota peg\u00f3 en el travesa\u00f1o. El bal\u00f3n fue recogido por el mismo volante, quien continu\u00f3 la jugada, hubo rebotes y un centro termin\u00f3 en gol de Assignon. As\u00ed, con el empate, los galos disfrutaban del primer lugar.<strong> Pero el refer\u00ed turco Karoaglan en unos segundos advirti\u00f3 algo: Le Fee hab\u00eda vuelto a tocar la pelota sin que el bal\u00f3n tuviera contacto con otro futbolista.<\/strong> Por lo tanto, no hab\u00eda nada que interpretar:<strong> gol anulado y tiro libre para el Villarreal<\/strong>, y para la desaz\u00f3n de todos los hinchas en el estadio Roazhon Park, a los que les cost\u00f3 entender qu\u00e9 hab\u00eda ocurrido.<\/p>\n<\/div>\n<div readability=\"34\">\n<p>En el Villarreal fue titular el argentino Juan Foyth, quien sali\u00f3 lesionado al arrancar el segundo tiempo. <\/p>\n<\/div>\n<div readability=\"34\">\n<p>Durante el partido s\u00ed hubo una pol\u00e9mica: el juez del VAR llam\u00f3 a Karoaglan para observar en el monitor una agresi\u00f3n a Baena, del Submarino. Pero no cobr\u00f3 penal&#8230;<\/p>\n<\/div>\n","protected":false},"excerpt":{"rendered":"<p>El Rennes y el Villarreal dirim\u00edan qui\u00e9n se clasificaba primero en el grupo de Europa League, algo clave porque aporta el pase a octavos de final mientras que el segundo le tocaba ir a una eliminatoria contra el tercero de la fase de grupos de la Champions League. Ganaban los espa\u00f1oles, por 3 a 2 [&hellip;]<\/p>\n","protected":false},"author":1,"featured_media":71266,"comment_status":"open","ping_status":"closed","sticky":false,"template":"","format":"standard","meta":[],"categories":[16],"tags":[],"_links":{"self":[{"href":"http:\/\/hoycordobaweb.com\/index.php\/wp-json\/wp\/v2\/posts\/71265"}],"collection":[{"href":"http:\/\/hoycordobaweb.com\/index.php\/wp-json\/wp\/v2\/posts"}],"about":[{"href":"http:\/\/hoycordobaweb.com\/index.php\/wp-json\/wp\/v2\/types\/post"}],"author":[{"embeddable":true,"href":"http:\/\/hoycordobaweb.com\/index.php\/wp-json\/wp\/v2\/users\/1"}],"replies":[{"embeddable":true,"href":"http:\/\/hoycordobaweb.com\/index.php\/wp-json\/wp\/v2\/comments?post=71265"}],"version-history":[{"count":0,"href":"http:\/\/hoycordobaweb.com\/index.php\/wp-json\/wp\/v2\/posts\/71265\/revisions"}],"wp:featuredmedia":[{"embeddable":true,"href":"http:\/\/hoycordobaweb.com\/index.php\/wp-json\/wp\/v2\/media\/71266"}],"wp:attachment":[{"href":"http:\/\/hoycordobaweb.com\/index.php\/wp-json\/wp\/v2\/media?parent=71265"}],"wp:term":[{"taxonomy":"category","embeddable":true,"href":"http:\/\/hoycordobaweb.com\/index.php\/wp-json\/wp\/v2\/categories?post=71265"},{"taxonomy":"post_tag","embeddable":true,"href":"http:\/\/hoycordobaweb.com\/index.php\/wp-json\/wp\/v2\/tags?post=71265"}],"curies":[{"name":"wp","href":"https:\/\/api.w.org\/{rel}","templated":true}]}}