{"id":71251,"date":"2023-12-14T21:10:35","date_gmt":"2023-12-14T21:10:35","guid":{"rendered":"https:\/\/ladecimaweb.com\/?p=23234"},"modified":"2023-12-14T21:10:35","modified_gmt":"2023-12-14T21:10:35","slug":"hay-organizaciones-piqueteras-que-se-abusan-de-los-companeros-dice-una-referente-social-de-villa-el-libertador","status":"publish","type":"post","link":"http:\/\/hoycordobaweb.com\/index.php\/2023\/12\/14\/hay-organizaciones-piqueteras-que-se-abusan-de-los-companeros-dice-una-referente-social-de-villa-el-libertador\/","title":{"rendered":"\u201cHay organizaciones piqueteras que se abusan de los compa\u00f1eros\u201d, dice una referente social de Villa El Libertador"},"content":{"rendered":"<div class=\"boldgrid-section\">\n<div class=\"container\">\n<div class=\"row\">\n<div class=\"col-md-12 col-xs-12 col-sm-12\">\n<p class=\"\"><strong>&nbsp;<em>Una referente cooperativista de Villa El Libertador cuestiona el accionar de organizaciones que usan las marchas como un fin en s\u00ed mismo. &#8220;La gente no sabe por qu\u00e9 van a la calle&#8221;, denuncia.&nbsp;<\/em><\/strong><\/p>\n<p class=\"\">Sandra Almada es una militante peronista de Villa El Libertador que acaba de ser designada al frente del Centro de Participaci\u00f3n Comunal 6 Villa El Libertador.&nbsp;<\/p>\n<p class=\"\">Almada a su vez es integrante del \u201cMovimiento Octubre\u201d, una cooperativa textil con merenderos, roperos populares y comedores en calles Gobernaci\u00f3n y Caracas en el barrio. .<\/p>\n<p class=\"\">A nivel nacional, Octubre est\u00e1 alineado a UTEP, de tendencia nacional y popular y que entre los l\u00edderes tiene a Juan Grabois. En el balotaje presidencial, la organizaci\u00f3n apoy\u00f3 la candidatura de Sergio Massa.<\/p>\n<p class=\"\">Almada aclara que en C\u00f3rdoba se declararon neutrales porque la Provincia \u201ces muy especial\u201d, es decir es el coraz\u00f3n del antikirchnerismo en Argentina. Y adem\u00e1s porque el presidente del PJ y gobernador, Juan Schiaretti, se pronunci\u00f3 en contra de la candidatura de Massa.<\/p>\n<p>En su cooperativa textil trabajan 82 personas que est\u00e1n bajo el programa nacional de Potenciar Trabajo. Cobran 70 mil pesos y contraprestan 15 horas semanales.<\/p>\n<p class=\"\">Almada admite estar expectante con los nuevos anuncios de Milei, que podr\u00edan suponer recortes a los planes. Pero aclara que su organizaci\u00f3n no usa a la gente.<\/p>\n<p class=\"\">La ahora funcionaria fue entrevistada para la edici\u00f3n del peri\u00f3dico La D\u00e9cima de diciembre, pero sus afirmaciones recobran actualidad ahora que la ministra de Seguridad Patricia Bullrich anunci\u00f3 un &#8220;Protocolo Antipiquetes&#8221; que establece sanciones para quienes corten las calles para protestar. Almada dice ser &#8220;enemiga de llevar ni\u00f1os a las marchas&#8221;. Justamente Bullrich, dijo que denunciar\u00e1n a las madres que usen a los menores como &#8220;escudos humanos&#8221;.&nbsp;<\/p>\n<p class=\"\"><strong>\u00bfNo sos partidaria del corte de calle? <\/strong><\/p>\n<p class=\"\">Estar todos los d\u00edas en la calle, no. Si hay que movilizar por un recorte de alimentos, saldremos. Pero no somos de estar en la calle continuamente. Preferimos hacer una actividad con los compa\u00f1eros y que se capaciten, <strong>no sirve de nada llevar la gente a la calle si no saben por qu\u00e9 van. Si van por cuenta de ellos, perfecto. <\/strong>Somos enemigos de las marchas, de llevar a los ni\u00f1os, que deben estar en el colegio.<\/p>\n<p class=\"\"><strong>\u00bfQu\u00e9 opinas de la acusaci\u00f3n del gobierno de terminar con los \u201cintermediarios\u201d de los planes? <\/strong><\/p>\n<p class=\"\">Ten\u00e9s organizaciones que s\u00ed se aprovechan de los compa\u00f1eros, que le sacan las tarjetas o se abusan con lo que le cobran, algunos presionan si no pagan y si no van a la marcha le cobran multas. Si hubiera trabajo, hoy no existir\u00edan las organizaciones, los merenderos ni nada. Hay que respetar a los compa\u00f1eros, tratarlos como un par, y no abusar de ellos. Hay organizaciones que los tienen 30 horas semanales, pero por miedo de perder lo poco que cobra se deja maltratar con las horas y amenazas.<\/p>\n<p><strong>&nbsp;<\/strong><strong>\u00bfEntend\u00e9s el resultado de las urnas? \u00bfVes un deterioro social general?<\/strong><\/p>\n<p class=\"\">Si bien mi organizaci\u00f3n a nivel nacional apoy\u00f3 a Massa, ac\u00e1 ten\u00edamos la org\u00e1nica de ser neutros porque C\u00f3rdoba es especial. La gente necesitaba un cambio. Ya pas\u00f3 con Macri. En este caso pas\u00f3 lo mismo. Se necesita un aire nuevo. Para que este pa\u00eds salga adelante necesitamos de ocho a diez a\u00f1os. Ojal\u00e1 le vaya bien a Milei, porque si le va bien, le ir\u00e1 bien a todos. El pueblo eligi\u00f3 a Milei y hay que apoyarlo, compartamos o no su ideolog\u00eda pol\u00edtica.<\/p>\n<p class=\"\"><strong>&nbsp;<\/strong><strong>Pero Eduardo Belligoni, el l\u00edder del Partido Obrero, apuesta a que le vaya mal. \u00bfQu\u00e9 opinas?<\/strong><\/p>\n<p class=\"\">Nos ir\u00eda mal si cortar\u00eda todos los planes. Si bien nos puede perjudicar, cuando al Polo Obrero le ofrecieron herramientas cuando ped\u00edan un mill\u00f3n de puestos de trabajo, dijeron que no. En nuestro caso recibimos las herramientas y nos capacitamos; hoy podemos hacer tres mil mochilas Paicor gracias a esas herramientas. Hemos recibidos m\u00e1quinas (de coser) e insumos para trabajar.<\/p>\n<p>Seguro habr\u00e1 recorte, pero quiz\u00e1 haya mucha gente que est\u00e9 cobrando cuando no lo merece. Me molestar\u00eda que se lo saquen a quien lo necesita y que trabaja.<\/p>\n<p class=\"\"><strong>&nbsp;<\/strong><strong>\u00bfTe duelen cuando los llaman \u201cplaneros\u201d?<\/strong><\/p>\n<p class=\"\">Nosotros nos sentimos orgullosos porque demostramos que no somos planeros y s\u00ed trabajamos. Trabajamos en los colegios y centros de salud con cuadrillas y demostramos que no somos planeros, que los compa\u00f1eros saben trabajar y se prepararon. Hay chicas que saben hacer revoques, arreglan techos, ca\u00f1os. Aprendieron oficios; electricidad, gasista, plomer\u00eda. Esto nos enorgullece.<\/p>\n<p class=\"\">&nbsp;<\/p>\n<p class=\"\">\n<div class=\"ubm_banner\"><a href=\"http:\/\/www.cba.gov.ar\/prevencion-incendios\" target=\"_blank\" rel=\"dofollow noopener noreferrer\"><img src=\"http:\/\/hoycordobaweb.com\/wp-content\/uploads\/2023\/12\/hay-organizaciones-piqueteras-que-se-abusan-de-los-companeros-dice-una-referente-social-de-villa-el-libertador.gif\" alt=\"\"><\/a><\/div>\n<p>&nbsp;<\/p>\n<p>&nbsp;<\/p>\n<p>&nbsp;<\/p>\n<p>&nbsp;<\/p>\n<p>&nbsp;<\/p>\n<p>&nbsp;<\/p>\n<p>&nbsp;<\/p>\n<\/div>\n<\/div>\n<\/div>\n<\/div>\n<p>La entrada <a rel=\"nofollow\" href=\"https:\/\/ladecimaweb.com\/hay-organizaciones-piqueteras-que-se-abusan-de-los-companeros\/\">\u201cHay organizaciones piqueteras que se abusan de los compa\u00f1eros\u201d, dice una referente social de Villa El Libertador<\/a> se public\u00f3 primero en <a rel=\"nofollow\" href=\"https:\/\/ladecimaweb.com\">LaDecima<\/a>.<\/p>\n","protected":false},"excerpt":{"rendered":"<p>&nbsp;Una referente cooperativista de Villa El Libertador cuestiona el accionar de organizaciones que usan las marchas como un fin en s\u00ed mismo. &#8220;La gente no sabe por qu\u00e9 van a la calle&#8221;, denuncia.&nbsp; Sandra Almada es una militante peronista de Villa El Libertador que acaba de ser designada al frente del Centro de Participaci\u00f3n Comunal [&hellip;]<\/p>\n","protected":false},"author":1,"featured_media":71252,"comment_status":"closed","ping_status":"closed","sticky":false,"template":"","format":"standard","meta":[],"categories":[19],"tags":[],"_links":{"self":[{"href":"http:\/\/hoycordobaweb.com\/index.php\/wp-json\/wp\/v2\/posts\/71251"}],"collection":[{"href":"http:\/\/hoycordobaweb.com\/index.php\/wp-json\/wp\/v2\/posts"}],"about":[{"href":"http:\/\/hoycordobaweb.com\/index.php\/wp-json\/wp\/v2\/types\/post"}],"author":[{"embeddable":true,"href":"http:\/\/hoycordobaweb.com\/index.php\/wp-json\/wp\/v2\/users\/1"}],"replies":[{"embeddable":true,"href":"http:\/\/hoycordobaweb.com\/index.php\/wp-json\/wp\/v2\/comments?post=71251"}],"version-history":[{"count":0,"href":"http:\/\/hoycordobaweb.com\/index.php\/wp-json\/wp\/v2\/posts\/71251\/revisions"}],"wp:featuredmedia":[{"embeddable":true,"href":"http:\/\/hoycordobaweb.com\/index.php\/wp-json\/wp\/v2\/media\/71252"}],"wp:attachment":[{"href":"http:\/\/hoycordobaweb.com\/index.php\/wp-json\/wp\/v2\/media?parent=71251"}],"wp:term":[{"taxonomy":"category","embeddable":true,"href":"http:\/\/hoycordobaweb.com\/index.php\/wp-json\/wp\/v2\/categories?post=71251"},{"taxonomy":"post_tag","embeddable":true,"href":"http:\/\/hoycordobaweb.com\/index.php\/wp-json\/wp\/v2\/tags?post=71251"}],"curies":[{"name":"wp","href":"https:\/\/api.w.org\/{rel}","templated":true}]}}