{"id":71154,"date":"2023-12-13T03:01:21","date_gmt":"2023-12-13T03:01:21","guid":{"rendered":"https:\/\/www.ole.com.ar\/futbol-ascenso\/liniers-italiano-ascendieron_0_c2TVs6xcQf.html"},"modified":"2023-12-13T03:01:21","modified_gmt":"2023-12-13T03:01:21","slug":"liniers-e-italiano-tambien-ascendieron","status":"publish","type":"post","link":"http:\/\/hoycordobaweb.com\/index.php\/2023\/12\/13\/liniers-e-italiano-tambien-ascendieron\/","title":{"rendered":"Liniers e Italiano tambi\u00e9n ascendieron"},"content":{"rendered":"<p><img src=\"http:\/\/hoycordobaweb.com\/wp-content\/uploads\/2023\/12\/liniers-e-italiano-tambien-ascendieron.jpg\"><\/p>\n<p><time class=\"createDate\" datetime=\"2023-12-13T00:01:21-03:00\">13\/12\/2023 00:01hs.<\/time><time class=\"modificatedDate\" datetime=\"2023-12-13T00:01:21-03:00\"><\/time><\/p>\n<div id=\"storyBody\">\n<div class=\"custom-text \" readability=\"36.532188841202\">\n<p>Luego del triunfo de San Miguel, ante Douglas Haig, en la definici\u00f3n por penales, adem\u00e1s del pase del equipo de Sapo Coleoni a la PN tambi\u00e9n se resolvieron los<strong> de Liniers y Sportivo Italiano, a la <a href=\"https:\/\/www.ole.com.ar\/futbol-ascenso\/primera-b?gad_source=1&amp;gclid=CjwKCAiAjrarBhAWEiwA2qWdCKnLMesNOb-5-LlYo6Y23fzSyFM3lZ8X8x6oKJLjuSlbhNLCHE6-1hoCdqkQAvD_BwE\" target=\"_self\" title=\"Primera B\" alt=\"Primera B\" rel=\"noopener noreferrer\">Primera B<\/a>. \u00bfC\u00f3mo? Por partes\u2026<\/strong><\/p>\n<\/div>\n<p><h2><strong>\u00bfPor qu\u00e9 hubo dos ascensos m\u00e1s a la B?<\/strong>\ufeff<\/h2>\n<\/p>\n<div class=\"custom-text \" readability=\"41\">\n<p>Todo surge de la determinaci\u00f3n que tom\u00f3 la AFA all\u00e1 por enero, cuando decidi\u00f3 que la C y la D se unificar\u00e1n en el 2024 y por ende la B pasar\u00e1 a estar compuesta por 22 equipos. Ante esto, de los 17 actuales, quedaron 15 por el ascenso de Talleres de Escalada y el descenso de Ituzaing\u00f3.<strong> Si se suman los cuatro que subieron de la C (San Mart\u00edn de Burzaco, Laferrere, Excursionistas y Midland) y los dos que bajaron de la PN (Flandria y Dalmine) ser\u00edan 21. Entonces, Liniers (cay\u00f3 en la final del Reducido ante el Fune) peg\u00f3 el salto para ser el 22. Y hay m\u00e1s\u2026<\/strong><\/p>\n<\/div>\n<div class=\"custom-text \" readability=\"36\">\n<p>San Miguel tambi\u00e9n dej\u00f3 la categor\u00eda, al superar a un equipo del Federal A (Douglas).<strong> Es decir que all\u00ed se le hizo un lugar en la PB a Italiano, el que sigue en la tabla anual despu\u00e9s de los cinco mencionados.<\/strong><\/p>\n<\/div>\n<div class=\"sc-e7b891c4-0 jPbnQF\"><img alt=\"El bolt\u00edn de la AFA.\" src=\"http:\/\/hoycordobaweb.com\/wp-content\/uploads\/2023\/12\/liniers-e-italiano-tambien-ascendieron-2.jpg\" width=\"720\" height=\"100\" decoding=\"async\" data-nimg=\"future\" loading=\"lazy\"><span class=\"epigraphe\">El bolt\u00edn de la AFA.<\/span><\/div>\n<p><h2><strong>\u00bfQue dice el bolet\u00edn de AFA?<\/strong><\/h2>\n<\/p>\n<div class=\"custom-text \" readability=\"38.300653594771\">\n<p>\u201c<strong>A partir de la Temporada 2024 la Categor\u00eda Primera B Metropolitana se integrar\u00e1 con veintid\u00f3s (22) equipos. A tal efecto, para esta integraci\u00f3n, se tendr\u00e1n en cuenta los Descensos (de Clubes directamente afiliados) desde la Categor\u00eda <a href=\"https:\/\/www.ole.com.ar\/tema\/primera-nacional.html\" target=\"_self\" title=\"Primera Nacional,\" alt=\"Primera Nacional,\" rel=\"noopener noreferrer\">Primera Nacional,<\/a> como as\u00ed los Ascensos desde la Categor\u00eda Primera B Metropolitana a la Categor\u00eda Primera Nacional; lo cual permitir\u00e1 considerar la cantidad de equipos de la Categor\u00eda <a href=\"https:\/\/www.ole.com.ar\/futbol-ascenso\/primera-c?page=3&amp;gad_source=1&amp;gclid=CjwKCAiAjrarBhAWEiwA2qWdCL-WtI6wreDqcAB4nRRRffk892DBEXpGQduWgPyEqxZhwyy-XvqBkRoCBosQAvD_BwE\" target=\"_self\" title=\"Primera C\" alt=\"Primera C\" rel=\"noopener noreferrer\">Primera C<\/a> requeridos para obtener la cantidad de veintid\u00f3s (22) equipos mencionada con antelaci\u00f3n<\/strong>\u201d, sostiene la AFA en el bolet\u00edn n\u00famero 6221, fechado el 4 de enero del 2023.<\/p>\n<\/div>\n<div class=\"custom-text \" readability=\"36\">\n<p> Todo esto ya fue oficializado. De hecho, Claudio Tapia, presidente de la AFA, ya felicit\u00f3 tanto a Italiano como a Liniers por el ascenso&#8230;<\/p>\n<\/div>\n<div class=\"custom-text \" readability=\"33\">\n<p>Realidad: cada vez m\u00e1s equipos por categor\u00eda, en contra de la tendencia mundial&#8230;<\/p>\n<\/div>\n<div class=\"sc-a7166897-0 exHLBh\" readability=\"7.5\">\n<section readability=\"5\"><picture><img alt=\"San Miguel, en una incre\u00edble definici\u00f3n por penales, ascendi\u00f3 a la Primera Nacional tras 22 a\u00f1os\" src=\"http:\/\/hoycordobaweb.com\/wp-content\/uploads\/2023\/12\/liniers-e-italiano-tambien-ascendieron-3.jpg\" width=\"290\" height=\"290\" decoding=\"async\" data-nimg=\"future\" loading=\"lazy\"><\/picture>\n<p><span>Mir\u00e1 tambi\u00e9n<\/span><\/p>\n<hr>\n<h3>San Miguel, en una incre\u00edble definici\u00f3n por penales, ascendi\u00f3 a la Primera Nacional tras 22 a\u00f1os<\/h3>\n<\/p>\n<\/section>\n<\/div>\n<div class=\"sc-a7166897-0 exHLBh\" readability=\"6\">\n<section readability=\"2\"><picture><img alt=\"El Trofeo de Campeones fue para V\u00e9lez\" src=\"http:\/\/hoycordobaweb.com\/wp-content\/uploads\/2023\/12\/liniers-e-italiano-tambien-ascendieron-4.jpg\" width=\"290\" height=\"290\" decoding=\"async\" data-nimg=\"future\" loading=\"lazy\"><\/picture>\n<p><span>Mir\u00e1 tambi\u00e9n<\/span><\/p>\n<hr>\n<h3>El Trofeo de Campeones fue para V\u00e9lez<\/h3>\n<\/p>\n<\/section>\n<\/div>\n<div class=\"sc-a7166897-0 exHLBh\" readability=\"6\">\n<section readability=\"2\"><picture><img alt=\"La rom\u00e1ntica foto de Messi y Anto en una tribuna\" src=\"http:\/\/hoycordobaweb.com\/wp-content\/uploads\/2023\/12\/liniers-e-italiano-tambien-ascendieron-5.jpg\" width=\"290\" height=\"290\" decoding=\"async\" data-nimg=\"future\" loading=\"lazy\"><\/picture>\n<p><span>Mir\u00e1 tambi\u00e9n<\/span><\/p>\n<hr>\n<h3>La rom\u00e1ntica foto de Messi y Anto en una tribuna<\/h3>\n<\/p>\n<\/section>\n<\/div>\n<\/div>\n","protected":false},"excerpt":{"rendered":"<p>13\/12\/2023 00:01hs. Luego del triunfo de San Miguel, ante Douglas Haig, en la definici\u00f3n por penales, adem\u00e1s del pase del equipo de Sapo Coleoni a la PN tambi\u00e9n se resolvieron los de Liniers y Sportivo Italiano, a la Primera B. \u00bfC\u00f3mo? Por partes\u2026 \u00bfPor qu\u00e9 hubo dos ascensos m\u00e1s a la B?\ufeff Todo surge de [&hellip;]<\/p>\n","protected":false},"author":1,"featured_media":71155,"comment_status":"open","ping_status":"closed","sticky":false,"template":"","format":"standard","meta":[],"categories":[16],"tags":[],"_links":{"self":[{"href":"http:\/\/hoycordobaweb.com\/index.php\/wp-json\/wp\/v2\/posts\/71154"}],"collection":[{"href":"http:\/\/hoycordobaweb.com\/index.php\/wp-json\/wp\/v2\/posts"}],"about":[{"href":"http:\/\/hoycordobaweb.com\/index.php\/wp-json\/wp\/v2\/types\/post"}],"author":[{"embeddable":true,"href":"http:\/\/hoycordobaweb.com\/index.php\/wp-json\/wp\/v2\/users\/1"}],"replies":[{"embeddable":true,"href":"http:\/\/hoycordobaweb.com\/index.php\/wp-json\/wp\/v2\/comments?post=71154"}],"version-history":[{"count":0,"href":"http:\/\/hoycordobaweb.com\/index.php\/wp-json\/wp\/v2\/posts\/71154\/revisions"}],"wp:featuredmedia":[{"embeddable":true,"href":"http:\/\/hoycordobaweb.com\/index.php\/wp-json\/wp\/v2\/media\/71155"}],"wp:attachment":[{"href":"http:\/\/hoycordobaweb.com\/index.php\/wp-json\/wp\/v2\/media?parent=71154"}],"wp:term":[{"taxonomy":"category","embeddable":true,"href":"http:\/\/hoycordobaweb.com\/index.php\/wp-json\/wp\/v2\/categories?post=71154"},{"taxonomy":"post_tag","embeddable":true,"href":"http:\/\/hoycordobaweb.com\/index.php\/wp-json\/wp\/v2\/tags?post=71154"}],"curies":[{"name":"wp","href":"https:\/\/api.w.org\/{rel}","templated":true}]}}