{"id":71061,"date":"2023-12-10T16:51:14","date_gmt":"2023-12-10T16:51:14","guid":{"rendered":"https:\/\/www.mujerhoy.com\/moda\/no-te-pierdas\/premios-nobel-2023-mejores-peores-looks-vestidos-tiaras-victoria-suecia-20231210121517-nt.html"},"modified":"2023-12-10T16:51:14","modified_gmt":"2023-12-10T16:51:14","slug":"victoria-de-suecia-deslumbra-en-los-premios-nobel-2023-los-mejores-y-peores-looks-de-la-gala-y-el-desfile-de-tiaras","status":"publish","type":"post","link":"http:\/\/hoycordobaweb.com\/index.php\/2023\/12\/10\/victoria-de-suecia-deslumbra-en-los-premios-nobel-2023-los-mejores-y-peores-looks-de-la-gala-y-el-desfile-de-tiaras\/","title":{"rendered":"Victoria de Suecia deslumbra en los Premios Nobel 2023: los mejores y peores looks de la gala (y el desfile de tiaras)"},"content":{"rendered":"<p><!-- AUTHOR --> <\/p>\n<div class=\"voc-author-timesocial \"> <!-- AUTHOR --> <\/p>\n<div class=\"voc-author-timesocial__signature\"> <!-- IMAGE AUTHOR --> <picture class=\"voc-image-signature\"> <img class=\"voc-image-signature__img\" src=\"http:\/\/hoycordobaweb.com\/wp-content\/uploads\/2023\/12\/victoria-de-suecia-deslumbra-en-los-premios-nobel-2023-los-mejores-y-peores-looks-de-la-gala-y-el-desfile-de-tiaras.jpg\" alt=\"Elena Romero Vargas\"> <\/picture> <!-- INFO AUTHOR --> <\/div><\/div>\n<p> <!-- COMPONENTS --> <\/p>\n<p class=\"voc-paragraph\">El 10 de diciembre es una fecha especial para la familia real sueca porque se celebra la ceremonia de <strong>entrega de los Premios Nobel<\/strong>. Este a\u00f1o, la entrega de premios ha tenido lugar en la Sala de Conciertos de Estocolmo, donde el <a data-voc-vtm-id=\"in-text-traffic\" href=\"https:\/\/www.mujerhoy.com\/celebrities\/realeza\/rey-carlos-gustavo-suecia-muerte-padre-huerfano-infidelidades-escandalos-nazis-reina-silvia-20230204124503-nt.html\">rey Carlos Gustavo<\/a> ha recibido a los nobel de Medicina, F\u00edsica, Qu\u00edmica, Econom\u00eda y Literatura.\n<\/p>\n<p class=\"voc-paragraph\">La entrega del premio Nobel de la Paz ha contado con su propia ceremonia en Oslo. La galardonada ha sido la <strong>activista iran\u00ed Narges Mohammadi<\/strong>, que actualmente se encuentra encarcelada en prisi\u00f3n iran\u00ed de Evin por su lucha contra la opresi\u00f3n de las mujeres en Ir\u00e1n y su defensa de la libertad y los derechos humanos.\n<\/p>\n<p class=\"voc-paragraph\">A la ceremonia de los Premios Nobel asiste cada a\u00f1o la familia real sueca y nos dejan ver sus <a data-voc-vtm-id=\"in-text-traffic\" href=\"https:\/\/www.mujerhoy.com\/moda\/no-te-pierdas\/looks-rejuvenecedores-victoria-suecia-mejor-vestida-a-los-40-copia-barata-hym-20230216101244-nt.html\">looks m\u00e1s elegantes y sofisticados<\/a> de etiqueta m\u00e1xima para la ocasi\u00f3n. Mientras que el c\u00f3digo de vestimenta marca chaqu\u00e9 para los hombres, las mujeres de la familia real aprovechan este momento para dejarse ver con <strong>espectaculares tiaras y vestidos de gala<\/strong>.\n<\/p>\n<p><h3 class=\"voc-detail__title\"> Los mejores y peores looks de los Premios Nobel<br \/>\n<\/h3>\n<\/p>\n<div class=\"voc-detail-photo-zoom\"> <picture data-toggle=\"modal\" data-target=\"#photoZoomModal-201\" target=\"modal\">\n<div class=\"voc-img-icon-link\"> <img loading=\"lazy\" data-original=\"\/\/static.mujerhoy.com\/www\/multimedia\/202312\/10\/media\/cortadas\/victoria-suecia-nobel2-kPUG--650x900@MujerHoy.jpg\" width=\"650\" height=\"900\" class=\"lazy adsviu_analyse\" alt=\"Victoria de Suecia en los Premios Nobel 2023\/GTRES\"> <noscript> <img src=\"http:\/\/hoycordobaweb.com\/wp-content\/uploads\/2023\/12\/victoria-de-suecia-deslumbra-en-los-premios-nobel-2023-los-mejores-y-peores-looks-de-la-gala-y-el-desfile-de-tiaras.webp\" alt=\"Victoria de Suecia en los Premios Nobel 2023\/GTRES\"> <\/noscript> <i class=\"voc-icons zoom voc-multimedia-box voc-ico-l\"><\/i> <\/div><figcaption class=\"figure-caption\">Victoria de Suecia en los Premios Nobel 2023\/GTRES<\/figcaption><\/picture>\n<\/div>\n<div id=\"photoZoomModal-201\" class=\"voc-lightbox modal fade voc-lightbox--photo-zoom\" role=\"dialog\" data-voc-photozoom-lightbox>\n<div class=\"voc-lightbox__dialog\" role=\"document\">\n<div class=\"voc-lightbox__content\"> <!-- Modal header --> <!-- Modal content --> <\/p>\n<div class=\"voc-lightbox__photo-container\"> <picture class> <img loading=\"lazy\" data-original=\"\/\/static.mujerhoy.com\/www\/multimedia\/202312\/10\/media\/cortadas\/victoria-suecia-nobel2-kPUG--650x900@MujerHoy.jpg\" alt=\"Victoria de Suecia en los Premios Nobel 2023\/GTRES\" class=\"lazy\"> <noscript> <img src=\"http:\/\/hoycordobaweb.com\/wp-content\/uploads\/2023\/12\/victoria-de-suecia-deslumbra-en-los-premios-nobel-2023-los-mejores-y-peores-looks-de-la-gala-y-el-desfile-de-tiaras.webp\" alt=\"Victoria de Suecia en los Premios Nobel 2023\/GTRES\"> <\/noscript> <\/picture> <\/div><\/div><\/div>\n<\/div>\n<p class=\"voc-paragraph\">La heredera al trono sueco ha optado por repetir estilismo y volver a lucir un <strong> espectacular vestido color berenjena con escote asm\u00e9trico<\/strong>. De corte largo y con un faj\u00edn en la cintura que estiliza su silueta, el mayor atractivo de la pieza es el adorno en forma de maxi flor que decora su hombro derecho. Con esta apuesta la princesa Victoria nos ense\u00f1a c\u00f3mo llevar <a data-voc-vtm-id=\"in-text-traffic\" href=\"https:\/\/www.mujerhoy.com\/moda\/no-te-pierdas\/blazer-estampada-viral-favorece-rejuvenece-look-zara-20230320173003-ga.html\">una de las tendencias m\u00e1s aclamadas de la temporada<\/a> a un look royal de lo m\u00e1s tradicional.\n<\/p>\n<p class=\"voc-paragraph\">La princesa ha escogido una de las tiaras predilectas del joyero real sueco. Se trata de la <strong>tiara napole\u00f3nica de amatistas en color p\u00farpura y diamantes<\/strong>, y lleva pulsera y broche a juego. Estas joyas se le atribuyeron a Josefuna Bonaparte, esposa de Napole\u00f3n, aunque ahora son de las m\u00e1s preciadas por la princesa Victoria y su madre, la reina Silvia. Lleva tambi\u00e9n la banda y la estrella de la Orden de los Serafines y el broche con el retrato del rey Carlos Gustavo.\n<\/p>\n<div class=\"voc-detail-photo-zoom\"> <picture data-toggle=\"modal\" data-target=\"#photoZoomModal-801\" target=\"modal\">\n<div class=\"voc-img-icon-link\"> <img loading=\"lazy\" data-original=\"\/\/static1.mujerhoy.com\/www\/multimedia\/202312\/10\/media\/cortadas\/silvia-suecia-nobel-kPUG--650x900@MujerHoy.jpg\" width=\"650\" height=\"900\" class=\"lazy adsviu_analyse\" alt=\"Reina Silvia de Suecia en los Premios Nobel 2023\/GTRES\"> <noscript> <img src=\"http:\/\/hoycordobaweb.com\/wp-content\/uploads\/2023\/12\/victoria-de-suecia-deslumbra-en-los-premios-nobel-2023-los-mejores-y-peores-looks-de-la-gala-y-el-desfile-de-tiaras-1.webp\" alt=\"Reina Silvia de Suecia en los Premios Nobel 2023\/GTRES\"> <\/noscript> <i class=\"voc-icons zoom voc-multimedia-box voc-ico-l\"><\/i> <\/div><figcaption class=\"figure-caption\">Reina Silvia de Suecia en los Premios Nobel 2023\/GTRES<\/figcaption><\/picture>\n<\/div>\n<div id=\"photoZoomModal-801\" class=\"voc-lightbox modal fade voc-lightbox--photo-zoom\" role=\"dialog\" data-voc-photozoom-lightbox>\n<div class=\"voc-lightbox__dialog\" role=\"document\">\n<div class=\"voc-lightbox__content\"> <!-- Modal header --> <!-- Modal content --> <\/p>\n<div class=\"voc-lightbox__photo-container\"> <picture class> <img loading=\"lazy\" data-original=\"\/\/static1.mujerhoy.com\/www\/multimedia\/202312\/10\/media\/cortadas\/silvia-suecia-nobel-kPUG--650x900@MujerHoy.jpg\" alt=\"Reina Silvia de Suecia en los Premios Nobel 2023\/GTRES\" class=\"lazy\"> <noscript> <img src=\"http:\/\/hoycordobaweb.com\/wp-content\/uploads\/2023\/12\/victoria-de-suecia-deslumbra-en-los-premios-nobel-2023-los-mejores-y-peores-looks-de-la-gala-y-el-desfile-de-tiaras-1.webp\" alt=\"Reina Silvia de Suecia en los Premios Nobel 2023\/GTRES\"> <\/noscript> <\/picture> <\/div><\/div><\/div>\n<\/div>\n<p class=\"voc-paragraph\">Para la ocasi\u00f3n, la reina Silvia de Suecia ha llevado un <strong>vestido osa<\/strong>compuesto por falda larga de vuelo y cuerpo de cuello redondo y del mismo color, con manga larga y detalles de pedrer\u00eda en plata. Sin embargo, el punto fuerte de su look son las joyas cargadas de historia y tradici\u00f3n familiar.\n<\/p>\n<p class=\"voc-paragraph\">La monarca ha escogido la <strong>tiara de 9 puntas <\/strong>que perteneci\u00f3 a la reina Sof\u00eda de Sueca que remata en cada una de ellas con nueve soles de diamantes. Lleva la banda y la estrella de la Orden de los Serafines, y remata la elecci\u00f3n estil\u00edstica con un broche retrato del rey Carlos Gustavo.\n<\/p>\n<div class=\"voc-detail-photo-zoom\"> <picture data-toggle=\"modal\" data-target=\"#photoZoomModal-40\" target=\"modal\">\n<div class=\"voc-img-icon-link\"> <img loading=\"lazy\" data-original=\"\/\/static.mujerhoy.com\/www\/multimedia\/202312\/10\/media\/cortadas\/sofia-suecia-nobel-kPUG--650x900@MujerHoy.jpg\" width=\"650\" height=\"900\" class=\"lazy adsviu_analyse\" alt=\"Princesa Sof\u00eda de Suecia en los Premios Nobel 2023\"> <noscript> <img src=\"http:\/\/hoycordobaweb.com\/wp-content\/uploads\/2023\/12\/victoria-de-suecia-deslumbra-en-los-premios-nobel-2023-los-mejores-y-peores-looks-de-la-gala-y-el-desfile-de-tiaras-2.webp\" alt=\"Princesa Sof\u00eda de Suecia en los Premios Nobel 2023\"> <\/noscript> <i class=\"voc-icons zoom voc-multimedia-box voc-ico-l\"><\/i> <\/div><figcaption class=\"figure-caption\">Princesa Sof\u00eda de Suecia en los Premios Nobel 2023<\/figcaption><\/picture>\n<\/div>\n<div id=\"photoZoomModal-40\" class=\"voc-lightbox modal fade voc-lightbox--photo-zoom\" role=\"dialog\" data-voc-photozoom-lightbox>\n<div class=\"voc-lightbox__dialog\" role=\"document\">\n<div class=\"voc-lightbox__content\"> <!-- Modal header --> <!-- Modal content --> <\/p>\n<div class=\"voc-lightbox__photo-container\"> <picture class> <img loading=\"lazy\" data-original=\"\/\/static.mujerhoy.com\/www\/multimedia\/202312\/10\/media\/cortadas\/sofia-suecia-nobel-kPUG--650x900@MujerHoy.jpg\" alt=\"Princesa Sof\u00eda de Suecia en los Premios Nobel 2023\" class=\"lazy\"> <noscript> <img src=\"http:\/\/hoycordobaweb.com\/wp-content\/uploads\/2023\/12\/victoria-de-suecia-deslumbra-en-los-premios-nobel-2023-los-mejores-y-peores-looks-de-la-gala-y-el-desfile-de-tiaras-2.webp\" alt=\"Princesa Sof\u00eda de Suecia en los Premios Nobel 2023\"> <\/noscript> <\/picture> <\/div><\/div><\/div>\n<\/div>\n<p class=\"voc-paragraph\">Por su parte, la princesa Sof\u00eda ha deslumbrado con un <strong>vestido negro de manga larga<\/strong> acabadas en un detalle de pedrer\u00eda en plata. El corte del vestido aporta elegancia y sofisticaci\u00f3n al look de la princesa que, sin dejar de ser de lo m\u00e1s sencillo, ha destacado en la ceremonia.\n<\/p>\n<p class=\"voc-paragraph\">En su caso, la princesa Sof\u00eda he llevado la tiara que el rey Carlos Gustavo y la reina Silvia le regalaron por su enlace en 2015 con el pr\u00edncipe Carlos Felipe. Se trata de una <strong>palmera de diamantes rematada con esmeraldas <\/strong>de color verde que ya llev\u00f3 el mismo d\u00eda de su boda. Al igual que el resto de mujeres de la familia real, la princesa tambi\u00e9n ha llevado a los Premios Nobel a banda y la estrella de la Orden de los Serafines y el broche con el retrato del rey Carlos Gustavo.\n<\/p>\n<p><h3 class=\"voc-detail__title\"> La lista de ganadores de los Premios Nobel<br \/>\n<\/h3>\n<\/p>\n<p class=\"voc-paragraph\">&#8211; <strong>Premio Nobel de la Paz<\/strong>: la activista iran\u00f3 Narges Mohamadi por su lucha contra la opresi\u00f3n de la mujer en Ir\u00e1n.\n<\/p>\n<p class=\"voc-paragraph\">&#8211; <strong>Premio Nobel de F\u00edsica<\/strong>: Pierre Agostini, Ferenc Krausz y Anne L&#8217;Huillier por crear la herramienta que estudia el desplazamiento ultrarr\u00e1pido de los electrones dentro de \u00e1tomos y mol\u00e9culas.\n<\/p>\n<p class=\"voc-paragraph\">&#8211; <strong>Premio Nobel de Medicina o Psicolog\u00eda<\/strong>: Katalin Karik\u00f3 y Drew Weissman, bioqu\u00edmicos que desarrollaron la tecnolog\u00eda de ARN para las vacunas contra la COVID-19 de Pfizer y Moderna.\n<\/p>\n<p class=\"voc-paragraph\">&#8211; <strong>Premio Novel de Qu\u00edmica<\/strong>: Moungi Bawendi, Louis Brus y Alexei Ekimov por sus estudios sobre las nanopart\u00edculas.\n<\/p>\n<p class=\"voc-paragraph\">&#8211; <strong>Premio Nobel de Econom\u00eda<\/strong>: Claudia Goldin por su estudio sobre la evoluci\u00f3n de las mujeres en el mercado laboral.\n<\/p>\n<p class=\"voc-paragraph\">&#8211; <strong>Premio Nobel de Literatura<\/strong>: Jon Fosse, dramaturgo cuyas obras han destacado por todo el mundo.\n<\/p>\n<p> <!-- TOPICS --> <\/p>\n","protected":false},"excerpt":{"rendered":"<p>El 10 de diciembre es una fecha especial para la familia real sueca porque se celebra la ceremonia de entrega de los Premios Nobel. Este a\u00f1o, la entrega de premios ha tenido lugar en la Sala de Conciertos de Estocolmo, donde el rey Carlos Gustavo ha recibido a los nobel de Medicina, F\u00edsica, Qu\u00edmica, Econom\u00eda [&hellip;]<\/p>\n","protected":false},"author":1,"featured_media":71062,"comment_status":"closed","ping_status":"closed","sticky":false,"template":"","format":"standard","meta":[],"categories":[1],"tags":[],"_links":{"self":[{"href":"http:\/\/hoycordobaweb.com\/index.php\/wp-json\/wp\/v2\/posts\/71061"}],"collection":[{"href":"http:\/\/hoycordobaweb.com\/index.php\/wp-json\/wp\/v2\/posts"}],"about":[{"href":"http:\/\/hoycordobaweb.com\/index.php\/wp-json\/wp\/v2\/types\/post"}],"author":[{"embeddable":true,"href":"http:\/\/hoycordobaweb.com\/index.php\/wp-json\/wp\/v2\/users\/1"}],"replies":[{"embeddable":true,"href":"http:\/\/hoycordobaweb.com\/index.php\/wp-json\/wp\/v2\/comments?post=71061"}],"version-history":[{"count":0,"href":"http:\/\/hoycordobaweb.com\/index.php\/wp-json\/wp\/v2\/posts\/71061\/revisions"}],"wp:featuredmedia":[{"embeddable":true,"href":"http:\/\/hoycordobaweb.com\/index.php\/wp-json\/wp\/v2\/media\/71062"}],"wp:attachment":[{"href":"http:\/\/hoycordobaweb.com\/index.php\/wp-json\/wp\/v2\/media?parent=71061"}],"wp:term":[{"taxonomy":"category","embeddable":true,"href":"http:\/\/hoycordobaweb.com\/index.php\/wp-json\/wp\/v2\/categories?post=71061"},{"taxonomy":"post_tag","embeddable":true,"href":"http:\/\/hoycordobaweb.com\/index.php\/wp-json\/wp\/v2\/tags?post=71061"}],"curies":[{"name":"wp","href":"https:\/\/api.w.org\/{rel}","templated":true}]}}