{"id":71049,"date":"2023-12-11T02:15:18","date_gmt":"2023-12-11T02:15:18","guid":{"rendered":"https:\/\/www.ole.com.ar\/ecuador\/liga-pro\/cristian-pellerano-independiete-valle-final-futuro-entrenador-hermano-hernan-pellerano_0_sNSL1jdZ9U.html"},"modified":"2023-12-11T02:15:18","modified_gmt":"2023-12-11T02:15:18","slug":"el-deseo-de-cristian-pellerano-seria-muy-lindo-dirigir-a-idv","status":"publish","type":"post","link":"http:\/\/hoycordobaweb.com\/index.php\/2023\/12\/11\/el-deseo-de-cristian-pellerano-seria-muy-lindo-dirigir-a-idv\/","title":{"rendered":"El deseo de Cristian Pellerano: \u00abSer\u00eda muy lindo dirigir a IDV\u00bb"},"content":{"rendered":"<p><img src=\"http:\/\/hoycordobaweb.com\/wp-content\/uploads\/2023\/12\/el-deseo-de-cristian-pellerano-seria-muy-lindo-dirigir-a-idv.jpg\"><\/p>\n<p><time class=\"createDate\" datetime=\"2023-12-10T23:15:18-03:00\">10\/12\/2023 23:15hs.<\/time><time class=\"modificatedDate\" datetime=\"2023-12-10T23:15:18-03:00\"><\/time><\/p>\n<div id=\"storyBody\">\n<div class=\"custom-text \" readability=\"36\">\n<p><strong>Ya se sabe que a Cristian Pellerano le queda poco tiempo dentro de los campos de juego<\/strong>. Ya tiene 41 a\u00f1os y por ende ya piensa en lo que har\u00e1 cuando cuelgue los botines. Este domingo, previo a la final de ida de la LigaPro contra Liga de Quito, el volante lo confirm\u00f3.<\/p>\n<\/div>\n<div class=\"custom-text \" readability=\"34\">\n<p>\u201c<strong>Mi intenci\u00f3n es ser entrenador esa es la intenci\u00f3n que tenemos con mi hermano<\/strong>. Ser\u00eda muy lindo dirigir al Independiente del Valle\u201d, dijo Pellerano en entrevista con Star+. <\/p>\n<\/div>\n<div class=\"custom-text \" readability=\"28.358552631579\">\n<p><strong>El hermano de Cristian es Hern\u00e1n, justamente exjugador de Liga de Quito y actualmente milita en Gimnasia y Esgrima de Jujuy<\/strong>. \u00c9l tambi\u00e9n est\u00e1 cerca del retiro, por lo que los dos ya han hablado para hacer una dupla de t\u00e9cnicos. <a href=\"https:\/\/www.ole.com.ar\/ecuador\/liga-pro\/hernan-cristian-pellerano-dupla-tecnica-deseo-sueno-dirigir-juntos_0_Mv1h4jAg9L.html\" target=\"_self\" title=\"As\u00ed lo revel\u00f3 el defensor que est\u00e1 en la segunda divisi\u00f3n argentina\" alt=\"As\u00ed lo revel\u00f3 el defensor que est\u00e1 en la segunda divisi\u00f3n argentina\" rel=\"noopener noreferrer\">As\u00ed lo revel\u00f3 el defensor que est\u00e1 en la segunda divisi\u00f3n argentina<\/a>.<\/p>\n<\/div>\n<div class=\"custom-text \" readability=\"36\">\n<p>\u201c<strong>Nuestro sue\u00f1o es dirigir junto a mi hermano Cristian<\/strong>. Queremos hacer dupla y estamos capacitados para hacerlo con los cursos respectivos\u201d, coment\u00f3 en di\u00e1logo con RB Radio. Hern\u00e1n tiene 39 a\u00f1os, por lo que su retiro de las canchas tambi\u00e9n est\u00e1 cerca.<\/p>\n<\/div>\n<div class=\"custom-text \" readability=\"34\">\n<p>\u201c<strong>Mi hermano Cristian todav\u00eda tiene para seguir jugando y \u00e9l decidir\u00e1 hasta cu\u00e1ndo<\/strong>. Tanto \u00e9l y yo hemos hecho nuestros cursos de entrenadores para el futuro\u201d, agreg\u00f3. <\/p>\n<\/div>\n<div class=\"sc-e7b891c4-0 jPbnQF\"><img alt=\"Cristian Pellerano, capit\u00e1n de Independiente del Valle (Prensa IDV).\" src=\"http:\/\/hoycordobaweb.com\/wp-content\/uploads\/2023\/12\/el-deseo-de-cristian-pellerano-seria-muy-lindo-dirigir-a-idv-2.jpg\" width=\"720\" height=\"100\" decoding=\"async\" data-nimg=\"future\" loading=\"lazy\"><span class=\"epigraphe\">Cristian Pellerano, capit\u00e1n de Independiente del Valle (Prensa IDV).<\/span><\/div>\n<div class=\"custom-text \" readability=\"41\">\n<p>En ese di\u00e1logo, <strong>Hern\u00e1n tambi\u00e9n dijo que ser\u00eda un honor dirigir a los Negriazules, pero neg\u00f3 que sea algo que suceder\u00e1 pronto<\/strong>. \u201cSer\u00eda un sue\u00f1o dirigir a Independiente del Valle con mi hermano Cristian por ser un gran club y por la estructura que tiene, sin embargo no es la idea por ahora. Estoy ac\u00e1 (Quito) de visita, nada m\u00e1s, y ya en el futuro presentaremos el proyecto a alg\u00fan equipo\u201d, aclar\u00f3.<\/p>\n<\/div>\n<div class=\"sc-a7166897-0 exHLBh\" readability=\"6\">\n<section readability=\"2\"><picture><img alt=\"Anselmi: &quot;Todo lo que trabajamos durante la semana se mostr\u00f3 en el campo&quot;\" src=\"http:\/\/hoycordobaweb.com\/wp-content\/uploads\/2023\/12\/el-deseo-de-cristian-pellerano-seria-muy-lindo-dirigir-a-idv-3.jpg\" width=\"290\" height=\"290\" decoding=\"async\" data-nimg=\"future\" loading=\"lazy\"><\/picture>\n<p><span>Mir\u00e1 tambi\u00e9n<\/span><\/p>\n<hr>\n<h3>Anselmi: \u00abTodo lo que trabajamos durante la semana se mostr\u00f3 en el campo\u00bb<\/h3>\n<\/p>\n<\/section>\n<\/div>\n<div class=\"sc-a7166897-0 exHLBh\" readability=\"6\">\n<section readability=\"2\"><picture><img alt=\"Luis Zubeld\u00eda se plant\u00f3: &quot;Tuvimos las m\u00e1s claras&quot;\" src=\"http:\/\/hoycordobaweb.com\/wp-content\/uploads\/2023\/12\/el-deseo-de-cristian-pellerano-seria-muy-lindo-dirigir-a-idv-4.jpg\" width=\"290\" height=\"290\" decoding=\"async\" data-nimg=\"future\" loading=\"lazy\"><\/picture>\n<p><span>Mir\u00e1 tambi\u00e9n<\/span><\/p>\n<hr>\n<h3>Luis Zubeld\u00eda se plant\u00f3: \u00abTuvimos las m\u00e1s claras\u00bb<\/h3>\n<\/p>\n<\/section>\n<\/div>\n<div class=\"sc-a7166897-0 exHLBh\" readability=\"6.5\">\n<section readability=\"3\"><picture><img alt=\"Faravelli: &quot;Iremos a buscar el t\u00edtulo con la gente en contra, como nos gusta&quot;\" src=\"http:\/\/hoycordobaweb.com\/wp-content\/uploads\/2023\/12\/el-deseo-de-cristian-pellerano-seria-muy-lindo-dirigir-a-idv-5.jpg\" width=\"290\" height=\"290\" decoding=\"async\" data-nimg=\"future\" loading=\"lazy\"><\/picture>\n<p><span>Mir\u00e1 tambi\u00e9n<\/span><\/p>\n<hr>\n<h3>Faravelli: \u00abIremos a buscar el t\u00edtulo con la gente en contra, como nos gusta\u00bb<\/h3>\n<\/p>\n<\/section>\n<\/div>\n<div class=\"sc-a7166897-0 exHLBh\" readability=\"6\">\n<section readability=\"2\"><picture><img alt=\"\u00bfCu\u00e1ndo y d\u00f3nde es la final de vuelta de la LigaPro y c\u00f3mo se define el campe\u00f3n?\" src=\"http:\/\/hoycordobaweb.com\/wp-content\/uploads\/2023\/12\/el-deseo-de-cristian-pellerano-seria-muy-lindo-dirigir-a-idv-6.jpg\" width=\"290\" height=\"290\" decoding=\"async\" data-nimg=\"future\" loading=\"lazy\"><\/picture>\n<p><span>Mir\u00e1 tambi\u00e9n<\/span><\/p>\n<hr>\n<h3>\u00bfCu\u00e1ndo y d\u00f3nde es la final de vuelta de la LigaPro y c\u00f3mo se define el campe\u00f3n?<\/h3>\n<\/p>\n<\/section>\n<\/div>\n<div class=\"sc-a7166897-0 exHLBh\" readability=\"6\">\n<section readability=\"2\"><picture><img alt=\"\u00bfQu\u00e9 dijo Robert Arboleda sobre un supuesto inter\u00e9s de Barcelona?\" src=\"http:\/\/hoycordobaweb.com\/wp-content\/uploads\/2023\/12\/el-deseo-de-cristian-pellerano-seria-muy-lindo-dirigir-a-idv-7.jpg\" width=\"290\" height=\"290\" decoding=\"async\" data-nimg=\"future\" loading=\"lazy\"><\/picture>\n<p><span>Mir\u00e1 tambi\u00e9n<\/span><\/p>\n<hr>\n<h3>\u00bfQu\u00e9 dijo Robert Arboleda sobre un supuesto inter\u00e9s de Barcelona?<\/h3>\n<\/p>\n<\/section>\n<\/div>\n<div class=\"sc-a7166897-0 exHLBh\" readability=\"6.5\">\n<section readability=\"3\"><picture><img alt=\"De Junior Sornoza a Kendry P\u00e1ez: espectacular bandera gigante en apoyo a Independiente del Valle\" src=\"http:\/\/hoycordobaweb.com\/wp-content\/uploads\/2023\/12\/el-deseo-de-cristian-pellerano-seria-muy-lindo-dirigir-a-idv-8.jpg\" width=\"290\" height=\"290\" decoding=\"async\" data-nimg=\"future\" loading=\"lazy\"><\/picture>\n<p><span>Mir\u00e1 tambi\u00e9n<\/span><\/p>\n<hr>\n<h3>De Junior Sornoza a Kendry P\u00e1ez: espectacular bandera gigante en apoyo a Independiente del Valle<\/h3>\n<\/p>\n<\/section>\n<\/div>\n<\/div>\n","protected":false},"excerpt":{"rendered":"<p>10\/12\/2023 23:15hs. Ya se sabe que a Cristian Pellerano le queda poco tiempo dentro de los campos de juego. Ya tiene 41 a\u00f1os y por ende ya piensa en lo que har\u00e1 cuando cuelgue los botines. Este domingo, previo a la final de ida de la LigaPro contra Liga de Quito, el volante lo confirm\u00f3. [&hellip;]<\/p>\n","protected":false},"author":1,"featured_media":71050,"comment_status":"open","ping_status":"closed","sticky":false,"template":"","format":"standard","meta":[],"categories":[16],"tags":[],"_links":{"self":[{"href":"http:\/\/hoycordobaweb.com\/index.php\/wp-json\/wp\/v2\/posts\/71049"}],"collection":[{"href":"http:\/\/hoycordobaweb.com\/index.php\/wp-json\/wp\/v2\/posts"}],"about":[{"href":"http:\/\/hoycordobaweb.com\/index.php\/wp-json\/wp\/v2\/types\/post"}],"author":[{"embeddable":true,"href":"http:\/\/hoycordobaweb.com\/index.php\/wp-json\/wp\/v2\/users\/1"}],"replies":[{"embeddable":true,"href":"http:\/\/hoycordobaweb.com\/index.php\/wp-json\/wp\/v2\/comments?post=71049"}],"version-history":[{"count":0,"href":"http:\/\/hoycordobaweb.com\/index.php\/wp-json\/wp\/v2\/posts\/71049\/revisions"}],"wp:featuredmedia":[{"embeddable":true,"href":"http:\/\/hoycordobaweb.com\/index.php\/wp-json\/wp\/v2\/media\/71050"}],"wp:attachment":[{"href":"http:\/\/hoycordobaweb.com\/index.php\/wp-json\/wp\/v2\/media?parent=71049"}],"wp:term":[{"taxonomy":"category","embeddable":true,"href":"http:\/\/hoycordobaweb.com\/index.php\/wp-json\/wp\/v2\/categories?post=71049"},{"taxonomy":"post_tag","embeddable":true,"href":"http:\/\/hoycordobaweb.com\/index.php\/wp-json\/wp\/v2\/tags?post=71049"}],"curies":[{"name":"wp","href":"https:\/\/api.w.org\/{rel}","templated":true}]}}