{"id":71041,"date":"2023-12-10T16:31:45","date_gmt":"2023-12-10T16:31:45","guid":{"rendered":"https:\/\/ladecimaweb.com\/?p=23110"},"modified":"2023-12-10T16:31:45","modified_gmt":"2023-12-10T16:31:45","slug":"el-que-corta-las-calles-no-cobra-y-las-10-frases-mas-impactantes-de-milei","status":"publish","type":"post","link":"http:\/\/hoycordobaweb.com\/index.php\/2023\/12\/10\/el-que-corta-las-calles-no-cobra-y-las-10-frases-mas-impactantes-de-milei\/","title":{"rendered":"\u201cEl que corta las calles no cobra\u201d, y las 10 frases m\u00e1s impactantes de Milei"},"content":{"rendered":"<div class=\"boldgrid-section\">\n<div class=\"container\">\n<div class=\"row\">\n<div class=\"col-md-12 col-xs-12 col-sm-12\">\n<div class=\"sc-e07353e1-0 gEtdZe container-text\">\n<p>El flamante presidente Javier Milei brind\u00f3 un discurso en las escalinatas del Congreso, minutos despu\u00e9s de recibir los atributos de mando por parte de Alberto Fern\u00e1ndez y Cristina Kirchner.<\/p>\n<\/div>\n<div class=\"sc-e07353e1-0 gEtdZe container-text\">\n<p class=\"\">De cara a la militancia libertaria que lo acompa\u00f1\u00f3 en la Plaza del Congreso y frente a los mandatarios internacionales que lo acompa\u00f1aron en el escenario, el libertario dej\u00f3 varias definiciones sobre lo que se vendr\u00e1 a partir de ma\u00f1ana.<span>&nbsp;<\/span><strong>Estas fueron las frases m\u00e1s impactantes<\/strong>:<\/p>\n<div class=\"sc-e07353e1-0 gEtdZe container-text\">\n<p class=\"\"><strong>Las 10 frases m\u00e1s fuertes&nbsp;<\/strong><\/p>\n<\/div>\n<div class=\"sc-e07353e1-0 gEtdZe container-text\">\n<p class=\"\">\u201cNing\u00fan gobierno ha recibido una herencia peor que la que estamos recibiendo nosotros. El kirchnerismo, que en sus inicios se jactaba de tener super\u00e1vit gemelos, hoy nos deja d\u00e9ficit gemelos por 17% del PBI\u201d.<\/p>\n<p><span>&#8220;Hoy comienza una era de paz y prosperidad, una era de libertad y progreso.&nbsp;<\/span><strong>Comienza una nueva era en la Argentina<\/strong><span>; hoy termina una larga era de declive y comenzamos la reconstrucci\u00f3n del pa\u00eds&#8221;.<\/span><\/p>\n<div class=\"sc-e07353e1-0 gEtdZe container-text\">\n<p class=\"\">\u201cHoy mismo la inflaci\u00f3n ya viaja a un ritmo que oscila entre el 20 y 40 por ciento mensual.<span>&nbsp;<\/span><strong>El Gobierno saliente nos ha dejado plantada una hiperinflaci\u00f3n<\/strong>&#8220;.<\/p>\n<\/div>\n<div class=\"sc-e07353e1-0 gEtdZe container-text\">\n<p class=\"\">&#8220;No hay plata. La conclusi\u00f3n es que n<strong>o hay alternativa al ajuste, no hay alternativa al shock<\/strong>. Naturalmente eso impactar\u00e1 de modo negativo sobre el nivel de actividad, el empleo, los salarios reales, la cantidad de pobres e indigentes&#8221;.<\/p>\n<\/div>\n<div class=\"sc-e07353e1-0 gEtdZe container-text\">\n<p class=\"\">&#8220;La soluci\u00f3n implica un ajuste fiscal en el sector p\u00fablico fiscal. Que caer\u00e1 sobre el Estado y no sobre el sector privado&#8221;.<\/p>\n<p class=\"\"><span>&#8220;<\/span><strong>El que corta las calles no cobra<\/strong><span>. Un pa\u00eds que dentro de la ley permite todo, pero fuera de la ley no permite nada\u201d.<\/span><\/p>\n<p class=\"\"><span>&#8220;Sabemos que<\/span><strong><span>&nbsp;<\/span>en el corto plazo la situaci\u00f3n empeorar\u00e1<\/strong><span>, pero luego veremos los frutos de nuestro esfuerzos habiendo creado las bases de un crecimiento s\u00f3lido y sostenible en el tiempo. Tambi\u00e9n sabemos que no todo est\u00e1 perdido, los desaf\u00edos que tenemos son enormes, pero tambi\u00e9n nuestra capacidad para superarlos, no va a ser f\u00e1cil, 100 a\u00f1os de fracaso no se deshacen en un d\u00eda, pero un d\u00eda empiezan y hoy es ese d\u00eda&#8221;.<\/span><\/p>\n<div class=\"sc-e07353e1-0 gEtdZe container-text\">\n<p>&#8220;En las \u00faltima evaluaciones PISA Argentina se encuentra en el puesto 66 de 81 y 7ma en Am\u00e9rica Latina siendo Argentina el primer pa\u00eds en terminar con el analfabetismo en el mundo.<span>&nbsp;<\/span><strong>Si se levantara Sarmiento y viera lo que hicieron con la educaci\u00f3n<\/strong>&#8220;.<\/p>\n<\/div>\n<div class=\"sc-e07353e1-0 gEtdZe container-text\">\n<p>&#8220;En materia de seguridad, Argentina se ha convertido en un ba\u00f1o de sangre. Los delincuentes caminan libres, mientras que los argentinos de bien se encierran tras las rejas. Hoy la anomia es tal que solo el 3% de los delitos son condenados.<span>&nbsp;<\/span><strong>Se acab\u00f3 con el siga siga de los delincuentes<\/strong>&#8220;.<\/p>\n<\/div>\n<div class=\"sc-e07353e1-0 gEtdZe container-text\">\n<p>&#8220;Que Dios bendiga a los argentinos y que las fuerzas del cielo nos acompa\u00f1en en este desaf\u00edo. Ser\u00e1 dif\u00edcil, pero lo vamos a lograr. Viva la libertad carajo, a ponerse de pie que vamos a salir&#8221;<\/p>\n<p>&nbsp;<\/p>\n<div class=\"ubm_banner\"><a href=\"http:\/\/www.cba.gov.ar\/prevencion-incendios\" target=\"_blank\" rel=\"dofollow noopener noreferrer\"><img src=\"http:\/\/hoycordobaweb.com\/wp-content\/uploads\/2023\/12\/el-que-corta-las-calles-no-cobra-y-las-10-frases-mas-impactantes-de-milei.gif\" alt=\"\"><\/a><\/div>\n<\/div>\n<p>&nbsp;<\/p>\n<p>&nbsp;<\/p>\n<\/div>\n<\/div>\n<\/div>\n<\/div>\n<\/div>\n<\/div>\n<\/div>\n<p>La entrada <a rel=\"nofollow\" href=\"https:\/\/ladecimaweb.com\/el-que-corta-las-calles-no-cobra-y-las-10-frases-mas-impactantes-de-milei\/\">&#8220;El que corta las calles no cobra&#8221;, y las 10 frases m\u00e1s impactantes de Milei<\/a> se public\u00f3 primero en <a rel=\"nofollow\" href=\"https:\/\/ladecimaweb.com\">LaDecima<\/a>.<\/p>\n","protected":false},"excerpt":{"rendered":"<p>El flamante presidente Javier Milei brind\u00f3 un discurso en las escalinatas del Congreso, minutos despu\u00e9s de recibir los atributos de mando por parte de Alberto Fern\u00e1ndez y Cristina Kirchner. De cara a la militancia libertaria que lo acompa\u00f1\u00f3 en la Plaza del Congreso y frente a los mandatarios internacionales que lo acompa\u00f1aron en el escenario, [&hellip;]<\/p>\n","protected":false},"author":1,"featured_media":71042,"comment_status":"closed","ping_status":"closed","sticky":false,"template":"","format":"standard","meta":[],"categories":[19],"tags":[],"_links":{"self":[{"href":"http:\/\/hoycordobaweb.com\/index.php\/wp-json\/wp\/v2\/posts\/71041"}],"collection":[{"href":"http:\/\/hoycordobaweb.com\/index.php\/wp-json\/wp\/v2\/posts"}],"about":[{"href":"http:\/\/hoycordobaweb.com\/index.php\/wp-json\/wp\/v2\/types\/post"}],"author":[{"embeddable":true,"href":"http:\/\/hoycordobaweb.com\/index.php\/wp-json\/wp\/v2\/users\/1"}],"replies":[{"embeddable":true,"href":"http:\/\/hoycordobaweb.com\/index.php\/wp-json\/wp\/v2\/comments?post=71041"}],"version-history":[{"count":0,"href":"http:\/\/hoycordobaweb.com\/index.php\/wp-json\/wp\/v2\/posts\/71041\/revisions"}],"wp:featuredmedia":[{"embeddable":true,"href":"http:\/\/hoycordobaweb.com\/index.php\/wp-json\/wp\/v2\/media\/71042"}],"wp:attachment":[{"href":"http:\/\/hoycordobaweb.com\/index.php\/wp-json\/wp\/v2\/media?parent=71041"}],"wp:term":[{"taxonomy":"category","embeddable":true,"href":"http:\/\/hoycordobaweb.com\/index.php\/wp-json\/wp\/v2\/categories?post=71041"},{"taxonomy":"post_tag","embeddable":true,"href":"http:\/\/hoycordobaweb.com\/index.php\/wp-json\/wp\/v2\/tags?post=71041"}],"curies":[{"name":"wp","href":"https:\/\/api.w.org\/{rel}","templated":true}]}}