{"id":71023,"date":"2023-12-10T01:44:00","date_gmt":"2023-12-10T01:44:00","guid":{"rendered":"http:\/\/hoycordobaweb.com\/index.php\/2023\/12\/10\/cornejo-asumio-un-nuevo-mandato-y-llamo-a-la-sensatez-el-dialogo-y-a-crear-consensos\/"},"modified":"2023-12-10T01:44:00","modified_gmt":"2023-12-10T01:44:00","slug":"cornejo-asumio-un-nuevo-mandato-y-llamo-a-la-sensatez-el-dialogo-y-a-crear-consensos","status":"publish","type":"post","link":"http:\/\/hoycordobaweb.com\/index.php\/2023\/12\/10\/cornejo-asumio-un-nuevo-mandato-y-llamo-a-la-sensatez-el-dialogo-y-a-crear-consensos\/","title":{"rendered":"Cornejo asumi\u00f3 un nuevo mandato y llam\u00f3 a la \u00absensatez, el di\u00e1logo y a crear consensos\u00bb"},"content":{"rendered":"<p><img src=\"http:\/\/hoycordobaweb.com\/wp-content\/uploads\/2023\/12\/cornejo-asumio-un-nuevo-mandato-y-llamo-a-la-sensatez-el-dialogo-y-a-crear-consensos.jpg\"><\/p>\n<figure class=\"mb-3\"><img loading=\"lazy\" data-src=\"http:\/\/hoycordobaweb.com\/wp-content\/uploads\/2023\/12\/cornejo-asumio-un-nuevo-mandato-y-llamo-a-la-sensatez-el-dialogo-y-a-crear-consensos-2.jpg\" src=\"https:\/\/www.telam.com.ar\/assets\/img\/not_image.png\" class=\" lazy \" width=\"100%\" height=\"100%\" alt=\"Foto Alfredo Ponce\"><figcaption> Foto: Alfredo Ponce. <\/figcaption><\/figure>\n<p>El radical Alfredo Cornejo realiz\u00f3&nbsp;<strong> \u00abuna convocatoria a la sensatez, el di\u00e1logo y la creaci\u00f3n de consensos\u00bb <\/strong>al iniciar un nuevo mandato como gobernador de Mendoza y se puso \u00aba disposici\u00f3n\u00bb de las autoridades nacionales que asumir\u00e1n ma\u00f1ana al se\u00f1alar que \u00abcualquier programa de estabilizaci\u00f3n serio conllevar\u00e1 enormes esfuerzos\u00bb porque Argentina es \u00abun pa\u00eds que est\u00e1 t\u00e9cnicamente colapsado\u201d.<\/p>\n<p>Tras jurar por la Patria y por su honor, Cornejo afirm\u00f3 sentirse \u00abhonrado\u00bb de haber convertido en el und\u00e9cimo gobernador de Mendoza desde el retorno de la democracia, en un acto de investidura que se desarroll\u00f3 en la Legislatura donde recibi\u00f3 los atributos por parte del mandatario saliente, Rodolfo Suarez.<\/p>\n<blockquote class=\"twitter-tweet\" readability=\"3.873786407767\">\n<p lang=\"es\" dir=\"ltr\">Me siento agradecido y honrado al asumir como und\u00e9cimo gobernador de la Provincia de Mendoza.<a href=\"https:\/\/twitter.com\/hashtag\/NuevaEtapa?src=hash&amp;ref_src=twsrc%5Etfw\">#NuevaEtapa<\/a><a href=\"https:\/\/twitter.com\/hashtag\/Vocaci%C3%B3nDeGesti%C3%B3n?src=hash&amp;ref_src=twsrc%5Etfw\">#Vocaci\u00f3nDeGesti\u00f3n<\/a> <a href=\"https:\/\/t.co\/qfM9jsAdrq\">pic.twitter.com\/qfM9jsAdrq<\/a><\/p>\n<p>\u2014 Alfredo Cornejo (@alfredocornejo) <a href=\"https:\/\/twitter.com\/alfredocornejo\/status\/1733612384047054977?ref_src=twsrc%5Etfw\">December 9, 2023<\/a><\/p><\/blockquote>\n<p> &nbsp;<\/p>\n<p>\u201cComo primer acto al frente del Ejecutivo provincial quiero hacer una convocatoria amplia a la sensatez, al encuentro a trav\u00e9s del di\u00e1logo, y a la creaci\u00f3n de consensos que pongan al bien com\u00fan por encima de los intereses particulares\u00bb, remarc\u00f3 Cornejo.<\/p>\n<p>\u201cEstoy honrado de asumir y ser uno de los m\u00e1s de 100 gobernadores que ha tenido esta provincia a lo largo de su historia, y honrado de ser de los pocos que ha repetido en ese cargo, y mucho m\u00e1s honrado de ser el und\u00e9cimo gobernador de la provincia de Mendoza desde la recuperaci\u00f3n definitiva de la democracia\u201d, se\u00f1al\u00f3 Cornejo quien gobern\u00f3 este distrito entre 2015 y 2019.<\/p>\n<p>Y, remarc\u00f3 que \u00abafortunadamente esta misma democracia a trav\u00e9s del voto ciudadano vuelve a abrir una ventana para iniciar una nueva etapa a partir de la voluntad de una mayor\u00eda amplia que se ha expresado a nivel nacional demandando un cambio de rumbo diametral ya sea por convicci\u00f3n, sea por frustraci\u00f3n, o sea por hartazgo frente al pa\u00eds\u201d.<\/p>\n<blockquote class=\"twitter-tweet\" readability=\"7.4716981132075\">\n<p lang=\"es\" dir=\"ltr\">En un acto de transparencia y compromiso con las instituciones de nuestra provincia, celebramos el traspaso de atributos del gobernador Rodolfo Suarez al gobernador electo Alfredo Cornejo.<\/p>\n<p>En Mendoza inicia una <a href=\"https:\/\/twitter.com\/hashtag\/NuevaEtapa?src=hash&amp;ref_src=twsrc%5Etfw\">#NuevaEtapa<\/a> de gobierno. <a href=\"https:\/\/t.co\/u29rOIL5N5\">pic.twitter.com\/u29rOIL5N5<\/a><\/p>\n<p>\u2014 Mendoza Gobierno (@MendozaGobierno) <a href=\"https:\/\/twitter.com\/MendozaGobierno\/status\/1733645389843062824?ref_src=twsrc%5Etfw\">December 10, 2023<\/a><\/p><\/blockquote>\n<p>El mandatario destac\u00f3 que estaba \u00aba disposici\u00f3n\u00bb de la Presidencia que iniciar\u00e1 Javier Milei y se pronunci\u00f3 en favor de buscar \u00abuna econom\u00eda m\u00e1s diversa y abierta al mundo\u00bb para la provincia, con \u00abun Estado austero que sea sostenible para los contribuyentes y que preste servicios de calidad\u201d.<\/p>\n<p>Cornejo resalt\u00f3 la importancia de<strong> \u00abla existencia de una administraci\u00f3n ordenada, con equilibrio fiscal y el mantenimiento de un programa criterioso de reducci\u00f3n de impuestos distorsivos\u201d.<\/strong><\/p>\n<p>\u201cCon el modelo econ\u00f3mico que por estas horas termina en Argentina, Mendoza ha estado atada de pies y manos pero m\u00e1s all\u00e1 de la esperanza que genera todo proceso que comienza, no se puede soslayar el desastroso punto de partida que encuentra la Argentina\u00bb, acot\u00f3.<\/p>\n<figure class=\"mb-3\"><img loading=\"lazy\" data-src=\"http:\/\/hoycordobaweb.com\/wp-content\/uploads\/2023\/12\/cornejo-asumio-un-nuevo-mandato-y-llamo-a-la-sensatez-el-dialogo-y-a-crear-consensos-3.jpg\" src=\"https:\/\/www.telam.com.ar\/assets\/img\/not_image.png\" class=\" lazy \" width=\"100%\" height=\"100%\" alt=\"Foto Alfredo Ponce\"><figcaption> Foto: Alfredo Ponce. <\/figcaption><\/figure>\n<p>Y, fundament\u00f3: <strong>\u00abVienen tiempos donde la econom\u00eda nacional tendr\u00e1 pron\u00f3stico reservado, en medio de un contexto de dificultades y desaf\u00edos profundos que repercutir\u00e1 en el d\u00eda a d\u00eda de las personas, de las empresas y tambi\u00e9n en la marcha de las administraciones p\u00fablicas\u00bb.<\/strong><\/p>\n<p>Para el gobernador,<strong> \u00abcualquier programa de estabilizaci\u00f3n serio conllevar\u00e1 enormes esfuerzos\u00bb<\/strong> porque Argentina es en la actualidad \u00abun pa\u00eds que est\u00e1 t\u00e9cnicamente colapsado\u201d.<\/p>\n<blockquote class><p>\u201cMendoza tiene una gran oportunidad frente al desaf\u00edo crucial de la humanidad de migrar hacia producciones m\u00e1s limpias\u00bb.<cite class=\"author\">Alfredo Cornejo<\/cite><\/p><\/blockquote>\n<p>\u201cComo primer acto al frente del Ejecutivo provincial quiero hacer una convocatoria amplia a la sensatez, al encuentro a trav\u00e9s del di\u00e1logo, y a la creaci\u00f3n de consensos que pongan al bien com\u00fan por encima de los intereses. Vengo a gobernar para todos los mendocinos, sin diferencia, los que circunstancialmente piensan distinto tambi\u00e9n deber\u00e1n encontrar una respuesta. Esa es parte de mi responsabilidad y la de quienes me acompa\u00f1ar\u00e1n en la gesti\u00f3n\u201d, asegur\u00f3.<\/p>\n<p>En otro tramo de su discurso hizo menci\u00f3n a las energ\u00edas limpias, y sostuvo que en ese sector, \u201cMendoza tiene una gran oportunidad frente al desaf\u00edo crucial de la humanidad de migrar hacia producciones m\u00e1s limpias\u00bb.<\/p>\n<p>\u00abEl cobre, entre otros minerales, es b\u00e1sico. En materia petrolera tambi\u00e9n hemos avanzado y qued\u00f3 mucho por hacer. Necesitamos buscar las empresas adecuadas, caso por caso, para poder maximizar la producci\u00f3n\u201d, subray\u00f3.<\/p>\n<blockquote class><p>\u00abContaremos con 1.023 millones de d\u00f3lares que la Naci\u00f3n adeudaba Mendoza y que hoy la provincia dispone, gracias a los acuerdos logrados durante mi gesti\u00f3n anterior. Tengan por seguro que se viene una verdadera revoluci\u00f3n del agua\u201d.<cite class=\"author\">Alfredo Cornejo<\/cite><\/p><\/blockquote>\n<p>El gobernador destac\u00f3 la importancia del agua como recurso y reafirm\u00f3 su deseo de que su administraci\u00f3n sea recordada \u00abpor su contribuci\u00f3n a la infraestructura h\u00eddrica\u00bb de Mendoza.<\/p>\n<p>\u00abContaremos con 1.023 millones de d\u00f3lares que la Naci\u00f3n adeudaba Mendoza y que hoy la provincia dispone, gracias a los acuerdos logrados durante mi gesti\u00f3n anterior. Tengan por seguro que se viene una verdadera revoluci\u00f3n del agua\u201d, enfatiz\u00f3 Cornejo.<\/p>\n<figure class=\"mb-3\"><img loading=\"lazy\" data-src=\"http:\/\/hoycordobaweb.com\/wp-content\/uploads\/2023\/12\/cornejo-asumio-un-nuevo-mandato-y-llamo-a-la-sensatez-el-dialogo-y-a-crear-consensos-4.jpg\" src=\"https:\/\/www.telam.com.ar\/assets\/img\/not_image.png\" class=\" lazy \" width=\"100%\" height=\"100%\" alt=\"Foto Alfredo Ponce\"><figcaption> Foto: Alfredo Ponce. <\/figcaption><\/figure>\n<h2 class>Educaci\u00f3n<\/h2>\n<p>En materia de la Educaci\u00f3n, sostuvo que es \u00abel gran ordenador de todas las aristas culturales de una sociedad\u00bb y calific\u00f3 como \u00abesencial sostener un plan serio en el largo plazo\u201d.<\/p>\n<p><strong>\u201cEstaremos abocados a dotar de internet pedag\u00f3gico al 100% de las escuelas de Mendoza para que est\u00e9n pleno funcionamiento durante 2024, con todos los elementos necesarios\u201d<\/strong>, puntualiz\u00f3 Cornejo, quien concluy\u00f3 su discurso en medio de aplausos en el recinto.<\/p>\n<p>Una vez finalizada su intervenci\u00f3n en la Legislatura, el mandatario se dirigi\u00f3 hasta la Casa de Gobierno para tomar juramento a los funcionarios que lo acompa\u00f1ar\u00e1n durante los pr\u00f3ximos cuatro a\u00f1os.<\/p>\n<p>Cornejo regres\u00f3 a la Gobernaci\u00f3n tras las elecciones del 24 de septiembre con el 39,50% de los votos. <\/p>\n","protected":false},"excerpt":{"rendered":"<p>Foto: Alfredo Ponce. El radical Alfredo Cornejo realiz\u00f3&nbsp; \u00abuna convocatoria a la sensatez, el di\u00e1logo y la creaci\u00f3n de consensos\u00bb al iniciar un nuevo mandato como gobernador de Mendoza y se puso \u00aba disposici\u00f3n\u00bb de las autoridades nacionales que asumir\u00e1n ma\u00f1ana al se\u00f1alar que \u00abcualquier programa de estabilizaci\u00f3n serio conllevar\u00e1 enormes esfuerzos\u00bb porque Argentina es [&hellip;]<\/p>\n","protected":false},"author":1,"featured_media":71024,"comment_status":"open","ping_status":"closed","sticky":false,"template":"","format":"standard","meta":[],"categories":[19],"tags":[],"_links":{"self":[{"href":"http:\/\/hoycordobaweb.com\/index.php\/wp-json\/wp\/v2\/posts\/71023"}],"collection":[{"href":"http:\/\/hoycordobaweb.com\/index.php\/wp-json\/wp\/v2\/posts"}],"about":[{"href":"http:\/\/hoycordobaweb.com\/index.php\/wp-json\/wp\/v2\/types\/post"}],"author":[{"embeddable":true,"href":"http:\/\/hoycordobaweb.com\/index.php\/wp-json\/wp\/v2\/users\/1"}],"replies":[{"embeddable":true,"href":"http:\/\/hoycordobaweb.com\/index.php\/wp-json\/wp\/v2\/comments?post=71023"}],"version-history":[{"count":0,"href":"http:\/\/hoycordobaweb.com\/index.php\/wp-json\/wp\/v2\/posts\/71023\/revisions"}],"wp:featuredmedia":[{"embeddable":true,"href":"http:\/\/hoycordobaweb.com\/index.php\/wp-json\/wp\/v2\/media\/71024"}],"wp:attachment":[{"href":"http:\/\/hoycordobaweb.com\/index.php\/wp-json\/wp\/v2\/media?parent=71023"}],"wp:term":[{"taxonomy":"category","embeddable":true,"href":"http:\/\/hoycordobaweb.com\/index.php\/wp-json\/wp\/v2\/categories?post=71023"},{"taxonomy":"post_tag","embeddable":true,"href":"http:\/\/hoycordobaweb.com\/index.php\/wp-json\/wp\/v2\/tags?post=71023"}],"curies":[{"name":"wp","href":"https:\/\/api.w.org\/{rel}","templated":true}]}}