{"id":71007,"date":"2023-12-09T23:52:18","date_gmt":"2023-12-09T23:52:18","guid":{"rendered":"https:\/\/www.ole.com.ar\/seleccion\/fin-semana-campeones-mundo-europa_0_Fc6Q59W75j.html"},"modified":"2023-12-09T23:52:18","modified_gmt":"2023-12-09T23:52:18","slug":"el-1x1-de-la-seleccion-este-fin-de-semana-premier-seria-a-laliga-y-mas","status":"publish","type":"post","link":"http:\/\/hoycordobaweb.com\/index.php\/2023\/12\/09\/el-1x1-de-la-seleccion-este-fin-de-semana-premier-seria-a-laliga-y-mas\/","title":{"rendered":"El 1&#215;1 de la Selecci\u00f3n este fin de semana: Premier, Seria A, LaLiga y m\u00e1s"},"content":{"rendered":"<p><img src=\"http:\/\/hoycordobaweb.com\/wp-content\/uploads\/2023\/12\/el-1x1-de-la-seleccion-este-fin-de-semana-premier-seria-a-laliga-y-mas.jpg\"><\/p>\n<p><time class=\"createDate\" datetime=\"2023-12-09T20:52:18-03:00\">09\/12\/2023 20:52hs.<\/time><time class=\"modificatedDate\" datetime=\"2023-12-09T20:52:18-03:00\"><\/time><\/p>\n<div id=\"storyBody\">\n<div class=\"custom-text \" readability=\"39\">\n<p><strong>Los futbolistas de la Selecci\u00f3n Argentina van cerrando el 2023 con sus respectivos clubes<\/strong>, luego de un gran arranque de Eliminatorias Sudamericanas. Mientras la gran mayor\u00eda tuvo participaci\u00f3n en Inglaterra, Espa\u00f1a, Italia y otros rincones del Viejo Continente, hubo otros que estuvieron ausentes por diferentes motivos. \u00bfC\u00f3mo les fue a cada uno?<\/p>\n<\/div>\n<p><h2><strong><em>El fin de semana de los jugadores de la Selecci\u00f3n<\/em><\/strong><\/h2>\n<\/p>\n<div class=\"custom-text \" readability=\"39\">\n<p>&#8211;<strong>Emiliano Mart\u00ednez<\/strong> (Aston Villa): El Dibu tuvo pocas intervenciones contra el Arsenal, pero claves para que el Aston Villa se lleve un 1-0 que lo deposita a dos puntos del Liverpool, el l\u00edder de la Premier. El arquero argentino tuvo grandes intervenciones contra Martin Odegaard, Bukayo Saka y Gabriel Jes\u00fas. Sobre el final, se agarr\u00f3 con Kai Havertz y el Villa Park entero lo ovacion\u00f3. \u00a1El mejor del mundo!<\/p>\n<\/div>\n<div class=\"custom-text \" readability=\"38\">\n<p>&#8211;<strong>Walter Ben\u00edtez <\/strong>(PSV): El arquero fue titular en el 2-0 del PSV contra Heerenveen, el cual lo mantiene como l\u00edder e invicto de la Eredivisie, con puntaje perfecto tras 15 fechas. El ex Quilmes no tuvo mucha participaci\u00f3n (25 toques), debido al gran dominio de su equipo. Registr\u00f3 una \u00fanica atajada.<\/p>\n<\/div>\n<div class=\"custom-text \" readability=\"39\">\n<p>&#8211;<strong>Juan Musso<\/strong> (Atalanta): Hab\u00eda vuelto a la titularidad a finales de noviembre y, tras una dura ca\u00edda 3-0 ante Torino, se despach\u00f3 con un 3-2 ante Milan. Pudo haber hecho algo m\u00e1s en el gol de Olivier Giroud y no tuvo responsabilidad en el 2-2 parcial de Luka Jovic. Tuvo una sola atajada, muy tranquila, en el segundo tiempo sobre Christian Pulisic.<\/p>\n<\/div>\n<div type=\"embed\" class=\"sc-7ce6049-0 dwIKul\">\n<div class=\"sc-7ce6049-1 bdcBBS videoText\" id=\"contentTitleembed6aJJMWF3\" type=\"embed\" readability=\"56\"><svg fill=\"#ffffff\"><symbol id=\"play\" viewBox=\"0 0 512 512\"><path d=\"M512 256C512 397.4 397.4 512 256 512C114.6 512 0 397.4 0 256C0 114.6 114.6 0 256 0C397.4 0 512 114.6 512 256zM176 168V344C176 352.7 180.7 360.7 188.3 364.9C195.8 369.2 205.1 369 212.5 364.5L356.5 276.5C363.6 272.1 368 264.4 368 256C368 247.6 363.6 239.9 356.5 235.5L212.5 147.5C205.1 142.1 195.8 142.8 188.3 147.1C180.7 151.3 176 159.3 176 168V168z\" \/><\/symbol><use xlink:href=\"#play\" \/><\/svg><\/p>\n<div class=\"right\" readability=\"7\">\n<p>Dami\u00e1n Emiliano Mart\u00ednez<!-- --> &#8211;<!-- --> <span>9-12-2023<\/span><\/p>\n<h2 class=\"title-vid\">Gran atajada del Dibu Mart\u00ednez ante Arsenal<\/h2>\n<\/div>\n<\/div>\n<p><span class=\"back\" id=\"spanBackembed6aJJMWF3\"><\/span><\/div>\n<div class=\"custom-text \" readability=\"41\">\n<p>&#8211;<strong>Nicol\u00e1s Otamendi<\/strong> (Benfica): El zaguero fue una de las figuras del Benfica en el empate 1-1 contra Farense, el cual alej\u00f3 a las \u00c1guilas de la cima de la Primeira Liga. El capit\u00e1n complet\u00f3 los 90&#8242; y se destac\u00f3 con 53 pases, 10 disputas de bal\u00f3n ganadas (de 19), siete despejes y cinco intercepciones. Adem\u00e1s, remat\u00f3 dos veces de cabeza: uno al palo y, el otro, atajado por el arquero.<\/p>\n<\/div>\n<div class=\"custom-text \" readability=\"39\">\n<p>&#8211;<strong>Germ\u00e1n Pezzella <\/strong>(Betis): Quiz\u00e1s el punto m\u00e1s flojo de un Betis que pudo igualar 1-1 ante el poderoso Real Madrid. El defensor, capit\u00e1n de los B\u00e9ticos, tuvo una gran precisi\u00f3n con el bal\u00f3n: solamente err\u00f3 un pase de los 39 que intent\u00f3. Adem\u00e1s, registr\u00f3 dos intercepciones, dos disparos bloqueados y dos despejes. El punto d\u00e9bil fue el hecho de no haber ganado ninguna de las cinco disputas del bal\u00f3n que tuvo y fue gambeteado en tres oportunidades.<\/p>\n<\/div>\n<div class=\"custom-text \" readability=\"36\">\n<p>&#8211;<strong>Pablo Maffeo<\/strong> (Mallorca): Fue titular en la gran victoria 1-0 del Mallorca sobre Sevilla. Javier Aguirre lo utiliz\u00f3 como carrilero por la banda derecha y el espa\u00f1ol nacionalizado argentino tuvo mucho desequilibrio. Se proyect\u00f3 bien por la banda y gener\u00f3 dos situaciones de gol, a ra\u00edz de remates lejanos. El punto flojo fueron los centros: no acert\u00f3 ninguno de los tres que tir\u00f3. <\/p>\n<\/div>\n<div class=\"sc-e7b891c4-0 jPbnQF\"><img alt=\"Otamendi, en el duelo ante Farense por la Primeira Liga. (REUTER)\" src=\"http:\/\/hoycordobaweb.com\/wp-content\/uploads\/2023\/12\/el-1x1-de-la-seleccion-este-fin-de-semana-premier-seria-a-laliga-y-mas-2.jpg\" width=\"720\" height=\"100\" decoding=\"async\" data-nimg=\"future\" loading=\"lazy\"><span class=\"epigraphe\">Otamendi, en el duelo ante Farense por la Primeira Liga. (REUTER)<\/span><\/div>\n<div class=\"custom-text \" readability=\"41\">\n<p><strong>-\u00c1ngel Di Mar\u00eda<\/strong> (Benfica): La figura del Benfica, a pesar del empate 1-1 ante Farense. El Fideo jug\u00f3 un gran partido, mostr\u00e1ndose punzante y desequilibrante por la banda derecha. La pelota pas\u00f3 por sus pies en \u00a1109 ocasiones! Adem\u00e1s, complet\u00f3 cuatro gambetas, gener\u00f3 nueve chances de gol y remat\u00f3 seis beses (dos al arco, uno afuera y tres bloqueados). El d\u00e9ficit, el centro: intent\u00f3 28 y solo acert\u00f3 seis.<\/p>\n<\/div>\n<div class=\"custom-text \" readability=\"41\">\n<p>&#8211;<strong>Lucas Ocampos<\/strong> (Sevilla): Fue parte del 11 del Sevilla que cay\u00f3 1-0 en Mallorca. El extremo argentino estuvo situado por la banda derecha, aunque tambi\u00e9n se dio la libertad de jugar, por momentos, por la izquierda. Tuvo 54 intervenciones, entre las cuales brind\u00f3 21 pases de 27 intentados, gambete\u00f3 en una oportunidad y remat\u00f3 cuatro veces (dos al arco, muy claras).<\/p>\n<\/div>\n<div class=\"custom-text \" readability=\"39\">\n<p>&#8211;<strong>Lautaro Mart\u00ednez <\/strong>(Inter): El Toro est\u00e1 intratable en la Serie A. Con un golazo desde media distancia, contribuy\u00f3 en el 4-0 del Inter sobre el Udinese, que mantiene al Nerazzurro en la cima del Calcio. Adem\u00e1s, estrell\u00f3 un cabezazo en el palo en el inicio del partido. Con este festejo, Lautaro lleg\u00f3 a los 14 en 15 fechas y es capocannoniere absoluto.<\/p>\n<\/div>\n<div type=\"embed\" class=\"sc-7ce6049-0 dwIKul\">\n<div class=\"sc-7ce6049-1 bdcBBS videoText\" id=\"contentTitleembedahISa25o\" type=\"embed\" readability=\"56\"><svg fill=\"#ffffff\"><symbol id=\"play\" viewBox=\"0 0 512 512\"><path d=\"M512 256C512 397.4 397.4 512 256 512C114.6 512 0 397.4 0 256C0 114.6 114.6 0 256 0C397.4 0 512 114.6 512 256zM176 168V344C176 352.7 180.7 360.7 188.3 364.9C195.8 369.2 205.1 369 212.5 364.5L356.5 276.5C363.6 272.1 368 264.4 368 256C368 247.6 363.6 239.9 356.5 235.5L212.5 147.5C205.1 142.1 195.8 142.8 188.3 147.1C180.7 151.3 176 159.3 176 168V168z\" \/><\/symbol><use xlink:href=\"#play\" \/><\/svg><\/p>\n<div class=\"right\" readability=\"7\">\n<p>Lautaro Mart\u00ednez<!-- --> &#8211;<!-- --> <span>9-12-2023<\/span><\/p>\n<h2 class=\"title-vid\">el gol de Lautaro al Udinese<\/h2>\n<\/div>\n<\/div>\n<p><span class=\"back\" id=\"spanBackembedahISa25o\"><\/span><\/div>\n<p><h2><strong><em>Los ausentes de la Selecci\u00f3n este fin de semana<\/em><\/strong><\/h2>\n<\/p>\n<div class=\"custom-text \" readability=\"33\">\n<p>&#8211;<strong>Gonzalo Montiel <\/strong>(Nottingham Forest): No fue convocado por Steve Cooper en el empate 1-1 del Nottingham Forest con Wolverhampton. Ya no tendr\u00eda lugar en el equipo.<\/p>\n<\/div>\n<div class=\"custom-text \" readability=\"33\">\n<p>&#8211;<strong>Marcos Acu\u00f1a<\/strong> (Sevilla): No fue citado por Jos\u00e9 Luis Mendilibar en la derrota 1-0 del Sevilla ante el Mallorca. En su lugar estuvo Adri\u00e1 Pedrosa.<\/p>\n<\/div>\n<div class=\"custom-text \" readability=\"37\">\n<p>&#8211;<strong>Alexis Mac Allister <\/strong>(Liverpool): Se perdi\u00f3 la victoria 2-1 del Liverpool sobre Crystal Palace por una lesi\u00f3n sufrida ante Sheffield United. Seg\u00fan el propio J\u00fcrgen Klopp, tampoco est\u00e1 garantizada su presencia entre semana, para el compromiso de los Reds por Europa League ante el Royal Union Saint-Gilloise.<\/p>\n<\/div>\n<div class=\"custom-text \" readability=\"35\">\n<p>&#8211;<strong>Guido Rodr\u00edguez <\/strong>(Betis): El volante central se fractur\u00f3 el distal del peron\u00e9 de su pierna derecha durante una pr\u00e1ctica del Betis, estuvo ausente en el empate 1-1 con el Real Madrid y estar\u00e1 afuera de las ca\u00f1as hasta 2024.<\/p>\n<\/div>\n<div class=\"custom-text \" readability=\"36\">\n<p>&#8211;<strong>Lionel Messi <\/strong>(Inter Miami): Como el Inter Miami no logr\u00f3 meterse en los playoffs de la MLS, ya no tiene partidos en lo que resta del a\u00f1o. El \u00faltimo fue el 10\/11, en el amistoso organizado ante New York City para homenajear el Bal\u00f3n de Oro de Leo.<\/p>\n<\/div>\n<div class=\"sc-e7b891c4-0 jPbnQF\"><img alt=\"Mac Allister sali\u00f3 lesionado ante Sheffield United y no estuvo frente a Crystal Palace(AFP)\" src=\"http:\/\/hoycordobaweb.com\/wp-content\/uploads\/2023\/12\/el-1x1-de-la-seleccion-este-fin-de-semana-premier-seria-a-laliga-y-mas-3.jpg\" width=\"720\" height=\"100\" decoding=\"async\" data-nimg=\"future\" loading=\"lazy\"><span class=\"epigraphe\">Mac Allister sali\u00f3 lesionado ante Sheffield United y no estuvo frente a Crystal Palace(AFP)<\/span><\/div>\n<p><h2><strong><em>Los que a\u00fan faltan jugar<\/em><\/strong><\/h2>\n<\/p>\n<p><h3><strong><em>S\u00e1bado<\/em><\/strong><\/h3>\n<\/p>\n<div class=\"custom-text \" readability=\"32\">\n<p>22.00: River (<strong>Armani<\/strong>) vs. Rosario Central<\/p>\n<\/div>\n<p><h3><strong><em>Domingo<\/em><\/strong><\/h3>\n<\/p>\n<div class=\"custom-text \" readability=\"32\">\n<p>10.00: Atl. de Madrid (<strong>Molina <\/strong>y <strong>De Paul<\/strong>) vs. Almer\u00eda<\/p>\n<\/div>\n<div class=\"custom-text \" readability=\"32\">\n<p>11.00: Everton vs. Chelsea (<strong>Enzo<\/strong>)<\/p>\n<\/div>\n<div class=\"custom-text \" readability=\"32\">\n<p>11.00: Luton Town vs. Manchester City (<strong>Juli\u00e1n<\/strong>)<\/p>\n<\/div>\n<div class=\"custom-text \" readability=\"32\">\n<p>11.30: Stuttgart vs. Leverkusen (<strong>Palacios<\/strong>)<\/p>\n<\/div>\n<div class=\"custom-text \" readability=\"32\">\n<p>13.05: Lyon (<strong>Tagliafico<\/strong>) vs. Toulouse<\/p>\n<\/div>\n<div class=\"custom-text \" readability=\"32\">\n<p>13.30: Tottenham (<strong>Cuti <\/strong>y <strong>Lo Celso<\/strong>) vs. Newcastle<\/p>\n<\/div>\n<div class=\"custom-text \" readability=\"32\">\n<p>16.45: Roma (<strong>Paredes <\/strong>y <strong>Dybala<\/strong>) vs. Fiorentina (<strong>Mart\u00ednez Quarta<\/strong> y <strong>Nico Gonz\u00e1lez<\/strong>)<\/p>\n<\/div>\n<div class=\"sc-e7b891c4-0 jPbnQF\"><img alt=\"Paulo viene de ser la figura de la Roma ante Sassuolo. (EFE)\" src=\"http:\/\/hoycordobaweb.com\/wp-content\/uploads\/2023\/12\/el-1x1-de-la-seleccion-este-fin-de-semana-premier-seria-a-laliga-y-mas-4.jpg\" width=\"720\" height=\"100\" decoding=\"async\" data-nimg=\"future\" loading=\"lazy\"><span class=\"epigraphe\">Paulo viene de ser la figura de la Roma ante Sassuolo. (EFE)<\/span><\/div>\n<\/div>\n","protected":false},"excerpt":{"rendered":"<p>09\/12\/2023 20:52hs. Los futbolistas de la Selecci\u00f3n Argentina van cerrando el 2023 con sus respectivos clubes, luego de un gran arranque de Eliminatorias Sudamericanas. Mientras la gran mayor\u00eda tuvo participaci\u00f3n en Inglaterra, Espa\u00f1a, Italia y otros rincones del Viejo Continente, hubo otros que estuvieron ausentes por diferentes motivos. \u00bfC\u00f3mo les fue a cada uno? El [&hellip;]<\/p>\n","protected":false},"author":1,"featured_media":71008,"comment_status":"open","ping_status":"closed","sticky":false,"template":"","format":"standard","meta":[],"categories":[16],"tags":[],"_links":{"self":[{"href":"http:\/\/hoycordobaweb.com\/index.php\/wp-json\/wp\/v2\/posts\/71007"}],"collection":[{"href":"http:\/\/hoycordobaweb.com\/index.php\/wp-json\/wp\/v2\/posts"}],"about":[{"href":"http:\/\/hoycordobaweb.com\/index.php\/wp-json\/wp\/v2\/types\/post"}],"author":[{"embeddable":true,"href":"http:\/\/hoycordobaweb.com\/index.php\/wp-json\/wp\/v2\/users\/1"}],"replies":[{"embeddable":true,"href":"http:\/\/hoycordobaweb.com\/index.php\/wp-json\/wp\/v2\/comments?post=71007"}],"version-history":[{"count":0,"href":"http:\/\/hoycordobaweb.com\/index.php\/wp-json\/wp\/v2\/posts\/71007\/revisions"}],"wp:featuredmedia":[{"embeddable":true,"href":"http:\/\/hoycordobaweb.com\/index.php\/wp-json\/wp\/v2\/media\/71008"}],"wp:attachment":[{"href":"http:\/\/hoycordobaweb.com\/index.php\/wp-json\/wp\/v2\/media?parent=71007"}],"wp:term":[{"taxonomy":"category","embeddable":true,"href":"http:\/\/hoycordobaweb.com\/index.php\/wp-json\/wp\/v2\/categories?post=71007"},{"taxonomy":"post_tag","embeddable":true,"href":"http:\/\/hoycordobaweb.com\/index.php\/wp-json\/wp\/v2\/tags?post=71007"}],"curies":[{"name":"wp","href":"https:\/\/api.w.org\/{rel}","templated":true}]}}