{"id":70993,"date":"2023-12-09T17:38:06","date_gmt":"2023-12-09T17:38:06","guid":{"rendered":"https:\/\/ladecimaweb.com\/?p=23070"},"modified":"2023-12-09T17:38:06","modified_gmt":"2023-12-09T17:38:06","slug":"a-cinco-anos-de-la-gloria-eterna-de-river-en-madrid","status":"publish","type":"post","link":"http:\/\/hoycordobaweb.com\/index.php\/2023\/12\/09\/a-cinco-anos-de-la-gloria-eterna-de-river-en-madrid\/","title":{"rendered":"A cinco a\u00f1os de la Gloria Eterna de River en Madrid"},"content":{"rendered":"<div class=\"boldgrid-section\">\n<div class=\"container\">\n<div class=\"row\">\n<div class=\"col-md-12 col-xs-12 col-sm-12\">\n<p class=\"\"><span>(T\u00e9lam) El 9 de diciembre de 2018 qued\u00f3 marcado en la historia de River para siempre. El d\u00eda de la final &#8220;eterna&#8221;, el triunfo en el partido de vuelta de la Copa Libertadores sobre Boca por 3 a 1 en Madrid, cumple este s\u00e1bado su quinto aniversario y es motivo de festejo.<\/span><\/p>\n<p><span>La avant premiere de &#8220;Cierren los Ojos&#8221;, una pel\u00edcula documental que cuenta el \u00e9pico triunfo del equipo de Marcelo Gallardo en la capital espa\u00f1ola, comenzar\u00e1 este s\u00e1bado a las 20.10 en el Movistar Arena. La gala contar\u00e1 con protagonistas de ese encuentro jugado en el m\u00edtico estadio Santiago Bernab\u00e9u, habr\u00e1 m\u00fasica en vivo y elementos hist\u00f3ricos del museo de River, entre otras sorpresas, para que los hinchas millonarios disfruten de una jornada especial.<\/span><\/p>\n<p><span>Despu\u00e9s de la funci\u00f3n, se podr\u00e1 ver en pantalla gigante el partido por las semifinales de la Copa de la Liga que River, dirigido por Mart\u00edn Demichelis y con varios protagonistas de aquella final en el plantel, jugar\u00e1 contra Rosario Central en el estadio Mario Alberto Kempes de C\u00f3rdoba, desde las 22.<\/span><\/p>\n<div class=\"twitter-tweet twitter-tweet-rendered\"><iframe id=\"twitter-widget-0\" class=\"\" title=\"X Post\" src=\"https:\/\/platform.twitter.com\/embed\/Tweet.html?creatorScreenName=agenciatelam&amp;dnt=false&amp;embedId=twitter-widget-0&amp;features=eyJ0ZndfdGltZWxpbmVfbGlzdCI6eyJidWNrZXQiOltdLCJ2ZXJzaW9uIjpudWxsfSwidGZ3X2ZvbGxvd2VyX2NvdW50X3N1bnNldCI6eyJidWNrZXQiOnRydWUsInZlcnNpb24iOm51bGx9LCJ0ZndfdHdlZXRfZWRpdF9iYWNrZW5kIjp7ImJ1Y2tldCI6Im9uIiwidmVyc2lvbiI6bnVsbH0sInRmd19yZWZzcmNfc2Vzc2lvbiI6eyJidWNrZXQiOiJvbiIsInZlcnNpb24iOm51bGx9LCJ0ZndfZm9zbnJfc29mdF9pbnRlcnZlbnRpb25zX2VuYWJsZWQiOnsiYnVja2V0Ijoib24iLCJ2ZXJzaW9uIjpudWxsfSwidGZ3X21peGVkX21lZGlhXzE1ODk3Ijp7ImJ1Y2tldCI6InRyZWF0bWVudCIsInZlcnNpb24iOm51bGx9LCJ0ZndfZXhwZXJpbWVudHNfY29va2llX2V4cGlyYXRpb24iOnsiYnVja2V0IjoxMjA5NjAwLCJ2ZXJzaW9uIjpudWxsfSwidGZ3X3Nob3dfYmlyZHdhdGNoX3Bpdm90c19lbmFibGVkIjp7ImJ1Y2tldCI6Im9uIiwidmVyc2lvbiI6bnVsbH0sInRmd19kdXBsaWNhdGVfc2NyaWJlc190b19zZXR0aW5ncyI6eyJidWNrZXQiOiJvbiIsInZlcnNpb24iOm51bGx9LCJ0ZndfdXNlX3Byb2ZpbGVfaW1hZ2Vfc2hhcGVfZW5hYmxlZCI6eyJidWNrZXQiOiJvbiIsInZlcnNpb24iOm51bGx9LCJ0ZndfdmlkZW9faGxzX2R5bmFtaWNfbWFuaWZlc3RzXzE1MDgyIjp7ImJ1Y2tldCI6InRydWVfYml0cmF0ZSIsInZlcnNpb24iOm51bGx9LCJ0ZndfbGVnYWN5X3RpbWVsaW5lX3N1bnNldCI6eyJidWNrZXQiOnRydWUsInZlcnNpb24iOm51bGx9LCJ0ZndfdHdlZXRfZWRpdF9mcm9udGVuZCI6eyJidWNrZXQiOiJvbiIsInZlcnNpb24iOm51bGx9fQ%3D%3D&amp;frame=false&amp;hideCard=false&amp;hideThread=false&amp;id=1733459483286712753&amp;lang=es&amp;origin=https%3A%2F%2Fwww.telam.com.ar%2Fnotas%2F202312%2F648960-river-9-de-diciembre-boca-campeon-marcelo-gallardo-madrid-santiago-bernabeu-real-madrid.html&amp;sessionId=1cb35dd389b8092b63dad6d5b6e70d68c692d3a6&amp;siteScreenName=agenciatelam&amp;theme=light&amp;widgetsVersion=b2c2611296916%3A1702048662315&amp;width=550px\" frameborder=\"0\" scrolling=\"no\" allowfullscreen=\"allowfullscreen\" data-tweet-id=\"1733459483286712753\" data-mce-fragment=\"1\"><\/iframe><\/div>\n<p><span>&#8220;No puedo m\u00e1s. No hay nada m\u00e1s que esto, no hay nada m\u00e1s&#8221;, qued\u00f3 como una de las frases hist\u00f3ricas del Mu\u00f1eco Gallardo en el campo del estadio del Real Madrid despu\u00e9s del 3-1 al Boca de Guillermo Barros Schelotto, en la mayor alegr\u00eda deportiva de su vida y de toda una generaci\u00f3n de hinchas de River.<\/span><\/p>\n<p><span>Boca y River jugaron la primera final de aquella Copa en La Bombonera, el 11 de noviembre (el 10 no se pudo jugar por lluvias torrenciales), y empataron 2-2. Ram\u00f3n \u00c1bila abri\u00f3 el marcador para los &#8220;Xeneizes&#8221; a los 34 minutos, aunque Lucas Pratto empat\u00f3 un minuto despu\u00e9s para River. Dar\u00edo Benedetto volvi\u00f3 a poner en ventaja a Boca, pero un gol en contra de Carlos Izquierdoz dej\u00f3 las cosas 2-2 en la ida.<\/span><\/p>\n<p><span>Gallardo, que estaba suspendido por la Conmebol, no pudo asistir a La Bombonera y tampoco pod\u00eda estar en el banco en la segunda final.<\/span><\/p>\n<p><span>La revancha estaba programada para el 24 de noviembre en el Monumental. M\u00e1s de 60.000 hinchas hab\u00edan llenado el estadio con toda la ilusi\u00f3n, pero incidentes con el micro que trasladaba a los jugadores de Boca -los simpatizantes Millonarios apedrearon el \u00f3mnibus del equipo rival- determin\u00f3 la suspensi\u00f3n. Primero para las horas siguientes, luego para el d\u00eda despu\u00e9s y finalmente los dirigentes del ente que rige el f\u00fatbol sudamericano decidieron -en un hecho in\u00e9dito- que el partido de vuelta de la final se jugara en Espa\u00f1a, el 9 de diciembre.<\/span><\/p>\n<figure class=\"mb-3\">\n<p class=\"mod-reset\"><img loading=\"lazy\" class=\" lazy \" src=\"http:\/\/hoycordobaweb.com\/wp-content\/uploads\/2023\/12\/a-cinco-anos-de-la-gloria-eterna-de-river-en-madrid.jpg\" alt=\"Foto Archivo\" width=\"100%\" height=\"100%\"><\/p>\n<div class=\"media-icons\"><i class=\"fab fa-pinterest-p\"><\/i><i class=\"fas fa-expand-arrows-alt\"><\/i><\/div><figcaption>Foto: Archivo<\/figcaption><\/figure>\n<p><span>Toda esa previa y la desorganizaci\u00f3n de la Conmebol le termin\u00f3 dando m\u00e1s \u00e9pica al t\u00edtulo. Tambi\u00e9n la manera en la que se dio la definici\u00f3n. Boca volvi\u00f3 a ponerse en ventaja con el gol de &#8220;Pipa&#8221; Benedetto y fue nuevamente el &#8220;Oso&#8221; Pratto quien marc\u00f3 el empate. Igualaron en los 90 minutos y hubo suplementario. Ah\u00ed llegaron los goles de Juan Fernando Quintero y de Gonzalo Mart\u00ednez. Y se desat\u00f3 el festejo y la alegr\u00eda del equipo de Gallardo y de los hinchas de River en todo el mundo.<\/span><\/p>\n<p><span>River hab\u00eda quedado primero en su grupo en esa edici\u00f3n de la Copa, con victorias sobre Flamengo de Brasil, Independiente Santa Fe de Colombia y Emelec de Ecuador.<\/span><\/p>\n<p><span>En las instancias de eliminaci\u00f3n directa, el equipo de Gallardo le gan\u00f3 a Racing (3-0 en el segundo partido tras igualar 0-0 la ida) en los octavos de final; a Independiente (3-1 en la vuelta luego de empate sin goles) en los cuartos de final y tuvo una semifinal sufrida contra Gremio de Brasil.<\/span><\/p>\n<figure class=\"mb-3\">\n<p class=\"mod-reset\"><img loading=\"lazy\" class=\" lazy \" src=\"http:\/\/hoycordobaweb.com\/wp-content\/uploads\/2023\/12\/a-cinco-anos-de-la-gloria-eterna-de-river-en-madrid-1.jpg\" alt=\"Foto Archivo\" width=\"100%\" height=\"100%\"><\/p>\n<div class=\"media-icons\"><i class=\"fab fa-pinterest-p\"><\/i><i class=\"fas fa-expand-arrows-alt\"><\/i><\/div><figcaption>Foto: Archivo<\/figcaption><\/figure>\n<p><span>En la ida,en el Monumental, River perdi\u00f3 1-0 y Gallardo tir\u00f3 otra de las frases que quedaron guardadas en la mente del hincha. &#8220;Es una situaci\u00f3n adversa, el desaf\u00edo ser\u00e1 mayor y tenemos una oportunidad. As\u00ed lo tomamos y nos enfocamos en eso. Que la gente crea porque tiene con qu\u00e9 creer&#8221;.<\/span><\/p>\n<p><span>En la revancha, en Porto Alegre, L\u00e9o Gomes abri\u00f3 el marcador a los 38&#8242; del primer tiempo y parec\u00eda el final para el &#8220;Millonario&#8221;. Con la serie 0-2 y apenas 45 minutos por delante, Gallardo, quien estaba sancionado y se comunicada por handy con Mat\u00edas Biscay, baj\u00f3 al vestuario del Arena do Gremio a hablar con sus jugadores. La fuerte sanci\u00f3n que le dieron despu\u00e9s -y por la que no pudo dirigir en cancha a su equipo en los dos partidos de la final- no import\u00f3. A los 37 minutos del segundo tiempo, tras un tiro libre de Gonzalo Mart\u00ednez, el colombiano Rafael Borr\u00e9 meti\u00f3 un cabezazo desde el borde del \u00e1rea chica para poner el 1-1.<\/span><\/p>\n<figure class=\"mb-3\">\n<p class=\"mod-reset\"><img loading=\"lazy\" class=\" lazy \" src=\"http:\/\/hoycordobaweb.com\/wp-content\/uploads\/2023\/12\/a-cinco-anos-de-la-gloria-eterna-de-river-en-madrid-2.jpg\" alt=\"Foto Archivo\" width=\"100%\" height=\"100%\"><\/p>\n<div class=\"media-icons\"><i class=\"fab fa-pinterest-p\"><\/i><i class=\"fas fa-expand-arrows-alt\"><\/i><\/div><figcaption>Foto: Archivo<\/figcaption><\/figure>\n<p><span>A pocos minutos del final, Ignacio Scocco remat\u00f3, la pelota se desvi\u00f3 en Bressan y el \u00e1rbitro uruguayo Cunha dio c\u00f3rner. La jugada fue tan r\u00e1pida que no hubo reclamos, pero el VAR llam\u00f3 al \u00e1rbitro, que vio una mano del defensor de Gremio y cobr\u00f3 penal. &#8220;Pity&#8221; Mart\u00ednez lo convirti\u00f3 con categor\u00eda para el 2-1 y clasificar a River a una final que ser\u00eda hist\u00f3rica.<\/span><\/p>\n<div class=\"twitter-tweet twitter-tweet-rendered\"><iframe id=\"twitter-widget-1\" class=\"\" title=\"X Post\" src=\"https:\/\/platform.twitter.com\/embed\/Tweet.html?creatorScreenName=agenciatelam&amp;dnt=false&amp;embedId=twitter-widget-1&amp;features=eyJ0ZndfdGltZWxpbmVfbGlzdCI6eyJidWNrZXQiOltdLCJ2ZXJzaW9uIjpudWxsfSwidGZ3X2ZvbGxvd2VyX2NvdW50X3N1bnNldCI6eyJidWNrZXQiOnRydWUsInZlcnNpb24iOm51bGx9LCJ0ZndfdHdlZXRfZWRpdF9iYWNrZW5kIjp7ImJ1Y2tldCI6Im9uIiwidmVyc2lvbiI6bnVsbH0sInRmd19yZWZzcmNfc2Vzc2lvbiI6eyJidWNrZXQiOiJvbiIsInZlcnNpb24iOm51bGx9LCJ0ZndfZm9zbnJfc29mdF9pbnRlcnZlbnRpb25zX2VuYWJsZWQiOnsiYnVja2V0Ijoib24iLCJ2ZXJzaW9uIjpudWxsfSwidGZ3X21peGVkX21lZGlhXzE1ODk3Ijp7ImJ1Y2tldCI6InRyZWF0bWVudCIsInZlcnNpb24iOm51bGx9LCJ0ZndfZXhwZXJpbWVudHNfY29va2llX2V4cGlyYXRpb24iOnsiYnVja2V0IjoxMjA5NjAwLCJ2ZXJzaW9uIjpudWxsfSwidGZ3X3Nob3dfYmlyZHdhdGNoX3Bpdm90c19lbmFibGVkIjp7ImJ1Y2tldCI6Im9uIiwidmVyc2lvbiI6bnVsbH0sInRmd19kdXBsaWNhdGVfc2NyaWJlc190b19zZXR0aW5ncyI6eyJidWNrZXQiOiJvbiIsInZlcnNpb24iOm51bGx9LCJ0ZndfdXNlX3Byb2ZpbGVfaW1hZ2Vfc2hhcGVfZW5hYmxlZCI6eyJidWNrZXQiOiJvbiIsInZlcnNpb24iOm51bGx9LCJ0ZndfdmlkZW9faGxzX2R5bmFtaWNfbWFuaWZlc3RzXzE1MDgyIjp7ImJ1Y2tldCI6InRydWVfYml0cmF0ZSIsInZlcnNpb24iOm51bGx9LCJ0ZndfbGVnYWN5X3RpbWVsaW5lX3N1bnNldCI6eyJidWNrZXQiOnRydWUsInZlcnNpb24iOm51bGx9LCJ0ZndfdHdlZXRfZWRpdF9mcm9udGVuZCI6eyJidWNrZXQiOiJvbiIsInZlcnNpb24iOm51bGx9fQ%3D%3D&amp;frame=false&amp;hideCard=false&amp;hideThread=false&amp;id=1733307783376736750&amp;lang=es&amp;origin=https%3A%2F%2Fwww.telam.com.ar%2Fnotas%2F202312%2F648960-river-9-de-diciembre-boca-campeon-marcelo-gallardo-madrid-santiago-bernabeu-real-madrid.html&amp;sessionId=1cb35dd389b8092b63dad6d5b6e70d68c692d3a6&amp;siteScreenName=agenciatelam&amp;theme=light&amp;widgetsVersion=b2c2611296916%3A1702048662315&amp;width=550px\" frameborder=\"0\" scrolling=\"no\" allowfullscreen=\"allowfullscreen\" data-tweet-id=\"1733307783376736750\" data-mce-fragment=\"1\"><\/iframe><\/div>\n<p><span>&#8220;Imag\u00ednense el dolor que estar\u00edamos sintiendo si eso no hubiese pasado. Ahora abran los ojos y vean que es una realidad que ganamos la final m\u00e1s hermosa del mundo. Y lo va a ser todos los 9 de diciembre para el resto de nuestras vidas&#8221;, expres\u00f3 Gallardo en el primer aniversario. Este domingo, a cinco a\u00f1os, se volver\u00e1 a recordar uno de los mayores hitos de la historia del f\u00fatbol argentino.<\/span><\/p>\n<p>&nbsp;<\/p>\n<div class=\"ubm_banner\"><a href=\"http:\/\/www.cba.gov.ar\/prevencion-incendios\" target=\"_blank\" rel=\"dofollow noopener noreferrer\"><img src=\"http:\/\/hoycordobaweb.com\/wp-content\/uploads\/2023\/12\/a-cinco-anos-de-la-gloria-eterna-de-river-en-madrid.gif\" alt=\"\"><\/a><\/div>\n<\/div>\n<\/div>\n<\/div>\n<\/div>\n<p>La entrada <a rel=\"nofollow\" href=\"https:\/\/ladecimaweb.com\/a-cinco-anos-de-la-gloria-eterna-de-river-en-madrid\/\">A cinco a\u00f1os de la Gloria Eterna de River en Madrid<\/a> se public\u00f3 primero en <a rel=\"nofollow\" href=\"https:\/\/ladecimaweb.com\">LaDecima<\/a>.<\/p>\n","protected":false},"excerpt":{"rendered":"<p>(T\u00e9lam) El 9 de diciembre de 2018 qued\u00f3 marcado en la historia de River para siempre. El d\u00eda de la final &#8220;eterna&#8221;, el triunfo en el partido de vuelta de la Copa Libertadores sobre Boca por 3 a 1 en Madrid, cumple este s\u00e1bado su quinto aniversario y es motivo de festejo. La avant premiere [&hellip;]<\/p>\n","protected":false},"author":1,"featured_media":70994,"comment_status":"closed","ping_status":"closed","sticky":false,"template":"","format":"standard","meta":[],"categories":[16,19],"tags":[],"_links":{"self":[{"href":"http:\/\/hoycordobaweb.com\/index.php\/wp-json\/wp\/v2\/posts\/70993"}],"collection":[{"href":"http:\/\/hoycordobaweb.com\/index.php\/wp-json\/wp\/v2\/posts"}],"about":[{"href":"http:\/\/hoycordobaweb.com\/index.php\/wp-json\/wp\/v2\/types\/post"}],"author":[{"embeddable":true,"href":"http:\/\/hoycordobaweb.com\/index.php\/wp-json\/wp\/v2\/users\/1"}],"replies":[{"embeddable":true,"href":"http:\/\/hoycordobaweb.com\/index.php\/wp-json\/wp\/v2\/comments?post=70993"}],"version-history":[{"count":0,"href":"http:\/\/hoycordobaweb.com\/index.php\/wp-json\/wp\/v2\/posts\/70993\/revisions"}],"wp:featuredmedia":[{"embeddable":true,"href":"http:\/\/hoycordobaweb.com\/index.php\/wp-json\/wp\/v2\/media\/70994"}],"wp:attachment":[{"href":"http:\/\/hoycordobaweb.com\/index.php\/wp-json\/wp\/v2\/media?parent=70993"}],"wp:term":[{"taxonomy":"category","embeddable":true,"href":"http:\/\/hoycordobaweb.com\/index.php\/wp-json\/wp\/v2\/categories?post=70993"},{"taxonomy":"post_tag","embeddable":true,"href":"http:\/\/hoycordobaweb.com\/index.php\/wp-json\/wp\/v2\/tags?post=70993"}],"curies":[{"name":"wp","href":"https:\/\/api.w.org\/{rel}","templated":true}]}}