{"id":70972,"date":"2023-12-09T01:52:00","date_gmt":"2023-12-09T01:52:00","guid":{"rendered":"http:\/\/hoycordobaweb.com\/index.php\/2023\/12\/09\/la-ciudad-de-buenos-aires-encendio-las-luces-de-16-arboles-navidenos\/"},"modified":"2023-12-09T01:52:00","modified_gmt":"2023-12-09T01:52:00","slug":"la-ciudad-de-buenos-aires-encendio-las-luces-de-16-arboles-navidenos","status":"publish","type":"post","link":"http:\/\/hoycordobaweb.com\/index.php\/2023\/12\/09\/la-ciudad-de-buenos-aires-encendio-las-luces-de-16-arboles-navidenos\/","title":{"rendered":"La Ciudad de Buenos Aires encendi\u00f3 las luces de 16 \u00e1rboles navide\u00f1os"},"content":{"rendered":"<p><img src=\"http:\/\/hoycordobaweb.com\/wp-content\/uploads\/2023\/12\/la-ciudad-de-buenos-aires-encendio-las-luces-de-16-arboles-navidenos.jpg\"><\/p>\n<figure class=\"mb-3\"><img loading=\"lazy\" data-src=\"http:\/\/hoycordobaweb.com\/wp-content\/uploads\/2023\/12\/la-ciudad-de-buenos-aires-encendio-las-luces-de-16-arboles-navidenos-2.jpg\" src=\"https:\/\/www.telam.com.ar\/assets\/img\/not_image.png\" class=\" lazy \" width=\"100%\" height=\"100%\" alt=\"Foto Fernando Gens\"><figcaption> Foto: Fernando Gens. <\/figcaption><\/figure>\n<p><strong>Las luces de 16 \u00e1rboles de Navidad y de las guirnaldas con focos sustentables<\/strong> que fueron colocadas para adornar la Ciudad de Buenos Aires en distintos barios fueron encendidas para iniciar los festejos navide\u00f1os y del Fin de A\u00f1o que se avecina, indic\u00f3 el Ministerio de Espacio P\u00fablico e Higiene Urbana porte\u00f1o.<\/p>\n<p>Decenas de personas, entre ellos varios turistas extranjeros y llegados de otras provincias por el fin de semana largo, participaron del <strong>encendido de las luces la Plaza de la Rep\u00fablica<\/strong>, donde el portal de BA Verde frente al Obelisco que \u00abtransformado\u00bb en \u00e1rbol de Navidad, en un acto que cont\u00f3 con el show art\u00edstico de un coro de gospel.<\/p>\n<figure class=\"mb-3\"><img loading=\"lazy\" data-src=\"http:\/\/hoycordobaweb.com\/wp-content\/uploads\/2023\/12\/la-ciudad-de-buenos-aires-encendio-las-luces-de-16-arboles-navidenos-3.jpg\" src=\"https:\/\/www.telam.com.ar\/assets\/img\/not_image.png\" class=\" lazy \" width=\"100%\" height=\"100%\" alt=\"Foto Fernando Gens\"><figcaption> Foto: Fernando Gens. <\/figcaption><\/figure>\n<p><strong>Desde las 19.30 de este viernes y hasta el 6 de enero se encender\u00e1n m\u00e1s de 900 luces LED de distintos motivos navide\u00f1os<\/strong>, como \u00e1ngeles, estrellas fugaces, cometas o pinos que fueron colocadas en diferentes calles y avenidas, entre los lugares m\u00e1s importantes y transitados de la Ciudad, inform\u00f3 la cartera de Espacio P\u00fablico.<\/p>\n<p>Algunas de las arterias en las que se pueden ver son Avenida de Mayo, Diagonal Norte, Diagonal Sur, Plaza San Mart\u00edn, 9 de Julio, Santa Fe, Pueyrred\u00f3n, Leandro Alem, Diaz V\u00e9lez, San Mart\u00edn, Mart\u00edn Garc\u00eda, Del Libertador, Figueroa Alcorta, Entre R\u00edos, Callao, Corrientes, Boedo, Gaona, S\u00e1enz, Belgrano, Rivadavia, entre otras.<\/p>\n<figure class=\"mb-3\"><img loading=\"lazy\" data-src=\"http:\/\/hoycordobaweb.com\/wp-content\/uploads\/2023\/12\/la-ciudad-de-buenos-aires-encendio-las-luces-de-16-arboles-navidenos-4.jpg\" src=\"https:\/\/www.telam.com.ar\/assets\/img\/not_image.png\" class=\" lazy \" width=\"100%\" height=\"100%\" alt=\"Foto Fernando Gens\"><figcaption> Foto: Fernando Gens. <\/figcaption><\/figure>\n<p>Adem\u00e1s, se instalaron diecis\u00e9is \u00e1rboles de Navidad distribuidos en las quince comunas de la Ciudad, dos de ellos en la comuna 4, que abarca a los barrios de La Boca, Barracas y Parque Patricios.<\/p>\n<p>Estos \u00e1rboles miden 11 metros de altura y est\u00e1n conformados por 23.500 luces LED, las cuales \u00abreducen en m\u00e1s de un cincuenta por ciento el consumo de energ\u00eda en comparaci\u00f3n con luminarias normales\u00bb, inform\u00f3 el gobierno porte\u00f1o.<\/p>\n<figure class=\"mb-3\"><img loading=\"lazy\" data-src=\"http:\/\/hoycordobaweb.com\/wp-content\/uploads\/2023\/12\/la-ciudad-de-buenos-aires-encendio-las-luces-de-16-arboles-navidenos-5.jpg\" src=\"https:\/\/www.telam.com.ar\/assets\/img\/not_image.png\" class=\" lazy \" width=\"100%\" height=\"100%\" alt=\"Foto Fernando Gens\"><figcaption> Foto: Fernando Gens. <\/figcaption><\/figure>\n","protected":false},"excerpt":{"rendered":"<p>Foto: Fernando Gens. Las luces de 16 \u00e1rboles de Navidad y de las guirnaldas con focos sustentables que fueron colocadas para adornar la Ciudad de Buenos Aires en distintos barios fueron encendidas para iniciar los festejos navide\u00f1os y del Fin de A\u00f1o que se avecina, indic\u00f3 el Ministerio de Espacio P\u00fablico e Higiene Urbana porte\u00f1o. [&hellip;]<\/p>\n","protected":false},"author":1,"featured_media":70973,"comment_status":"open","ping_status":"closed","sticky":false,"template":"","format":"standard","meta":[],"categories":[19],"tags":[],"_links":{"self":[{"href":"http:\/\/hoycordobaweb.com\/index.php\/wp-json\/wp\/v2\/posts\/70972"}],"collection":[{"href":"http:\/\/hoycordobaweb.com\/index.php\/wp-json\/wp\/v2\/posts"}],"about":[{"href":"http:\/\/hoycordobaweb.com\/index.php\/wp-json\/wp\/v2\/types\/post"}],"author":[{"embeddable":true,"href":"http:\/\/hoycordobaweb.com\/index.php\/wp-json\/wp\/v2\/users\/1"}],"replies":[{"embeddable":true,"href":"http:\/\/hoycordobaweb.com\/index.php\/wp-json\/wp\/v2\/comments?post=70972"}],"version-history":[{"count":0,"href":"http:\/\/hoycordobaweb.com\/index.php\/wp-json\/wp\/v2\/posts\/70972\/revisions"}],"wp:featuredmedia":[{"embeddable":true,"href":"http:\/\/hoycordobaweb.com\/index.php\/wp-json\/wp\/v2\/media\/70973"}],"wp:attachment":[{"href":"http:\/\/hoycordobaweb.com\/index.php\/wp-json\/wp\/v2\/media?parent=70972"}],"wp:term":[{"taxonomy":"category","embeddable":true,"href":"http:\/\/hoycordobaweb.com\/index.php\/wp-json\/wp\/v2\/categories?post=70972"},{"taxonomy":"post_tag","embeddable":true,"href":"http:\/\/hoycordobaweb.com\/index.php\/wp-json\/wp\/v2\/tags?post=70972"}],"curies":[{"name":"wp","href":"https:\/\/api.w.org\/{rel}","templated":true}]}}