{"id":70960,"date":"2023-12-08T23:35:43","date_gmt":"2023-12-08T23:35:43","guid":{"rendered":"https:\/\/www.ole.com.ar\/futbol-internacional\/gareca-candidatos-chile-milad_0_8s09D7uzmN.html"},"modified":"2023-12-08T23:35:43","modified_gmt":"2023-12-08T23:35:43","slug":"gareca-es-uno-de-los-candidatos-en-chile","status":"publish","type":"post","link":"http:\/\/hoycordobaweb.com\/index.php\/2023\/12\/08\/gareca-es-uno-de-los-candidatos-en-chile\/","title":{"rendered":"Gareca es \u00abuno de los candidatos\u00bb en Chile"},"content":{"rendered":"<p><img src=\"http:\/\/hoycordobaweb.com\/wp-content\/uploads\/2023\/12\/gareca-es-uno-de-los-candidatos-en-chile.jpg\"><\/p>\n<p><time class=\"createDate\" datetime=\"2023-12-08T20:35:43-03:00\">08\/12\/2023 20:35hs.<\/time><time class=\"modificatedDate\" datetime=\"2023-12-08T20:35:43-03:00\"><\/time><\/p>\n<div id=\"storyBody\">\n<div class=\"custom-text \" readability=\"32.650176678445\">\n<p>Las palabras de <strong><a href=\"https:\/\/www.ole.com.ar\/tema\/ricardo-gareca.html\" title=\"Ricardo Gareca\" alt=\"Ricardo Gareca\" class=\"slug\">Ricardo Gareca <\/a><\/strong>hab\u00edan sido un anticipo: \u00ab<strong><a href=\"https:\/\/www.ole.com.ar\/tema\/seleccion-de-chile.html\" title=\"Selecci\u00f3n de Chile\" alt=\"Selecci\u00f3n de Chile\" class=\"slug\">Chile <\/a><\/strong>es una selecci\u00f3n importante. Tendr\u00eda que analizar y contemplar. Tenemos montado algo para selecci\u00f3n. Tengo un equipo de trabajo para selecci\u00f3n, y eso me hace llevar a pensar que est\u00e9 esperando algo respecto a eso\u00bb.<\/p>\n<\/div>\n<div class=\"custom-text \" readability=\"43\">\n<p> Le trasladaron la frase al presidente de la Asociaci\u00f3n Nacional de F\u00fatbol de Chile, <strong>Pablo Milad<\/strong>, que acept\u00f3 la chance de que el Tigre se haga cargo de la Roja. \u00abMe alegra que \u00e9l est\u00e9 armado, nosotros estamos haciendo un proceso, no tenemos prisa, pero estamos sin ninguna pausa. <strong>Es uno de los candidatos porque es el hombre del mercado\u00bb,<\/strong> afirm\u00f3 el dirigente tras el sorteo de la Copa Am\u00e9rica. Precisamente, los trasandinos ser\u00e1n rivales de Argentina en el Grupo A, junto a Per\u00fa y un rival que saldr\u00e1 de Trinidad y Tobago y Canad\u00e1.<\/p>\n<\/div>\n<div class=\"custom-text \" readability=\"35\">\n<p>\u00abHoy en d\u00eda hay muchas ofertas. Como dije hace un tiempo atr\u00e1s, hay muchos interesados por dirigir a nuestra selecci\u00f3n\u201d, agreg\u00f3 Milad.<\/p>\n<\/div>\n<div class=\"custom-text \" readability=\"37.693548387097\">\n<p>\u00abEs un hombre que tiene bastante experiencia, pero estamos trabajando con tranquilidad, analizando con los cuerpos de trabajo que planteamos para buscar la mejor opci\u00f3n para Chile\u00bb argument\u00f3 Milad. Adem\u00e1s, no descart\u00f3 a Nicol\u00e1s C\u00f3rdova, que condujo a Chile en forma interina tras <a href=\"https:\/\/www.ole.com.ar\/futbol-internacional\/eliminatorias\/eliminatorias-eduardo-berizzo-seleccion-chile-renuncia_0_iRPmGOR0pL.html\" target=\"_self\" title=\"la renuncia de Eduardo Berizzo\" alt=\"la renuncia de Eduardo Berizzo\" rel=\"noopener noreferrer\">la renuncia de Eduardo Berizzo<\/a>, decepcionado luego del empate ante Paraguay, de local.<\/p>\n<\/div>\n<div class=\"custom-text \" readability=\"35.21686746988\">\n<p>Gareca condujo a Per\u00fa desde 2015 a 2022, cuando la selecci\u00f3n se qued\u00f3 afuera del <a href=\"https:\/\/www.ole.com.ar\/tema\/mundial-de-qatar-2022.html\" title=\"Mundial de Qatar 2022\" alt=\"Mundial de Qatar 2022\" class=\"slug\">Mundial de Qatar<\/a>. Pero su gesti\u00f3n result\u00f3 muy bien valorada por la clasificaci\u00f3n a Rusia 2018, ya que desde Espa\u00f1a 82 que la Blanquirroja no iba a un certamen. Luego tuvo un paso muy frustrante por V\u00e9lez: un partido ganado sobre 12 disputados. <\/p>\n<\/div>\n<div class=\"sc-e7b891c4-0 jPbnQF\"><img alt=\"Gareca como DT de Per\u00fa.\" src=\"http:\/\/hoycordobaweb.com\/wp-content\/uploads\/2023\/12\/gareca-es-uno-de-los-candidatos-en-chile-2.jpg\" width=\"720\" height=\"100\" decoding=\"async\" data-nimg=\"future\" loading=\"lazy\"><span class=\"epigraphe\">Gareca como DT de Per\u00fa.<\/span><\/div>\n<p><h2><strong>Hay tiempo<\/strong><\/h2>\n<\/p>\n<div class=\"custom-text \" readability=\"39\">\n<p>Chile no volver\u00e1 a competir hasta la fecha FIFA de marzo, por eso Milad no expone urgencia por definir al reemplazante de Berizzo. El equipo marcha en el octavo puesto, con cinco puntos en seis partidos, en las Eliminatorias. Hoy est\u00e1 fuera de los puestos de clasificaci\u00f3n al Mundial, lo cual deber\u00eda generar que la dirigencia defina un t\u00e9cnico con un plan de trabajo. <\/p>\n<\/div>\n<div class=\"sc-e7b891c4-0 jPbnQF\"><img alt=\"Bassedas fue clave para la vuelta de Gareca a V\u00e9lez.\" src=\"http:\/\/hoycordobaweb.com\/wp-content\/uploads\/2023\/12\/gareca-es-uno-de-los-candidatos-en-chile-3.jpg\" width=\"720\" height=\"100\" decoding=\"async\" data-nimg=\"future\" loading=\"lazy\"><span class=\"epigraphe\">Bassedas fue clave para la vuelta de Gareca a V\u00e9lez.<\/span><\/div>\n<div class=\"sc-a7166897-0 exHLBh\" readability=\"6\">\n<section readability=\"2\"><picture><img alt=\"Beckham confirm\u00f3 la primera gira internacional del Inter Miami de Messi\" src=\"http:\/\/hoycordobaweb.com\/wp-content\/uploads\/2023\/12\/gareca-es-uno-de-los-candidatos-en-chile-4.jpg\" width=\"290\" height=\"290\" decoding=\"async\" data-nimg=\"future\" loading=\"lazy\"><\/picture>\n<p><span>Mir\u00e1 tambi\u00e9n<\/span><\/p>\n<hr>\n<h3>Beckham confirm\u00f3 la primera gira internacional del Inter Miami de Messi<\/h3>\n<\/p>\n<\/section>\n<\/div>\n<div class=\"sc-a7166897-0 exHLBh\" readability=\"6\">\n<section readability=\"2\"><picture><img alt=\"La Juventus venci\u00f3 por la m\u00ednima al Napoli de Gio Simeone\" src=\"http:\/\/hoycordobaweb.com\/wp-content\/uploads\/2023\/12\/gareca-es-uno-de-los-candidatos-en-chile-5.jpg\" width=\"290\" height=\"290\" decoding=\"async\" data-nimg=\"future\" loading=\"lazy\"><\/picture>\n<p><span>Mir\u00e1 tambi\u00e9n<\/span><\/p>\n<hr>\n<h3>La Juventus venci\u00f3 por la m\u00ednima al Napoli de Gio Simeone<\/h3>\n<\/p>\n<\/section>\n<\/div>\n<\/div>\n","protected":false},"excerpt":{"rendered":"<p>08\/12\/2023 20:35hs. Las palabras de Ricardo Gareca hab\u00edan sido un anticipo: \u00abChile es una selecci\u00f3n importante. Tendr\u00eda que analizar y contemplar. Tenemos montado algo para selecci\u00f3n. Tengo un equipo de trabajo para selecci\u00f3n, y eso me hace llevar a pensar que est\u00e9 esperando algo respecto a eso\u00bb. Le trasladaron la frase al presidente de la [&hellip;]<\/p>\n","protected":false},"author":1,"featured_media":70961,"comment_status":"open","ping_status":"closed","sticky":false,"template":"","format":"standard","meta":[],"categories":[16],"tags":[],"_links":{"self":[{"href":"http:\/\/hoycordobaweb.com\/index.php\/wp-json\/wp\/v2\/posts\/70960"}],"collection":[{"href":"http:\/\/hoycordobaweb.com\/index.php\/wp-json\/wp\/v2\/posts"}],"about":[{"href":"http:\/\/hoycordobaweb.com\/index.php\/wp-json\/wp\/v2\/types\/post"}],"author":[{"embeddable":true,"href":"http:\/\/hoycordobaweb.com\/index.php\/wp-json\/wp\/v2\/users\/1"}],"replies":[{"embeddable":true,"href":"http:\/\/hoycordobaweb.com\/index.php\/wp-json\/wp\/v2\/comments?post=70960"}],"version-history":[{"count":0,"href":"http:\/\/hoycordobaweb.com\/index.php\/wp-json\/wp\/v2\/posts\/70960\/revisions"}],"wp:featuredmedia":[{"embeddable":true,"href":"http:\/\/hoycordobaweb.com\/index.php\/wp-json\/wp\/v2\/media\/70961"}],"wp:attachment":[{"href":"http:\/\/hoycordobaweb.com\/index.php\/wp-json\/wp\/v2\/media?parent=70960"}],"wp:term":[{"taxonomy":"category","embeddable":true,"href":"http:\/\/hoycordobaweb.com\/index.php\/wp-json\/wp\/v2\/categories?post=70960"},{"taxonomy":"post_tag","embeddable":true,"href":"http:\/\/hoycordobaweb.com\/index.php\/wp-json\/wp\/v2\/tags?post=70960"}],"curies":[{"name":"wp","href":"https:\/\/api.w.org\/{rel}","templated":true}]}}