{"id":70870,"date":"2023-12-06T16:57:46","date_gmt":"2023-12-06T16:57:46","guid":{"rendered":"https:\/\/www.trendencias.com\/celebrities\/taylor-swift-nombrada-persona-ano-time-su-gato-benjamin-sensacion-internet-al-robarse-portada"},"modified":"2023-12-06T16:57:46","modified_gmt":"2023-12-06T16:57:46","slug":"taylor-swift-es-nombrada-la-persona-del-ano-segun-time-pero-su-gato-benjamin-es-la-sensacion-de-internet-al-robarse-la-portada","status":"publish","type":"post","link":"http:\/\/hoycordobaweb.com\/index.php\/2023\/12\/06\/taylor-swift-es-nombrada-la-persona-del-ano-segun-time-pero-su-gato-benjamin-es-la-sensacion-de-internet-al-robarse-la-portada\/","title":{"rendered":"Taylor Swift es nombrada la persona del a\u00f1o seg\u00fan TIME, pero su gato Benjamin es la sensaci\u00f3n de internet al robarse la portada"},"content":{"rendered":"<div><img src=\"http:\/\/hoycordobaweb.com\/wp-content\/uploads\/2023\/12\/taylor-swift-es-nombrada-la-persona-del-ano-segun-time-pero-su-gato-benjamin-es-la-sensacion-de-internet-al-robarse-la-portada.jpg\" class=\"ff-og-image-inserted\"><\/div>\n<p>La revista TIME como cada a\u00f1o, hace el anuncio de aquel personaje medi\u00e1tico que marc\u00f3 la pauta del mundo del entretenimiento (y hasta deportivo, en este caso), por ello, no es de sorprendernos que <strong>la cantante Taylor Swift sea reconocida como la persona del a\u00f1o de este 2023<\/strong>.<\/p>\n<p><!-- BREAK 1 --> <\/p>\n<p>La artista de 33 a\u00f1os es reconocida por su \u00e9xito musical y su influencia cultural en el mundo entero, siendo <strong>una de las cantantes m\u00e1s exitosas de la historia de la m\u00fasica<\/strong> al vender m\u00e1s de 200 millones de discos en todo el mundo y ganar 12 premios Grammy.<\/p>\n<p><!-- BREAK 2 --><\/p>\n<p>En el nombramiento que la revista emiti\u00f3 este mi\u00e9rcoles, <a href=\"https:\/\/time.com\/6342806\/person-of-the-year-2023-taylor-swift\/\">la revista Time saca a relucir<\/a> el c\u00f3mo Taylor Swift ha utilizado su plataforma para hablar sobre temas sociales como la igualdad de g\u00e9nero en la industria de la m\u00fasica.<\/p>\n<p><!-- BREAK 3 --> <\/p>\n<p>Adem\u00e1s de su \u00e9xito en el entretenimiento, la publicaci\u00f3n elogia los movimientos financieros de la cantante que la han convertido <a href=\"https:\/\/www.trendencias.com\/celebrities\/taylor-swift-rompe-otro-record-oficialmente-multimillonaria-aqui-estan-cifras-que-demuestran\">en una mujer multimillonaria<\/a> gracias a acciones legales que tienen que ver con su cat\u00e1logo musical, como el de 2019, <strong>cuando se enfrent\u00f3 a Scooter Braun<\/strong>, un magnate de la m\u00fasica al que compr\u00f3 su cat\u00e1logo de grabaciones por negarle el control sobre su propio trabajo, un caso que se convirti\u00f3 en un s\u00edmbolo de la lucha de los artistas por el control de sus derechos de autor.<\/p>\n<p><!-- BREAK 4 --> <\/p>\n<p>Como parte de las tres portadas que la revista TIME dio a conocer para el nombramiento de Taylor como persona del a\u00f1o, una en especial llam\u00f3 la atenci\u00f3n de todos sus fans: ya que <strong>Benjamin, uno de los gatos de la cantante<\/strong>, se convirti\u00f3 en la verdadera estrella de la foto del dueto Inez &amp; Vinoodh.<\/p>\n<p><!-- BREAK 5 --><\/p>\n<p>Comentarios como \u00abhered\u00f3 los ojos de su madre\u00bb y \u00abBenjamin es el \u00fanico nepo-baby que amamos\u00bb salieron a relucir <a href=\"https:\/\/twitter.com\/TIME\">acompa\u00f1ada de la publicaci\u00f3n en Twitter<\/a>, donde la revista le da los cr\u00e9ditos correspondientes.<\/p>\n<p><!-- BREAK 6 --> <\/p>\n<p>Foto de portada <a href=\"https:\/\/www.instagram.com\/p\/C0NGeZTuP9p\/?img_index=5\">de Instagram<\/a><\/p>\n<p>En Trendencias | <a href=\"https:\/\/www.trendencias.com\/celebrities\/vino-jamon-negocios-miguel-bose-espana-que-se-ha-desvinculado-completo\">Vino y jam\u00f3n: los negocios de Miguel Bos\u00e9 en Espa\u00f1a de los que se ha desvinculado por completo<\/a><\/p>\n<p><!-- BREAK 7 --><\/p>\n<p>En Trendencias | <a href=\"https:\/\/www.trendencias.com\/celebrities\/no-van-a-soportar-kimberly-loaiza-revela-nombre-portada-fecha-lanzamiento-su-primer-disco\">&#8216;No van a soportar&#8217;: Kimberly Loaiza revela nombre, portada y fecha de lanzamiento de su primer disco<\/a><\/p>\n<p><!-- BREAK 8 --><\/p>\n<p>En Trendencias | <a href=\"https:\/\/www.trendencias.com\/dietas-y-nutricion\/pastillas-adelgazantes-mercadona-a-examen-verdad-eficaces\" rel=\"noopener noreferrer\" data-id=\"noopener noreferrer\">Las pastillas adelgazantes de Mercadona a examen: \u00bfde verdad son eficaces?<\/a><\/p>\n<p><!-- BREAK 9 --> <\/p>\n","protected":false},"excerpt":{"rendered":"<p>La revista TIME como cada a\u00f1o, hace el anuncio de aquel personaje medi\u00e1tico que marc\u00f3 la pauta del mundo del entretenimiento (y hasta deportivo, en este caso), por ello, no es de sorprendernos que la cantante Taylor Swift sea reconocida como la persona del a\u00f1o de este 2023. La artista de 33 a\u00f1os es reconocida [&hellip;]<\/p>\n","protected":false},"author":1,"featured_media":70871,"comment_status":"closed","ping_status":"closed","sticky":false,"template":"","format":"standard","meta":[],"categories":[1],"tags":[],"_links":{"self":[{"href":"http:\/\/hoycordobaweb.com\/index.php\/wp-json\/wp\/v2\/posts\/70870"}],"collection":[{"href":"http:\/\/hoycordobaweb.com\/index.php\/wp-json\/wp\/v2\/posts"}],"about":[{"href":"http:\/\/hoycordobaweb.com\/index.php\/wp-json\/wp\/v2\/types\/post"}],"author":[{"embeddable":true,"href":"http:\/\/hoycordobaweb.com\/index.php\/wp-json\/wp\/v2\/users\/1"}],"replies":[{"embeddable":true,"href":"http:\/\/hoycordobaweb.com\/index.php\/wp-json\/wp\/v2\/comments?post=70870"}],"version-history":[{"count":0,"href":"http:\/\/hoycordobaweb.com\/index.php\/wp-json\/wp\/v2\/posts\/70870\/revisions"}],"wp:featuredmedia":[{"embeddable":true,"href":"http:\/\/hoycordobaweb.com\/index.php\/wp-json\/wp\/v2\/media\/70871"}],"wp:attachment":[{"href":"http:\/\/hoycordobaweb.com\/index.php\/wp-json\/wp\/v2\/media?parent=70870"}],"wp:term":[{"taxonomy":"category","embeddable":true,"href":"http:\/\/hoycordobaweb.com\/index.php\/wp-json\/wp\/v2\/categories?post=70870"},{"taxonomy":"post_tag","embeddable":true,"href":"http:\/\/hoycordobaweb.com\/index.php\/wp-json\/wp\/v2\/tags?post=70870"}],"curies":[{"name":"wp","href":"https:\/\/api.w.org\/{rel}","templated":true}]}}