{"id":70852,"date":"2023-12-07T03:13:51","date_gmt":"2023-12-07T03:13:51","guid":{"rendered":"https:\/\/www.ole.com.ar\/ecuador\/internacional\/angel-mena-leon-mexico-plantel-mundial-clubez-arabia-saudita_0_wT9bPC7UZD.html"},"modified":"2023-12-07T03:13:51","modified_gmt":"2023-12-07T03:13:51","slug":"con-angel-mena-leon-confirmo-los-convocados-al-mundial-de-clubes","status":"publish","type":"post","link":"http:\/\/hoycordobaweb.com\/index.php\/2023\/12\/07\/con-angel-mena-leon-confirmo-los-convocados-al-mundial-de-clubes\/","title":{"rendered":"Con \u00c1ngel Mena, Le\u00f3n confirm\u00f3 los convocados al Mundial de Clubes"},"content":{"rendered":"<p><img src=\"http:\/\/hoycordobaweb.com\/wp-content\/uploads\/2023\/12\/con-angel-mena-leon-confirmo-los-convocados-al-mundial-de-clubes.jpg\"><\/p>\n<p><time class=\"createDate\" datetime=\"2023-12-07T00:13:51-03:00\">07\/12\/2023 00:13hs.<\/time><time class=\"modificatedDate\" datetime=\"2023-12-07T00:13:50-03:00\"><\/time><\/p>\n<div id=\"storyBody\">\n<div class=\"custom-text \" readability=\"30.154981549815\">\n<p><strong>Falta apenas una semana para el arranque del<a href=\"https:\/\/www.ole.com.ar\/tema\/mundial-de-clubes.html\" title=\"Mundial de Clubes\" alt=\"Mundial de Clubes\" class=\"slug\"> Mundial de Clubes<\/a>,<\/strong> el torneo intercontinental que se disputar\u00e1 en Arabia Saudita entre el 12 y 22 de diciembre. Y los equipos ya confirmaron sus planteles. Y <strong>Ecuador estar\u00e1 representado por <a href=\"https:\/\/www.ole.com.ar\/tema\/angel-mena.html\" title=\"\u00c1ngel Mena\" alt=\"\u00c1ngel Mena\" class=\"slug\">\u00c1ngel Mena<\/a>, del <a href=\"https:\/\/www.ole.com.ar\/tema\/leon-de-mexico.html\" title=\"Le\u00f3n de M\u00e9xico\" alt=\"Le\u00f3n de M\u00e9xico\" class=\"slug\">Le\u00f3n de M\u00e9xico<\/a>.<\/strong><\/p>\n<\/div>\n<div class=\"custom-text \" readability=\"27.431460674157\">\n<p>El extremo ecuatoriano, de 35 a\u00f1os,<strong><a href=\"https:\/\/www.ole.com.ar\/ecuador\/internacional\/angel-mena-asistencia-lesion-leon-mexico_0_frCZw1BsnC.html\" title=\" estaba en duda por una lesi\u00f3n\" alt=\" estaba en duda por una lesi\u00f3n\"> estaba en duda por una lesi\u00f3n<\/a> que le impidi\u00f3 jugar la vuelta de los cuartos de final de la Liguilla por el Torneo Apertura<\/strong> (su equipo <strong><a href=\"https:\/\/www.ole.com.ar\/ecuador\/internacional\/angel-mena-leon-eliminado-playoffs-liga-mx_0_QOBhn11BHq.html\" target=\"_blank\" title=\"qued\u00f3 eliminado ante el Am\u00e9rica\" alt=\"qued\u00f3 eliminado ante el Am\u00e9rica\" rel=\"noopener noreferrer\">qued\u00f3 eliminado ante el Am\u00e9rica<\/a>)<\/strong>. Sin embargo, en entrenador argentino <strong><a href=\"https:\/\/www.ole.com.ar\/tema\/nicolas-larcamon.html\" target=\"_blank\" title=\"Nicol\u00e1s Larcam\u00f3n\" alt=\"Nicol\u00e1s Larcam\u00f3n\" class=\"slug\" rel=\"noopener noreferrer\">Nicol\u00e1s Larcam\u00f3n<\/a><\/strong> subi\u00f3 al avi\u00f3n al delantero de La Tri, que en la \u00faltima fecha de Eliminatorias<strong><a href=\"https:\/\/www.ole.com.ar\/ecuador\/la-tri\/angel-mena-gol-ecuador-chile-eliminatorias-sudamericanas_0_PJ0i0q1SlP.html\" target=\"_blank\" title=\" convirti\u00f3 un gol contra Chile para el triunfo 1-0.\" alt=\" convirti\u00f3 un gol contra Chile para el triunfo 1-0.\" rel=\"noopener noreferrer\"> convirti\u00f3 un gol contra Chile para el triunfo 1-0.<\/a> <\/strong>Llevar\u00e1 el cl\u00e1sico n\u00famero 13 en la espalda.<\/p>\n<\/div>\n<div class=\"custom-text \" readability=\"31.2\">\n<p><strong>La Fiera lleg\u00f3 a este torneo <a href=\"https:\/\/www.ole.com.ar\/futbol-internacional\/america\/rugido-leon-mexico-concachampions-consagro-campeon-argentinos_0_TOu8c5HKTe.html\" title=\"tras ganar la Concachampions, contra el LAFC\" alt=\"tras ganar la Concachampions, contra el LAFC\">tras ganar la Concachampions, contra el LAFC<\/a>, <\/strong>en junio de este a\u00f1o<strong>. Ahora se enfrentar\u00e1 el viernes 15 de diciembre al Urawa Red Diamonds de Jap\u00f3n<\/strong>, en su primer partido, con la intenci\u00f3n de vencer a los asi\u00e1ticos y so\u00f1ar con derrotar al todo poderoso <strong><a href=\"https:\/\/www.ole.com.ar\/tema\/manchester-city.html\" title=\"Manchester City\" alt=\"Manchester City\" class=\"slug\">Manchester City<\/a> de <a href=\"https:\/\/www.ole.com.ar\/tema\/pep-guardiola.html\" target=\"_blank\" title=\"Pep Guardiola\" alt=\"Pep Guardiola\" class=\"slug\" rel=\"noopener noreferrer\">Pep Guardiola<\/a> en las semifinales<\/strong> del Mundial de Clubes.<\/p>\n<\/div>\n<div class=\"sc-e7b891c4-0 jPbnQF\"><img alt=\"El festejo de \u00c1ngel Mena por su gol contra Chile por las Eliminatorias (AFP).\" src=\"http:\/\/hoycordobaweb.com\/wp-content\/uploads\/2023\/12\/con-angel-mena-leon-confirmo-los-convocados-al-mundial-de-clubes-2.jpg\" width=\"720\" height=\"100\" decoding=\"async\" data-nimg=\"future\" loading=\"lazy\"><span class=\"epigraphe\">El festejo de \u00c1ngel Mena por su gol contra Chile por las Eliminatorias (AFP).<\/span><\/div>\n<p><h2><strong>Las expectativas de Mena para el Mundial de Clubes<\/strong><\/h2>\n<\/p>\n<div class=\"custom-text \" readability=\"40\">\n<p>Aunque Le\u00f3n no sea favorito, Mena se anima a so\u00f1ar en grande. \u00ab\u00bfCu\u00e1l es el sue\u00f1o real? Llegar a una final. Este club tiene mucha historia, hay jugadores de mucha calidad que cuando se lo proponen puede pelearle a cualquier equipo. S\u00ed, por delante hay rivales que hay que tenerle respeto y pueden tener algo m\u00e1s de jerarqu\u00eda, pero es f\u00fatbol. Nunca se sabe y puede ocurrir cualquier cosa\u00bb, se\u00f1al\u00f3 en una entrevista al sitio de la FIFA:<\/p>\n<\/div>\n<div class=\"custom-text \" readability=\"35\">\n<p><strong>-\u00bfPor qu\u00e9 piensas que hist\u00f3ricamente le ha costado a los equipos mexicanos en el Mundial de Clubes? Tigres, en el 2020, fue el \u00fanico que alcanz\u00f3 la final.<\/strong><\/p>\n<\/div>\n<div class=\"custom-text \" readability=\"40\">\n<p>-Considero que son partidos de f\u00fatbol, se pueden dar los tres resultados. Despu\u00e9s, de la forma en la que se encaran los partidos es v\u00e1lido salir a la cancha mentalizado en que tienes solo una oportunidad para avanzar. Eso, por nuestro lado, est\u00e1 clar\u00edsimo que no hay m\u00e1s oportunidades y debemos ganar el primer partido si queremos seguir en la lucha por el objetivo. <strong>Somos conscientes que ning\u00fan equipo de ac\u00e1 la gan\u00f3, Dios quiera que nosotros podamos ser los primeros en hacerlo. El f\u00fatbol est\u00e1 hecho para hacer historia y romper las estad\u00edsticas.<\/strong><\/p>\n<\/div>\n<div class=\"custom-text \" readability=\"32\">\n<p><strong>-\u00bfQu\u00e9 significa la posibilidad de jugar con el Manchester City?<\/strong><\/p>\n<\/div>\n<div class=\"custom-text \" readability=\"37\">\n<p><strong>-Es la mayor motivaci\u00f3n. Tener la posibilidad de enfrentar al mejor equipo de Europa, con los jugadores y el estilo que tiene, con un entrenador que es el mejor del mundo. <\/strong>Hay muchos ingredientes que lo hacen que sea m\u00e1s entretenido. Esperemos que se nos pueda dar ese gran privilegio. Pero antes de la semifinal hay que ganar el primer partido.<\/p>\n<\/div>\n<div class=\"sc-e7b891c4-0 jPbnQF\"><img alt=\"El Le\u00f3n de M\u00e9xico campe\u00f3n de la Concachampions (prensa del club).\" src=\"http:\/\/hoycordobaweb.com\/wp-content\/uploads\/2023\/12\/con-angel-mena-leon-confirmo-los-convocados-al-mundial-de-clubes-3.jpg\" width=\"720\" height=\"100\" decoding=\"async\" data-nimg=\"future\" loading=\"lazy\"><span class=\"epigraphe\">El Le\u00f3n de M\u00e9xico campe\u00f3n de la Concachampions (prensa del club).<\/span><\/div>\n<p><h2><strong>Los convocados de Le\u00f3n para el Mundial de Clubes<\/strong><\/h2>\n<\/p>\n<div class=\"custom-text \">\n<ul>\n<li>Rodolfo Cota.<\/li>\n<li>Alfonso Blanco.<\/li>\n<li>\u00d3scar Garc\u00eda.<\/li>\n<\/ul>\n<\/div>\n<div class=\"custom-text \">\n<p><strong>Defensores<\/strong><\/p>\n<\/div>\n<div class=\"custom-text \">\n<ul>\n<li>William Tesillo.<\/li>\n<li>Iv\u00e1n Moreno.<\/li>\n<li>Stiven Barreiro.<\/li>\n<li>Adonis Fr\u00edas.<\/li>\n<li>Paul Bell\u00f3n.<\/li>\n<li>Osvaldo Rodr\u00edguez.<\/li>\n<li>\u00d3scar Villa.<\/li>\n<\/ul>\n<\/div>\n<div class=\"custom-text \">\n<p><strong>Mediocampistas<\/strong><\/p>\n<\/div>\n<div class=\"custom-text \">\n<ul>\n<li>Fidel Ambriz.<\/li>\n<li>Jos\u00e9 Iv\u00e1n.<\/li>\n<li>El\u00edas Hern\u00e1ndez.<\/li>\n<li>Lucas Romero.<\/li>\n<li>\u00c1ngel Mena.<\/li>\n<li>Omar Fern\u00e1ndez.<\/li>\n<li>Borja S\u00e1nchez.<\/li>\n<li>Jos\u00e9 Ram\u00edrez.<\/li>\n<\/ul>\n<\/div>\n<div class=\"custom-text \">\n<p><strong>Delanteros<\/strong><\/p>\n<\/div>\n<div class=\"custom-text \">\n<ul>\n<li>Federico Vi\u00f1as.<\/li>\n<li>Brian Rubio.<\/li>\n<li>Jos\u00e9 \u2018Pl\u00e1tano\u2019 Alvarado.<\/li>\n<li>Nicol\u00e1s L\u00f3pez.<\/li>\n<li>Sebasti\u00e1n Santos.<\/li>\n<\/ul>\n<\/div>\n<div class=\"custom-embedhtml\" readability=\"7.2894736842105\">\n<blockquote class=\"twitter-tweet\" readability=\"8.9093567251462\">\n<p lang=\"es\" dir=\"ltr\">2\ufe0f\u20e33\ufe0f\u20e3 \ud835\uddd9\ud835\udddc\ud835\uddd8\ud835\udde5\ud835\uddd4\ud835\udde6 \ud835\udddb\ud835\udddc\ud835\udde6\ud835\udde7\ud835\udde2\u0301\ud835\udde5\ud835\udddc\ud835\uddd6\ud835\uddd4\ud835\udde6 <\/p>\n<p>Este es el grupo de jugadores que tendr\u00e1 el honor de representarnos por primera vez en la Copa Mundial de Clubes.<\/p>\n<p>El Le\u00f3n \ud83e\udd81 estar\u00e1 en Arabia Saudita \ud83c\uddf8\ud83c\udde6.<a href=\"https:\/\/twitter.com\/fifaworldcup_es?ref_src=twsrc%5Etfw\">@fifaworldcup_es<\/a> <a href=\"https:\/\/twitter.com\/hashtag\/ClubWC?src=hash&amp;ref_src=twsrc%5Etfw\">#ClubWC<\/a> <a href=\"https:\/\/t.co\/8MAsJFpGnO\">pic.twitter.com\/8MAsJFpGnO<\/a><\/p>\n<p>\u2014 Club Le\u00f3n (@clubleonfc) <a href=\"https:\/\/twitter.com\/clubleonfc\/status\/1732524293878083830?ref_src=twsrc%5Etfw\">December 6, 2023<\/a><\/p><\/blockquote><\/div>\n<p><h2><strong>Primera y segunda fase<\/strong><\/h2>\n<\/p>\n<div class=\"custom-text \" readability=\"28.542199488491\">\n<p><strong><a href=\"https:\/\/www.ole.com.ar\/futbol-internacional\/gallardo-ittihad-champions-league-asia-arabia-saudita_0_UaVImeZKvx.html\" target=\"_self\" title=\"Al Ittihad, el equipo dirigido por Marcelo Gallardo y que cuenta con figuras como Karim Benzema y N'Golo Kant\u00e9,\" alt=\"Al Ittihad, el equipo dirigido por Marcelo Gallardo y que cuenta con figuras como Karim Benzema y N'Golo Kant\u00e9,\" rel=\"noopener noreferrer\">Al Ittihad, el equipo dirigido por Marcelo Gallardo y que cuenta con figuras como Karim Benzema y N&#8217;Golo Kant\u00e9,<\/a><\/strong> enfrentar\u00e1 el pr\u00f3ximo martes 12 al Auckland City de Nueva Zelanda, en la apertura del torneo. El ganador deber\u00e1 enfrentar el viernes 15 al Al Ahly de Egipto. Ese mismo d\u00eda, pero por el otro lado del cuadro, el Le\u00f3n de M\u00e9xico se medir\u00e1 con el Urawa Red Diamonds de Jap\u00f3n.<\/p>\n<\/div>\n<p><h2><strong>Semis<\/strong><\/h2>\n<\/p>\n<div class=\"custom-text \" readability=\"26.602040816327\">\n<p>El lunes 18 ser\u00e1 la primera semifinal entre el <strong><a href=\"https:\/\/www.ole.com.ar\/ecuador\/internacional\/fluminense-recopa-sudamericana-primer-refuerzo-2024-mls-unidos-defensor_0_tC6qvyqOEu.html\" target=\"_self\" title=\"Fluminense de Brasil\" alt=\"Fluminense de Brasil\" rel=\"noopener noreferrer\">Fluminense de Brasil<\/a> y el ganador de Al Ittihad\/ Auckland City vs. Al Ahly.<\/strong> Y el martes 19 jugar\u00e1n <strong>Le\u00f3n de M\u00e9xico o Urawa <\/strong>vs. <strong><a href=\"https:\/\/www.ole.com.ar\/futbol-internacional\/inglaterra\/manchestercity-tottenham-premier-julianalvarez-cutiromero_0_awgSBFYZVv.html\" target=\"_self\" title=\"el Manchester City\" alt=\"el Manchester City\" rel=\"noopener noreferrer\">el Manchester City<\/a><\/strong>.<\/p>\n<\/div>\n<div class=\"sc-e7b891c4-0 jPbnQF\"><img alt=\"As\u00ed se juega el Mundial de Clubes.\" src=\"http:\/\/hoycordobaweb.com\/wp-content\/uploads\/2023\/12\/con-angel-mena-leon-confirmo-los-convocados-al-mundial-de-clubes-4.jpg\" width=\"720\" height=\"100\" decoding=\"async\" data-nimg=\"future\" loading=\"lazy\"><span class=\"epigraphe\">As\u00ed se juega el Mundial de Clubes.<\/span><\/div>\n<p><h2><strong>La final y el tercer puesto<\/strong><\/h2>\n<\/p>\n<div class=\"custom-text \" readability=\"32\">\n<p>La final y el partido por el tercer puesto ser\u00e1n el mismo d\u00eda: <strong>el viernes 22 de diciembre.<\/strong><\/p>\n<\/div>\n<div class=\"custom-text \" readability=\"33\">\n<p>Esta 20\u00b0 edici\u00f3n del Mundial de Clubes de la FIFA se jugar\u00e1 por primera vez en Arabia Saudita y todos los partidos ser\u00e1n en Yeda.<\/p>\n<\/div>\n<div class=\"sc-a7166897-0 exHLBh\" readability=\"6\">\n<section readability=\"2\"><picture><img alt=\"Enner Valencia: nuevo gol y nueva lesi\u00f3n en el Inter\" src=\"http:\/\/hoycordobaweb.com\/wp-content\/uploads\/2023\/12\/con-angel-mena-leon-confirmo-los-convocados-al-mundial-de-clubes-5.jpg\" width=\"290\" height=\"290\" decoding=\"async\" data-nimg=\"future\" loading=\"lazy\"><\/picture>\n<p><span>Mir\u00e1 tambi\u00e9n<\/span><\/p>\n<hr>\n<h3>Enner Valencia: nuevo gol y nueva lesi\u00f3n en el Inter<\/h3>\n<\/p>\n<\/section>\n<\/div>\n<div class=\"sc-a7166897-0 exHLBh\" readability=\"6\">\n<section readability=\"2\"><picture><img alt=\"Luis Chango confirm\u00f3 el entrenador de Mushuc Runa para 2024\" src=\"http:\/\/hoycordobaweb.com\/wp-content\/uploads\/2023\/12\/con-angel-mena-leon-confirmo-los-convocados-al-mundial-de-clubes-6.jpg\" width=\"290\" height=\"290\" decoding=\"async\" data-nimg=\"future\" loading=\"lazy\"><\/picture>\n<p><span>Mir\u00e1 tambi\u00e9n<\/span><\/p>\n<hr>\n<h3>Luis Chango confirm\u00f3 el entrenador de Mushuc Runa para 2024<\/h3>\n<\/p>\n<\/section>\n<\/div>\n<div class=\"sc-a7166897-0 exHLBh\" readability=\"6\">\n<section readability=\"2\"><picture><img alt=\"Oficial: El Nacional est\u00e1 en acefalia y se deber\u00e1 llamar a elecciones\" src=\"http:\/\/hoycordobaweb.com\/wp-content\/uploads\/2023\/12\/con-angel-mena-leon-confirmo-los-convocados-al-mundial-de-clubes-7.jpg\" width=\"290\" height=\"290\" decoding=\"async\" data-nimg=\"future\" loading=\"lazy\"><\/picture>\n<p><span>Mir\u00e1 tambi\u00e9n<\/span><\/p>\n<hr>\n<h3>Oficial: El Nacional est\u00e1 en acefalia y se deber\u00e1 llamar a elecciones<\/h3>\n<\/p>\n<\/section>\n<\/div>\n<div class=\"sc-a7166897-0 exHLBh\" readability=\"6\">\n<section readability=\"2\"><picture><img alt=\"Un club ecuatoriano sigue los pasos de Independiente del Valle\" src=\"http:\/\/hoycordobaweb.com\/wp-content\/uploads\/2023\/12\/con-angel-mena-leon-confirmo-los-convocados-al-mundial-de-clubes-8.jpg\" width=\"290\" height=\"290\" decoding=\"async\" data-nimg=\"future\" loading=\"lazy\"><\/picture>\n<p><span>Mir\u00e1 tambi\u00e9n<\/span><\/p>\n<hr>\n<h3>Un club ecuatoriano sigue los pasos de Independiente del Valle<\/h3>\n<\/p>\n<\/section>\n<\/div>\n<div class=\"sc-a7166897-0 exHLBh\" readability=\"6\">\n<section readability=\"2\"><picture><img alt=\"Dura derrota para Mois\u00e9s Caicedo y el Chelsea contra el Manchester United\" src=\"http:\/\/hoycordobaweb.com\/wp-content\/uploads\/2023\/12\/con-angel-mena-leon-confirmo-los-convocados-al-mundial-de-clubes-9.jpg\" width=\"290\" height=\"290\" decoding=\"async\" data-nimg=\"future\" loading=\"lazy\"><\/picture>\n<p><span>Mir\u00e1 tambi\u00e9n<\/span><\/p>\n<hr>\n<h3>Dura derrota para Mois\u00e9s Caicedo y el Chelsea contra el Manchester United<\/h3>\n<\/p>\n<\/section>\n<\/div>\n<div class=\"sc-a7166897-0 exHLBh\" readability=\"6\">\n<section readability=\"2\"><picture><img alt=\"Se confirmaron las sedes y el calendario de la Copa Am\u00e9rica 2024\" src=\"http:\/\/hoycordobaweb.com\/wp-content\/uploads\/2023\/12\/con-angel-mena-leon-confirmo-los-convocados-al-mundial-de-clubes-10.jpg\" width=\"290\" height=\"290\" decoding=\"async\" data-nimg=\"future\" loading=\"lazy\"><\/picture>\n<p><span>Mir\u00e1 tambi\u00e9n<\/span><\/p>\n<hr>\n<h3>Se confirmaron las sedes y el calendario de la Copa Am\u00e9rica 2024<\/h3>\n<\/p>\n<\/section>\n<\/div>\n<div class=\"sc-a7166897-0 exHLBh\" readability=\"6\">\n<section readability=\"2\"><picture><img alt=\"Diego God\u00edn y su elogio a los defensas de La Tri: &quot;Han hecho fuerte a la Selecci\u00f3n&quot;\" src=\"http:\/\/hoycordobaweb.com\/wp-content\/uploads\/2023\/12\/con-angel-mena-leon-confirmo-los-convocados-al-mundial-de-clubes-11.jpg\" width=\"290\" height=\"290\" decoding=\"async\" data-nimg=\"future\" loading=\"lazy\"><\/picture>\n<p><span>Mir\u00e1 tambi\u00e9n<\/span><\/p>\n<hr>\n<h3>Diego God\u00edn y su elogio a los defensas de La Tri: \u00abHan hecho fuerte a la Selecci\u00f3n\u00bb<\/h3>\n<\/p>\n<\/section>\n<\/div>\n<\/div>\n","protected":false},"excerpt":{"rendered":"<p>07\/12\/2023 00:13hs. Falta apenas una semana para el arranque del Mundial de Clubes, el torneo intercontinental que se disputar\u00e1 en Arabia Saudita entre el 12 y 22 de diciembre. Y los equipos ya confirmaron sus planteles. Y Ecuador estar\u00e1 representado por \u00c1ngel Mena, del Le\u00f3n de M\u00e9xico. El extremo ecuatoriano, de 35 a\u00f1os, estaba en [&hellip;]<\/p>\n","protected":false},"author":1,"featured_media":70853,"comment_status":"open","ping_status":"closed","sticky":false,"template":"","format":"standard","meta":[],"categories":[16],"tags":[],"_links":{"self":[{"href":"http:\/\/hoycordobaweb.com\/index.php\/wp-json\/wp\/v2\/posts\/70852"}],"collection":[{"href":"http:\/\/hoycordobaweb.com\/index.php\/wp-json\/wp\/v2\/posts"}],"about":[{"href":"http:\/\/hoycordobaweb.com\/index.php\/wp-json\/wp\/v2\/types\/post"}],"author":[{"embeddable":true,"href":"http:\/\/hoycordobaweb.com\/index.php\/wp-json\/wp\/v2\/users\/1"}],"replies":[{"embeddable":true,"href":"http:\/\/hoycordobaweb.com\/index.php\/wp-json\/wp\/v2\/comments?post=70852"}],"version-history":[{"count":0,"href":"http:\/\/hoycordobaweb.com\/index.php\/wp-json\/wp\/v2\/posts\/70852\/revisions"}],"wp:featuredmedia":[{"embeddable":true,"href":"http:\/\/hoycordobaweb.com\/index.php\/wp-json\/wp\/v2\/media\/70853"}],"wp:attachment":[{"href":"http:\/\/hoycordobaweb.com\/index.php\/wp-json\/wp\/v2\/media?parent=70852"}],"wp:term":[{"taxonomy":"category","embeddable":true,"href":"http:\/\/hoycordobaweb.com\/index.php\/wp-json\/wp\/v2\/categories?post=70852"},{"taxonomy":"post_tag","embeddable":true,"href":"http:\/\/hoycordobaweb.com\/index.php\/wp-json\/wp\/v2\/tags?post=70852"}],"curies":[{"name":"wp","href":"https:\/\/api.w.org\/{rel}","templated":true}]}}