{"id":70846,"date":"2023-12-06T21:36:49","date_gmt":"2023-12-06T21:36:49","guid":{"rendered":"https:\/\/ladecimaweb.com\/?p=22968"},"modified":"2023-12-06T21:36:49","modified_gmt":"2023-12-06T21:36:49","slug":"discutio-con-su-ex-en-un-colectivo-y-la-acuchillo","status":"publish","type":"post","link":"http:\/\/hoycordobaweb.com\/index.php\/2023\/12\/06\/discutio-con-su-ex-en-un-colectivo-y-la-acuchillo\/","title":{"rendered":"Discuti\u00f3 con su ex en un colectivo y la acuchill\u00f3"},"content":{"rendered":"<div class=\"boldgrid-section\">\n<div class=\"container\">\n<div class=\"row\">\n<div class=\"col-md-12 col-xs-12 col-sm-12\">\n<p class=\"\"><span>(T\u00e9lam) El hombre&nbsp;<\/span><strong>detenido por el femicidio de su expareja, una psic\u00f3loga de 33 a\u00f1os con la que ten\u00eda un hijo y que fue asesinada de una pu\u00f1alada en el pecho en la localidad mendocina de Guaymall\u00e9n<\/strong><span>, llevaba un cuchillo oculto en una media y, antes del ataque, intercept\u00f3 a la v\u00edctima a la salida de su trabajo, se subi\u00f3 con ella a un colectivo y la mat\u00f3 cuando bajaron en un play\u00f3n de la terminal, informaron hoy fuentes policiales y judiciales.<\/span><\/p>\n<p><span>As\u00ed se desprende de la declaraci\u00f3n de un testigo del caso, quien detall\u00f3 los instantes previos al femicidio de Vanina Videla Cinquemani, por el que fue imputado Esteban Rodr\u00edguez (31), agregaron los voceros.<\/span><\/p>\n<p><strong>El relato de un testigo<\/strong><\/p>\n<p><span>&nbsp;En declaraciones a la prensa mendocina,&nbsp;<\/span><strong>el testigo dijo que &#8220;el hombre se baj\u00f3 del colectivo y sac\u00f3 un cuchillo de la media, ven\u00edan discutiendo arriba del colectivo&#8221;.<\/strong><\/p>\n<p><span>Como el sitio del ataque es una terminal y ya la gente que iba en el colectivo se hab\u00eda percatado de la discusi\u00f3n, la atenci\u00f3n estaba puesta en la pareja y fueron varios los testigos que presenciaron el momento en el que el hombre sac\u00f3 un arma blanca que llevaba oculta en una media y se la clav\u00f3 en el pecho a la mujer.<\/span><\/p>\n<p class=\"\"><span>Fueron justamente personas que presenciaron el ataque quienes intervinieron para reducir al femicida, quien fue golpeado y entregado a la polic\u00eda, agregaron las fuentes.<\/span><\/p>\n<p><strong>La causa qued\u00f3 a cargo de la fiscal de Homicidios Andrea Lazo,<\/strong><span>&nbsp;quien en base a diversos elementos reunidos en lo que va de la pesquisa imput\u00f3 al hombre por el delito de homicidio agravado por la relaci\u00f3n de pareja y por mediar violencia de g\u00e9nero, que tiene como \u00fanica pena la prisi\u00f3n perpetua.<\/span><\/p>\n<p><strong>El hecho se produjo en la noche del martes en el play\u00f3n de la terminal del Grupo 500<\/strong><span>, del barrio El Carmen, de Guaymall\u00e9n, y fue la propia v\u00edctima quien antes de morir, y con el cuchillo clavado en el pecho, asegur\u00f3 a los polic\u00edas que llegaron al lugar que su expareja la hab\u00eda atacado.<\/span><\/p>\n<figure class=\"mb-3\">\n<p class=\"mod-reset\"><img loading=\"lazy\" class=\" lazy \" src=\"http:\/\/hoycordobaweb.com\/wp-content\/uploads\/2023\/12\/discutio-con-su-ex-en-un-colectivo-y-la-acuchillo.jpg\" alt=\"Foto Alfredo Ponce \" width=\"435\" height=\"245\"><\/p>\n<div class=\"media-icons\"><i class=\"fab fa-pinterest-p\"><\/i><i class=\"fas fa-expand-arrows-alt\"><\/i><\/div><figcaption>\/Foto: Alfredo Ponce.<\/figcaption><\/figure>\n<p><span>Los voceros detallaron que Cinquemani dijo que &#8220;durante todo el d\u00eda hab\u00eda recibido amenazas de su expareja y que cuando sali\u00f3 del trabajo para ir a su casa, Rodr\u00edguez la intercept\u00f3&#8221;, dijeron las fuentes.<\/span><\/p>\n<p><span>Tras el ataque, lleg\u00f3 al lugar una ambulancia del Servicio de Emergencia Coordinado (SEC), que asisti\u00f3 a la v\u00edctima y constataron que ten\u00eda una herida de arma blanca en el t\u00f3rax, a la altura del pecho, con el arma a\u00fan clavada, quien presentaba escasos signos vitales.<\/span><\/p>\n<p><span>A pesar del esfuerzo de los m\u00e9dicos, casi una hora despu\u00e9s del ataque, a las 21.58, la mujer muri\u00f3.<\/span><\/p>\n<p><span>En tanto, a unos 60 metros del lugar del femicidio, cruzando el play\u00f3n de colectivos, vecinos que presenciaron el hecho corrieron a Rodr\u00edguez, a quien le dieron alcance en calle Burgos y Saavedra, del barrio Cooperativa Bermejo.<\/span><\/p>\n<p><span>El acusado fue trasladado al Hospital Central, donde fue asistido por politraumatismos debido a los golpes y luego qued\u00f3 a disposici\u00f3n de la justicia.<\/span><\/p>\n<p class=\"\">&nbsp;<\/p>\n<p class=\"\">\n<div class=\"ubm_banner\"><a href=\"http:\/\/www.cba.gov.ar\/prevencion-incendios\" target=\"_blank\" rel=\"dofollow noopener noreferrer\"><img src=\"http:\/\/hoycordobaweb.com\/wp-content\/uploads\/2023\/12\/discutio-con-su-ex-en-un-colectivo-y-la-acuchillo.gif\" alt=\"\"><\/a><\/div>\n<\/div>\n<\/div>\n<\/div>\n<\/div>\n<p>La entrada <a rel=\"nofollow\" href=\"https:\/\/ladecimaweb.com\/discutio-con-su-ex-en-un-colectivo-y-la-acuchillo\/\">Discuti\u00f3 con su ex en un colectivo y la acuchill\u00f3<\/a> se public\u00f3 primero en <a rel=\"nofollow\" href=\"https:\/\/ladecimaweb.com\">LaDecima<\/a>.<\/p>\n","protected":false},"excerpt":{"rendered":"<p>(T\u00e9lam) El hombre&nbsp;detenido por el femicidio de su expareja, una psic\u00f3loga de 33 a\u00f1os con la que ten\u00eda un hijo y que fue asesinada de una pu\u00f1alada en el pecho en la localidad mendocina de Guaymall\u00e9n, llevaba un cuchillo oculto en una media y, antes del ataque, intercept\u00f3 a la v\u00edctima a la salida de [&hellip;]<\/p>\n","protected":false},"author":1,"featured_media":70847,"comment_status":"closed","ping_status":"closed","sticky":false,"template":"","format":"standard","meta":[],"categories":[19],"tags":[],"_links":{"self":[{"href":"http:\/\/hoycordobaweb.com\/index.php\/wp-json\/wp\/v2\/posts\/70846"}],"collection":[{"href":"http:\/\/hoycordobaweb.com\/index.php\/wp-json\/wp\/v2\/posts"}],"about":[{"href":"http:\/\/hoycordobaweb.com\/index.php\/wp-json\/wp\/v2\/types\/post"}],"author":[{"embeddable":true,"href":"http:\/\/hoycordobaweb.com\/index.php\/wp-json\/wp\/v2\/users\/1"}],"replies":[{"embeddable":true,"href":"http:\/\/hoycordobaweb.com\/index.php\/wp-json\/wp\/v2\/comments?post=70846"}],"version-history":[{"count":0,"href":"http:\/\/hoycordobaweb.com\/index.php\/wp-json\/wp\/v2\/posts\/70846\/revisions"}],"wp:featuredmedia":[{"embeddable":true,"href":"http:\/\/hoycordobaweb.com\/index.php\/wp-json\/wp\/v2\/media\/70847"}],"wp:attachment":[{"href":"http:\/\/hoycordobaweb.com\/index.php\/wp-json\/wp\/v2\/media?parent=70846"}],"wp:term":[{"taxonomy":"category","embeddable":true,"href":"http:\/\/hoycordobaweb.com\/index.php\/wp-json\/wp\/v2\/categories?post=70846"},{"taxonomy":"post_tag","embeddable":true,"href":"http:\/\/hoycordobaweb.com\/index.php\/wp-json\/wp\/v2\/tags?post=70846"}],"curies":[{"name":"wp","href":"https:\/\/api.w.org\/{rel}","templated":true}]}}