{"id":70829,"date":"2023-12-05T14:55:16","date_gmt":"2023-12-05T14:55:16","guid":{"rendered":"https:\/\/enfermeria.fcm.unc.edu.ar\/?p=4389"},"modified":"2023-12-05T14:55:16","modified_gmt":"2023-12-05T14:55:16","slug":"kermes-por-la-no-violencia-contra-mujeres-y-ninas-jueves-07-de-diciembre-de-2023-en-el-horario-de-11-a-14-hs","status":"publish","type":"post","link":"http:\/\/hoycordobaweb.com\/index.php\/2023\/12\/05\/kermes-por-la-no-violencia-contra-mujeres-y-ninas-jueves-07-de-diciembre-de-2023-en-el-horario-de-11-a-14-hs\/","title":{"rendered":"KERMES por la NO VIOLENCIA contra Mujeres y ni\u00f1as jueves 07 de diciembre de 2023, en el horario de 11 a 14 hs"},"content":{"rendered":"<div class=\"post-content\" readability=\"43\">\n<p>Desde la comisi\u00f3n de G\u00e9nero(s) y prevenci\u00f3n de la(s) violencia(s) de la Escuela de Enfermer\u00eda FCM UNC, invitan a la&nbsp; &nbsp;KERMES por la NO VIOLENCIA &nbsp;contra Mujeres y ni\u00f1as en el marco de los 16 d\u00edas de Activismo campa\u00f1a ONU Mujeres.<\/p>\n<p>a&nbsp; &nbsp;KERMES se llevar\u00e1 a cabo&nbsp;<strong><i><u>el d\u00eda jueves 07 de diciembre de 2023, en el horario de 11 a 14 hs<\/u>,&nbsp;<\/i><\/strong>en los espacios verdes de la Escuela de Enfermer\u00eda, en la zona del frente de la escuela.<\/p>\n<p>Esperamos contar con su presencia.<\/p>\n<div>\n<style type=\"text\/css\"> #gallery-1 { margin: auto; } #gallery-1 .gallery-item { float: left; margin-top: 10px; text-align: center; width: 33%; } #gallery-1 img { border: 2px solid #cfcfcf; } #gallery-1 .gallery-caption { margin-left: 0; } \/* see gallery_shortcode() in wp-includes\/media.php *\/ <\/style>\n<\/p><\/div><\/div>\n","protected":false},"excerpt":{"rendered":"<p>Desde la comisi\u00f3n de G\u00e9nero(s) y prevenci\u00f3n de la(s) violencia(s) de la Escuela de Enfermer\u00eda FCM UNC, invitan a la&nbsp; &nbsp;KERMES por la NO VIOLENCIA &nbsp;contra Mujeres y ni\u00f1as en el marco de los 16 d\u00edas de Activismo campa\u00f1a ONU Mujeres. a&nbsp; &nbsp;KERMES se llevar\u00e1 a cabo&nbsp;el d\u00eda jueves 07 de diciembre de 2023, en [&hellip;]<\/p>\n","protected":false},"author":1,"featured_media":0,"comment_status":"closed","ping_status":"closed","sticky":false,"template":"","format":"standard","meta":[],"categories":[17],"tags":[],"_links":{"self":[{"href":"http:\/\/hoycordobaweb.com\/index.php\/wp-json\/wp\/v2\/posts\/70829"}],"collection":[{"href":"http:\/\/hoycordobaweb.com\/index.php\/wp-json\/wp\/v2\/posts"}],"about":[{"href":"http:\/\/hoycordobaweb.com\/index.php\/wp-json\/wp\/v2\/types\/post"}],"author":[{"embeddable":true,"href":"http:\/\/hoycordobaweb.com\/index.php\/wp-json\/wp\/v2\/users\/1"}],"replies":[{"embeddable":true,"href":"http:\/\/hoycordobaweb.com\/index.php\/wp-json\/wp\/v2\/comments?post=70829"}],"version-history":[{"count":0,"href":"http:\/\/hoycordobaweb.com\/index.php\/wp-json\/wp\/v2\/posts\/70829\/revisions"}],"wp:attachment":[{"href":"http:\/\/hoycordobaweb.com\/index.php\/wp-json\/wp\/v2\/media?parent=70829"}],"wp:term":[{"taxonomy":"category","embeddable":true,"href":"http:\/\/hoycordobaweb.com\/index.php\/wp-json\/wp\/v2\/categories?post=70829"},{"taxonomy":"post_tag","embeddable":true,"href":"http:\/\/hoycordobaweb.com\/index.php\/wp-json\/wp\/v2\/tags?post=70829"}],"curies":[{"name":"wp","href":"https:\/\/api.w.org\/{rel}","templated":true}]}}