{"id":70726,"date":"2023-12-04T02:41:00","date_gmt":"2023-12-04T02:41:00","guid":{"rendered":"http:\/\/hoycordobaweb.com\/index.php\/2023\/12\/04\/gimnasia-y-tiro-vencio-por-penales-a-douglas-haig-y-ascendio-a-primera-nacional\/"},"modified":"2023-12-04T02:41:00","modified_gmt":"2023-12-04T02:41:00","slug":"gimnasia-y-tiro-vencio-por-penales-a-douglas-haig-y-ascendio-a-primera-nacional","status":"publish","type":"post","link":"http:\/\/hoycordobaweb.com\/index.php\/2023\/12\/04\/gimnasia-y-tiro-vencio-por-penales-a-douglas-haig-y-ascendio-a-primera-nacional\/","title":{"rendered":"Gimnasia y Tiro venci\u00f3 por penales a Douglas Haig y ascendi\u00f3 a Primera Nacional"},"content":{"rendered":"<p><img src=\"http:\/\/hoycordobaweb.com\/wp-content\/uploads\/2023\/12\/gimnasia-y-tiro-vencio-por-penales-a-douglas-haig-y-ascendio-a-primera-nacional.jpg\"><\/p>\n<figure class=\"mb-3\"><img loading=\"lazy\" data-src=\"http:\/\/hoycordobaweb.com\/wp-content\/uploads\/2023\/12\/gimnasia-y-tiro-vencio-por-penales-a-douglas-haig-y-ascendio-a-primera-nacional-2.jpg\" src=\"https:\/\/www.telam.com.ar\/assets\/img\/not_image.png\" class=\" lazy \" width=\"100%\" height=\"100%\" alt=\"Gimnasia y Tiro ascendi a Primera Nacional \"><figcaption> Gimnasia y Tiro ascendi\u00f3 a Primera Nacional. <\/figcaption><\/figure>\n<p>Gimnasia y Tiro de Salta venci\u00f3 este domingo en la definici\u00f3n con tiros penales a Douglas Haig de Pergamino por 3 a 1, tras igualar 1 a 1 al t\u00e9rmino del tiempo reglamentario, <strong>se coron\u00f3 campe\u00f3n del torneo Federal A de f\u00fatbol y ascendi\u00f3 a la Primera Nacional <\/strong>para la pr\u00f3xima temporada.<\/p>\n<p>El encuentro se llev\u00f3 a cabo en el estadio Carlos Augusto Mercado Luna, en la capital de la provincia de La Rioja, y durante los 90 minutos Nicol\u00e1s Johansen puso en ventaja a Douglas Haig, mientras que Jorge Ignacio Sanabria igual\u00f3 para Gimnasia y Tiro, ambos de cabeza y en la primera etapa.<\/p>\n<p>El empate mand\u00f3 la <strong>definici\u00f3n a la tanda de los penales<\/strong>, en la que los salte\u00f1os fueron m\u00e1s precisos, al anotar 3 de los 4 que remataron; al tiempo que su arquero, Federico Abad\u00eda, se qued\u00f3 con los remates de Pablo Mazza y Agust\u00edn Osinaga, para convertirse en h\u00e9roe y art\u00edfice del ascenso.<\/p>\n<blockquote class=\"twitter-tweet\" readability=\"10.455445544554\">\n<p lang=\"es\" dir=\"ltr\">Toloza \u26bd, Milan \u26bd, Rocca \u274c, Busse \u26bd<\/p>\n<p>La serie termin\u00f3 3-1, Federico Abad\u00eda se convirti\u00f3 en h\u00e9roe atajando dos pelotas <a href=\"https:\/\/twitter.com\/hashtag\/VamosAlbo?src=hash&amp;ref_src=twsrc%5Etfw\">#VamosAlbo<\/a> \ud83e\udd0d\ud83d\udc99<\/p>\n<p>\u2014 Club Gimnasia y Tiro (@gytoficial) <a href=\"https:\/\/twitter.com\/gytoficial\/status\/1731494271612486130?ref_src=twsrc%5Etfw\">December 4, 2023<\/a><\/p><\/blockquote>\n<p>La noche en La Rioja empez\u00f3 de estudio de parte de los dos equipos, pero tras los primeros minutos, Gimnasia y Tiro, formado por varios futbolistas experimentados como Ivo Chaves, Mat\u00eda Birge, Walter Busse y Ezequiel C\u00e9rica, comenz\u00f3 a manejar el bal\u00f3n y a controlar el juego, pero sin llegada al arco de Douglas Haig.<\/p>\n<p>Ese leve dominio se diluy\u00f3 y<strong> los pergaminenses se acomodaron mejor en el campo<\/strong> y comenzaron a arrimarse con \u00abmalas intenciones\u00bb al arco defendido por Federico Abad\u00eda.<\/p>\n<p>No extra\u00f1\u00f3 entonces, que a los 34 minutos en la primera llegada de real peligro en alguno de los arcos, <strong>Douglas aprovechara ese mejor momento y abriera el marcador.<\/strong><\/p>\n<p>Rodrigo Caballuci ejecut\u00f3 un tiro libre de frente al arco y su remate fue desviado de cabeza por Nicol\u00e1s Johansen, quien se anticip\u00f3 al cruce del defensor y venci\u00f3 a Federico Abad\u00eda, para poner el 1 a 0.<\/p>\n<p><strong>Poco le dur\u00f3 la alegr\u00eda a Douglas Haig, porque a los 38 minutos, tras otro tiro libre, el \u00abAlbo\u00bb lo empat\u00f3.<\/strong><\/p>\n<p>Daniel Carrasco se hizo cargo de un tiro libre por izquierda a unos metros de cruzar el medio campo, envi\u00f3 centro al \u00e1rea y Jorge Ignacio Sanabria, de cabeza y tras aprovechar y muy mala salida del golero Juan Ignacio Cabrera, mand\u00f3 el bal\u00f3n a la red cerca de la l\u00ednea y en el segundo palo.<\/p>\n<p>La parte final tuvo nuevamente a Gimnasia y Tiro con mayor control de la pelota, pero nuevamente sin arrimar demasiado peligro; mientras que el \u00abFogonero\u00bb intent\u00f3 salir de \u00abcontra\u00bb, pero sin lograr su objetivo, por lo cual el partido careci\u00f3 de emociones durante casi toda la segunda etapa.<\/p>\n<blockquote class=\"twitter-tweet\" readability=\"6.8943396226415\">\n<p lang=\"es\" dir=\"ltr\"><a href=\"https:\/\/twitter.com\/hashtag\/FederalA?src=hash&amp;ref_src=twsrc%5Etfw\">#FederalA<\/a> \u00a1Gimnasia y Tiro es el campe\u00f3n! Tras igualar 1-1 en tiempo reglamentario, el equipo salte\u00f1o super\u00f3 a Douglas Haig en los penales y se qued\u00f3 con el ascenso a la Primera Nacional.<\/p>\n<p>\ud83d\udcf7<a href=\"https:\/\/twitter.com\/gytoficial?ref_src=twsrc%5Etfw\">@gytoficial<\/a> <a href=\"https:\/\/t.co\/LKl7RyoptV\">pic.twitter.com\/LKl7RyoptV<\/a><\/p>\n<p>\u2014 AFA (@afa) <a href=\"https:\/\/twitter.com\/afa\/status\/1731487430228746318?ref_src=twsrc%5Etfw\">December 4, 2023<\/a><\/p><\/blockquote>\n<p>Lleg\u00f3 el final, con Gimnasia y Tiro siempre con m\u00e1s intenciones de quedarse con el triunfo en los 90 minutos, pero sin profundidad para poder lograrlo, pero s\u00ed fue contundente desde el punto penal y, adem\u00e1s, <strong>cont\u00f3 la figura destacada de Federico Abad\u00eda para lograr el merecido ascenso y festejo de su gente.<\/strong><\/p>\n<p>Gimnasia y Tiro, fundado el 29 de noviembre de 1902, que<strong> fue apoyado por m\u00e1s de 8.000 espectadores<\/strong> que llegaron desde Salta a La Rioja, vuelve as\u00ed a la Primera Nacional luego de 23 a\u00f1os.<\/p>\n<p>Los conducidos por Rub\u00e9n Forestelo pudieron obtener lo que se les escap\u00f3 en el 2021, cuando tambi\u00e9n dirigidos t\u00e9cnicamente por el \u00abYagui\u00bb, perdieron la final 1 a 0 ante Chaco For Ever, en Santiago del Estero.<\/p>\n<p>De todos modos, Douglas Haig, pese a la desaz\u00f3n tendr\u00e1 una nueva ocasi\u00f3n para ascender a la Primera Nacional debido a que <strong>jugar\u00e1 un partido por una tercera promoci\u00f3n de categor\u00eda ante San Miguel<\/strong>, que se adjudic\u00f3 el torneo reducido de la Primera B.<\/p>\n<h2 class>Sintesis<\/h2>\n<p><strong>Douglas Haig<\/strong>: Juan Ignacio Carrera; Pablo Cuevas, Lucas L\u00f3pez, Agust\u00edn Osinaga y Mariano Mauri; Juan Pablo Mi\u00f1o, Brian Meza, Tom\u00e1s Gonz\u00e1lez y Rodrigo Caballuci; Mauricio T\u00e9vez y Nicol\u00e1s Johansen. DT: Gustavo Raggio.<\/p>\n<p><strong>Gimnasia y Tiro<\/strong>: Federico Abad\u00eda; Ivo Chaves, Jorge Ignacio Sanabria, Daniel Abello y Adolfo Tallura; Daniel Carrasco, Mat\u00edas Birge, Walter Busse y Rub\u00e9n Villarreal; Fabricio Rojas y Ezequiel C\u00e9rica. DT: Rub\u00e9n Forestello.<\/p>\n<p><strong>Goles en el primer tiempo<\/strong>: 34m. Nicol\u00e1s Johansen (DH) y 38m. Jorge Ignacio Sanabria (GyT).<\/p>\n<p><strong>Definici\u00f3n por penales<\/strong>:<br \/>Para Gimnasia y Tiro marcaron Adri\u00e1n Toloza, Guido Mil\u00e1n y Walter Busse; Juan Ignacio Carrera ataj\u00f3 el tiro de Juan Rocca.<br \/>Para Douglas Haig se\u00f1al\u00f3 Mauro Siergiejuk; Lucas L\u00f3pez remat\u00f3 desviado por encima del travesa\u00f1o; y Federico Abad\u00eda contuvo los disparos de Pablo Mazza y Agust\u00edn Osinaga,<\/p>\n<p><strong>Cambios<\/strong>: en el segundo tiempo, 16m. Pablo Mazza por Rodrigo Caballuci (DH) y Joaqu\u00edn Petino por Juan Pablo Mi\u00f1o (DH); 22m. Joel Mart\u00ednez por Ezequiel C\u00e9rica (GyT); 25m. Ra\u00fal Chamorro por Daniel Carrasco (GyT); 27m. Agust\u00edn Pezzi por Mauricio T\u00e9vez (DH); 43m. Ezequiel \u00c1vila por Tom\u00e1s Gonz\u00e1lez (DH) y Mauro<br \/>Siergiejuk por Nicol\u00e1s Johansen (DH); y Adri\u00e1n Toloza por Fabricio Rojas (GyT), Guido Mil\u00e1n por Ivo Ch\u00e1ves (GyT) y Juan Rocca por Rub\u00e9n Villarreal<\/p>\n<p><strong>Amonestados<\/strong>: Rodrigo Caballuci (DH), Juan Pablo Mi\u00f1o (DH), Fabricio Rojas (GyT), Brian Meza (DH), Pablo Cuevas (DH); Jorge Ignacio Sanabria (GyT).<\/p>\n<p><strong>Incidencia<\/strong>: expulsado 41m. Brain Meza (DH).<\/p>\n<p><strong>\u00c1rbitro<\/strong>: Bruno Amiconi<\/p>\n<p><strong>Estadio<\/strong>: Carlos Augusto Mercado Luna (La Rioja). <\/p>\n","protected":false},"excerpt":{"rendered":"<p>Gimnasia y Tiro ascendi\u00f3 a Primera Nacional. Gimnasia y Tiro de Salta venci\u00f3 este domingo en la definici\u00f3n con tiros penales a Douglas Haig de Pergamino por 3 a 1, tras igualar 1 a 1 al t\u00e9rmino del tiempo reglamentario, se coron\u00f3 campe\u00f3n del torneo Federal A de f\u00fatbol y ascendi\u00f3 a la Primera Nacional [&hellip;]<\/p>\n","protected":false},"author":1,"featured_media":70727,"comment_status":"open","ping_status":"closed","sticky":false,"template":"","format":"standard","meta":[],"categories":[16],"tags":[],"_links":{"self":[{"href":"http:\/\/hoycordobaweb.com\/index.php\/wp-json\/wp\/v2\/posts\/70726"}],"collection":[{"href":"http:\/\/hoycordobaweb.com\/index.php\/wp-json\/wp\/v2\/posts"}],"about":[{"href":"http:\/\/hoycordobaweb.com\/index.php\/wp-json\/wp\/v2\/types\/post"}],"author":[{"embeddable":true,"href":"http:\/\/hoycordobaweb.com\/index.php\/wp-json\/wp\/v2\/users\/1"}],"replies":[{"embeddable":true,"href":"http:\/\/hoycordobaweb.com\/index.php\/wp-json\/wp\/v2\/comments?post=70726"}],"version-history":[{"count":0,"href":"http:\/\/hoycordobaweb.com\/index.php\/wp-json\/wp\/v2\/posts\/70726\/revisions"}],"wp:featuredmedia":[{"embeddable":true,"href":"http:\/\/hoycordobaweb.com\/index.php\/wp-json\/wp\/v2\/media\/70727"}],"wp:attachment":[{"href":"http:\/\/hoycordobaweb.com\/index.php\/wp-json\/wp\/v2\/media?parent=70726"}],"wp:term":[{"taxonomy":"category","embeddable":true,"href":"http:\/\/hoycordobaweb.com\/index.php\/wp-json\/wp\/v2\/categories?post=70726"},{"taxonomy":"post_tag","embeddable":true,"href":"http:\/\/hoycordobaweb.com\/index.php\/wp-json\/wp\/v2\/tags?post=70726"}],"curies":[{"name":"wp","href":"https:\/\/api.w.org\/{rel}","templated":true}]}}