{"id":70708,"date":"2023-12-04T00:31:32","date_gmt":"2023-12-04T00:31:32","guid":{"rendered":"https:\/\/www.ole.com.ar\/futbol-internacional\/suarez-lloro-adios-va-jugar-messi_0_0Az8hNkrPu.html"},"modified":"2023-12-04T00:31:32","modified_gmt":"2023-12-04T00:31:32","slug":"suarez-lloro-en-su-adios-se-va-a-jugar-con-messi","status":"publish","type":"post","link":"http:\/\/hoycordobaweb.com\/index.php\/2023\/12\/04\/suarez-lloro-en-su-adios-se-va-a-jugar-con-messi\/","title":{"rendered":"Su\u00e1rez llor\u00f3 en su adi\u00f3s: \u00bfse va a jugar con Messi?"},"content":{"rendered":"<p><img src=\"http:\/\/hoycordobaweb.com\/wp-content\/uploads\/2023\/12\/suarez-lloro-en-su-adios-se-va-a-jugar-con-messi.jpg\"><\/p>\n<p><time class=\"createDate\" datetime=\"2023-12-03T21:31:32-03:00\">03\/12\/2023 21:31hs.<\/time><time class=\"modificatedDate\" datetime=\"2023-12-03T21:31:31-03:00\"><\/time><\/p>\n<div id=\"storyBody\">\n<div class=\"custom-text \" readability=\"35.293447293447\">\n<p><strong><a href=\"https:\/\/www.ole.com.ar\/tema\/luis-suarez.html\" title=\"Luis Su\u00e1rez\" alt=\"Luis Su\u00e1rez\" class=\"slug\">Luis Su\u00e1rez <\/a>se despidi\u00f3 de los torcedores de Gremio de Porto Alegre en el estadio Arena. <\/strong>El uruguayo no solo meti\u00f3 el gol del triunfo ante <a href=\"https:\/\/www.ole.com.ar\/tema\/vasco-da-gama.html\" title=\"Vasco da Gama\" alt=\"Vasco da Gama\" class=\"slug\">Vasco da Gama<\/a>,<strong> tambi\u00e9n tuvo un emocionante feeling con los torcedores<\/strong>, que lo ovacionaron al final del partido. A la fiesta se sumaron la esposa del delantero y sus hijos, por lo que se potenci\u00f3 la alegr\u00eda.<\/p>\n<\/div>\n<div class=\"custom-text \" readability=\"38\">\n<p>Los hinchas fueron preparados para la fiesta: muchos llevaron caretas de Lucho, y hubo cantos repetidos. El club proyect\u00f3 un video con goles del uruguayo en la pantalla gigante del estadio, y Lucho observ\u00f3 eso junto a su esposa e hijos. En las tribunas, algunos hinchas tambi\u00e9n lloraron de la emoci\u00f3n. <\/p>\n<\/div>\n<div class=\"custom-text \" readability=\"38\">\n<p>\u00bfQu\u00e9 ser\u00e1 del futuro de Su\u00e1rez?<strong> Todo indica que se ir\u00e1 a jugar con Lionel Messi en el Inter Miami.<\/strong> Hay varios indicios en ese sentido, solo que el club de la MLS y el futbolista no lo oficializaron. De hecho, cuando se supo la incorporaci\u00f3n de la Pulga a ese club, de inmediato qued\u00f3 instalado que Su\u00e1rez pod\u00eda rescindir el contrato con Gremio y sumarse al rosarino. Pero la dirigencia de Gremio insisti\u00f3 para que se mantuviera un semestre m\u00e1s. <\/p>\n<\/div>\n<div class=\"custom-text \" readability=\"40\">\n<p>Adem\u00e1s, desde que se confirm\u00f3 la baja de Su\u00e1rez en Gremio a fin de a\u00f1o, no surgi\u00f3 ninguna informaci\u00f3n sobre una gesti\u00f3n de otro club que no sea el de las Garzas. As\u00ed, Lucho se reencontrar\u00e1 con su amigo argentino, con el que gan\u00f3 todo en el Barcelona 2014\/15, al formar un descomunal tridente de ataque con Neymar. <\/p>\n<\/div>\n<div class=\"custom-text \" readability=\"37.670454545455\">\n<p>El Pistolero se va con una muy buena prestaci\u00f3n: 23 goles y 17 asistencias en 53 partidos, con el equipo ga\u00facho clasificado para la <a href=\"https:\/\/www.ole.com.ar\/tema\/copa-libertadores.html\" title=\"Copa Libertadores\" alt=\"Copa Libertadores\" class=\"slug\">Libertadores<\/a> 2024, aunque con la necesidad de ganar el pr\u00f3ximo mi\u00e9rcoles, ante Fluminense en el Maracan\u00e1, para no depender de otros resultados para mantenerse en la zona de grupos y no arrancar desde la fase previa. <\/p>\n<\/div>\n<p><h2><strong>Mir\u00e1 el video<\/strong><\/h2>\n<\/p>\n<div type=\"embed\" class=\"sc-7ce6049-0 dwIKul\">\n<div class=\"sc-7ce6049-1 bdcBBS videoText\" id=\"contentTitleembedCelq9pWG\" type=\"embed\"><svg fill=\"#ffffff\"><symbol id=\"play\" viewBox=\"0 0 512 512\"><path d=\"M512 256C512 397.4 397.4 512 256 512C114.6 512 0 397.4 0 256C0 114.6 114.6 0 256 0C397.4 0 512 114.6 512 256zM176 168V344C176 352.7 180.7 360.7 188.3 364.9C195.8 369.2 205.1 369 212.5 364.5L356.5 276.5C363.6 272.1 368 264.4 368 256C368 247.6 363.6 239.9 356.5 235.5L212.5 147.5C205.1 142.1 195.8 142.8 188.3 147.1C180.7 151.3 176 159.3 176 168V168z\" \/><\/symbol><use xlink:href=\"#play\" \/><\/svg><\/p>\n<div class=\"right\">\n<p>Luis Su\u00e1rez<!-- --> &#8211;<!-- --> <span>3-12-2023<\/span><\/p>\n<h2 class=\"title-vid\">Luis Su\u00e1rez llor\u00f3 en su adi\u00f3s en Gremio<\/h2>\n<\/div>\n<\/div>\n<p><span class=\"back\" id=\"spanBackembedCelq9pWG\"><\/span><\/div>\n<div class=\"sc-e7b891c4-0 jPbnQF\"><img alt=\"El festejo de Lucho Su\u00e1rez.\" src=\"http:\/\/hoycordobaweb.com\/wp-content\/uploads\/2023\/12\/suarez-lloro-en-su-adios-se-va-a-jugar-con-messi-2.jpg\" width=\"720\" height=\"100\" decoding=\"async\" data-nimg=\"future\" loading=\"lazy\"><span class=\"epigraphe\">El festejo de Lucho Su\u00e1rez.<\/span><\/div>\n<div class=\"sc-e7b891c4-0 jPbnQF\"><img alt=\"El festejo de Lucho Su\u00e1rez.\" src=\"http:\/\/hoycordobaweb.com\/wp-content\/uploads\/2023\/12\/suarez-lloro-en-su-adios-se-va-a-jugar-con-messi-3.jpg\" width=\"720\" height=\"100\" decoding=\"async\" data-nimg=\"future\" loading=\"lazy\"><span class=\"epigraphe\">El festejo de Lucho Su\u00e1rez.<\/span><\/div>\n<div class=\"sc-e7b891c4-0 jPbnQF\"><img alt=\"Lucho con sus hijos en la despedida: observan el video con sus goles.\" src=\"http:\/\/hoycordobaweb.com\/wp-content\/uploads\/2023\/12\/suarez-lloro-en-su-adios-se-va-a-jugar-con-messi-4.jpg\" width=\"720\" height=\"100\" decoding=\"async\" data-nimg=\"future\" loading=\"lazy\"><span class=\"epigraphe\">Lucho con sus hijos en la despedida: observan el video con sus goles.<\/span><\/div>\n<div class=\"custom-embedhtml\" readability=\"6.5551839464883\">\n<blockquote class=\"twitter-tweet\" readability=\"7.3745819397993\">\n<p lang=\"pt\" dir=\"ltr\">GRACIAS, <a href=\"https:\/\/twitter.com\/LuisSuarez9?ref_src=twsrc%5Etfw\">@LuisSuarez9<\/a> \ud83e\udd79\ud83c\uddea\ud83c\uddea Um cap\u00edtulo lindo de nossa hist\u00f3ria foi escrito por ti. O 4\u00ba maior artilheiro em atividade do mundo deixou a sua marca 27 vezes com nosso manto. Onde estiver, ser\u00e1s para sempre IMORTAL! \ud83d\udc99 <a href=\"https:\/\/t.co\/gtcy7aLshE\">pic.twitter.com\/gtcy7aLshE<\/a><\/p>\n<p>\u2014 Gr\u00eamio FBPA (@Gremio) <a href=\"https:\/\/twitter.com\/Gremio\/status\/1731466717803532517?ref_src=twsrc%5Etfw\">December 4, 2023<\/a><\/p><\/blockquote><\/div>\n<div class=\"sc-a7166897-0 exHLBh\" readability=\"7.5\">\n<section readability=\"5\"><picture><img alt=\"Ram\u00f3n D\u00edaz: fuerte discusi\u00f3n con un jugador y, pese a la derrota, por ahora Vasco zafa del descenso\" src=\"http:\/\/hoycordobaweb.com\/wp-content\/uploads\/2023\/12\/suarez-lloro-en-su-adios-se-va-a-jugar-con-messi-5.jpg\" width=\"290\" height=\"290\" decoding=\"async\" data-nimg=\"future\" loading=\"lazy\"><\/picture>\n<p><span>Mir\u00e1 tambi\u00e9n<\/span><\/p>\n<hr>\n<h3>Ram\u00f3n D\u00edaz: fuerte discusi\u00f3n con un jugador y, pese a la derrota, por ahora Vasco zafa del descenso<\/h3>\n<\/p>\n<\/section>\n<\/div>\n<div class=\"sc-a7166897-0 exHLBh\" readability=\"6.5\">\n<section readability=\"3\"><picture><img alt=\"Simeone, caliente tras perder con Barcelona: &quot;\u00bfJoao F\u00e9lix? No hablo de mis rivales&quot;\" src=\"http:\/\/hoycordobaweb.com\/wp-content\/uploads\/2023\/12\/suarez-lloro-en-su-adios-se-va-a-jugar-con-messi-6.jpg\" width=\"290\" height=\"290\" decoding=\"async\" data-nimg=\"future\" loading=\"lazy\"><\/picture>\n<p><span>Mir\u00e1 tambi\u00e9n<\/span><\/p>\n<hr>\n<h3>Simeone, caliente tras perder con Barcelona: \u00ab\u00bfJoao F\u00e9lix? No hablo de mis rivales\u00bb<\/h3>\n<\/p>\n<\/section>\n<\/div>\n<div class=\"sc-a7166897-0 exHLBh\" readability=\"6\">\n<section readability=\"2\"><picture><img alt=\"El 1x1 de la Selecci\u00f3n este fin de semana \" src=\"http:\/\/hoycordobaweb.com\/wp-content\/uploads\/2023\/12\/suarez-lloro-en-su-adios-se-va-a-jugar-con-messi-7.jpg\" width=\"290\" height=\"290\" decoding=\"async\" data-nimg=\"future\" loading=\"lazy\"><\/picture>\n<p><span>Mir\u00e1 tambi\u00e9n<\/span><\/p>\n<hr>\n<h3>El 1&#215;1 de la Selecci\u00f3n este fin de semana<br \/>\n<\/h3>\n<\/p>\n<\/section>\n<\/div>\n<\/div>\n","protected":false},"excerpt":{"rendered":"<p>03\/12\/2023 21:31hs. Luis Su\u00e1rez se despidi\u00f3 de los torcedores de Gremio de Porto Alegre en el estadio Arena. El uruguayo no solo meti\u00f3 el gol del triunfo ante Vasco da Gama, tambi\u00e9n tuvo un emocionante feeling con los torcedores, que lo ovacionaron al final del partido. A la fiesta se sumaron la esposa del delantero [&hellip;]<\/p>\n","protected":false},"author":1,"featured_media":70709,"comment_status":"open","ping_status":"closed","sticky":false,"template":"","format":"standard","meta":[],"categories":[16],"tags":[],"_links":{"self":[{"href":"http:\/\/hoycordobaweb.com\/index.php\/wp-json\/wp\/v2\/posts\/70708"}],"collection":[{"href":"http:\/\/hoycordobaweb.com\/index.php\/wp-json\/wp\/v2\/posts"}],"about":[{"href":"http:\/\/hoycordobaweb.com\/index.php\/wp-json\/wp\/v2\/types\/post"}],"author":[{"embeddable":true,"href":"http:\/\/hoycordobaweb.com\/index.php\/wp-json\/wp\/v2\/users\/1"}],"replies":[{"embeddable":true,"href":"http:\/\/hoycordobaweb.com\/index.php\/wp-json\/wp\/v2\/comments?post=70708"}],"version-history":[{"count":0,"href":"http:\/\/hoycordobaweb.com\/index.php\/wp-json\/wp\/v2\/posts\/70708\/revisions"}],"wp:featuredmedia":[{"embeddable":true,"href":"http:\/\/hoycordobaweb.com\/index.php\/wp-json\/wp\/v2\/media\/70709"}],"wp:attachment":[{"href":"http:\/\/hoycordobaweb.com\/index.php\/wp-json\/wp\/v2\/media?parent=70708"}],"wp:term":[{"taxonomy":"category","embeddable":true,"href":"http:\/\/hoycordobaweb.com\/index.php\/wp-json\/wp\/v2\/categories?post=70708"},{"taxonomy":"post_tag","embeddable":true,"href":"http:\/\/hoycordobaweb.com\/index.php\/wp-json\/wp\/v2\/tags?post=70708"}],"curies":[{"name":"wp","href":"https:\/\/api.w.org\/{rel}","templated":true}]}}