{"id":70700,"date":"2023-12-04T03:46:40","date_gmt":"2023-12-04T03:46:40","guid":{"rendered":"https:\/\/www.ole.com.ar\/ecuador\/liga-pro\/carlos-ischia-tecnico-deportivo-cuenca-aviso-renovacion-continuar_0_QNxAA7Oe3W.html"},"modified":"2023-12-04T03:46:40","modified_gmt":"2023-12-04T03:46:40","slug":"carlos-ischia-aviso-que-no-renovara-con-deportivo-cuenca","status":"publish","type":"post","link":"http:\/\/hoycordobaweb.com\/index.php\/2023\/12\/04\/carlos-ischia-aviso-que-no-renovara-con-deportivo-cuenca\/","title":{"rendered":"Carlos Ischia avis\u00f3 que no renovar\u00e1 con Deportivo Cuenca"},"content":{"rendered":"<p><img src=\"http:\/\/hoycordobaweb.com\/wp-content\/uploads\/2023\/12\/carlos-ischia-aviso-que-no-renovara-con-deportivo-cuenca.jpg\"><\/p>\n<p><time class=\"createDate\" datetime=\"2023-12-04T00:46:40-03:00\">04\/12\/2023 00:46hs.<\/time><time class=\"modificatedDate\" datetime=\"2023-12-04T01:16:001-03:00\"> Actualizado al 04\/12\/2023 01:16hs.<\/time><\/p>\n<div id=\"storyBody\">\n<div class=\"custom-text \" readability=\"20.842105263158\">\n<p><strong><a href=\"https:\/\/www.ole.com.ar\/ecuador\/liga-pro\/emelec-deportivo-cuenca-ligapro-fase2_0_xwHZLfmaK8.html\" title=\"Tras perder ante Emelec\" alt=\"Tras perder ante Emelec\">Tras perder ante Emelec<\/a><\/strong>, en el <strong><a href=\"https:\/\/www.ole.com.ar\/ecuador\/liga-pro\/ligapro-clasificacion-copas-ligapro-sudamericana-libertadores_0_s6lOsl38If.html\" title=\"cierre de la temporada regular de la LigaPro\" alt=\"cierre de la temporada regular de la LigaPro\">cierre de la temporada regular de la LigaPro<\/a><\/strong>, <strong><a href=\"https:\/\/www.ole.com.ar\/tema\/carlos-ischia.html\" target=\"_blank\" title=\"Carlos Ischia\" alt=\"Carlos Ischia\" class=\"slug\" rel=\"noopener noreferrer\">Carlos Ischia <\/a><\/strong>confirm\u00f3 que por temas de salud n<strong>o continuar\u00e1 al frente de <a href=\"https:\/\/www.ole.com.ar\/tema\/deportivo-cuenca.html\" target=\"_blank\" title=\"Deportivo Cuenca\" alt=\"Deportivo Cuenca\" class=\"slug\" rel=\"noopener noreferrer\">Deportivo Cuenca<\/a><\/strong>. Su contrato vence a fin de este mes y no piensa renovarlo.<\/p>\n<\/div>\n<div class=\"custom-text \" readability=\"37\">\n<p>\u201cHoy termin\u00f3 mi etapa en Cuenca. T<strong>engo contrato hasta diciembre y no pienso renovarlo. Tengo que volver a mi pa\u00eds, donde debo operarme.<\/strong> <strong>Nos vamos con el sabor amargo de una derrota pero con el esfuerzo enorme de lograr a una clasificaci\u00f3n y haber dejado al equipo en una copa internacional\u201d<\/strong>, fueron las palabras con las que el entrenador argentino comunic\u00f3 la noticia.<\/p>\n<\/div>\n<div class=\"custom-text \" readability=\"39\">\n<p>Y agreg\u00f3 que \u201ccreo que hicimos una gran campa\u00f1a, generamos ventaja al inicio de la segunda etapa, tuvimos inconvenientes con expulsiones, lesiones, y con algunos arbitrajes que nos han perjudicado, todo eso me deja tranquilo. Cuenca disfrutar\u00e1 su torneo internacional\u201d.<\/p>\n<\/div>\n<div class=\"custom-text \" readability=\"29.943037974684\">\n<p>Los Morlacos obtuvieron el \u00faltimo lugar entre los clasificados al certamen internacional, por la tabla Acumulada, lugar que<strong><a href=\"https:\/\/www.ole.com.ar\/ecuador\/liga-pro\/macara-pelea-cupo-copa-sudamericana-serie-b-ascenso-repechaje_0_HYcvd8OtRX.html\" target=\"_blank\" title=\" est\u00e1 puesto en duda por un pedido de Macar\u00e1 de jugar un desempate \" alt=\" est\u00e1 puesto en duda por un pedido de Macar\u00e1 de jugar un desempate \" rel=\"noopener noreferrer\"> est\u00e1 puesto en duda por un pedido de Macar\u00e1 de jugar un desempate <\/a><\/strong>para definir al \u00faltimo clasificado de Ecuador, algo que se tratar\u00e1 en el Consejo de Presidentes de la LigaPro este lunes.<\/p>\n<\/div>\n<p><h2><strong>Los n\u00fameros de Ischia en Cuenca<\/strong><\/h2>\n<\/p>\n<div class=\"custom-text \" readability=\"27.751037344398\">\n<p>Luego de tres a\u00f1os fuera de Ecuador, el Pelado tom\u00f3 las riendas del Expreso Austral en mayo, tras <strong><a href=\"https:\/\/www.ole.com.ar\/ecuador\/cuenca\/deportivo-cuenca-entrenador-salida-cuerpo-tecnico-ligapro_0_gyel0uIYFm.html\" target=\"_blank\" title=\"la salida temprana de la dupla Gabriel Del Valle y Juan Zubeld\u00eda\" alt=\"la salida temprana de la dupla Gabriel Del Valle y Juan Zubeld\u00eda\" rel=\"noopener noreferrer\">la salida temprana de la dupla Gabriel Del Valle y Juan Zubeld\u00eda<\/a><\/strong> (hermano de Luis, actual DT de Liga de Quito), con el equipo 11\u00b0 entre 16.<\/p>\n<\/div>\n<div class=\"custom-text \" readability=\"33.938547486034\">\n<p>En la Fase 1, finaliz\u00f3 8\u00b0, con 21 puntos (IDV, el ganador, lleg\u00f3 a 34). En la segunda etapa, baj\u00f3 la performance: finaliz\u00f3 12\u00b0, con 16 unidades (a 20 de Liga de Quito, el mejor de la fase).La debacle, a poco del final, provoc\u00f3 <strong><a href=\"https:\/\/www.ole.com.ar\/ecuador\/cuenca\/deportivo-cuenca-carlos-ischia-hinchas-increparon-ligapro_0_hSx7H1NZSf.html\" target=\"_blank\" title=\"una repudiada interrupci\u00f3n de hinchas en una conferencia de prensa suya para insultarlo\" alt=\"una repudiada interrupci\u00f3n de hinchas en una conferencia de prensa suya para insultarlo\" rel=\"noopener noreferrer\">una repudiada interrupci\u00f3n de hinchas en una conferencia de prensa suya para insultarlo<\/a><\/strong>, tras un 0-0 ante Aucas como local.<\/p>\n<\/div>\n<div class=\"custom-text \" readability=\"37\">\n<p>La performance total del entrenador de 67 a\u00f1os con Cuenca, en un total de 20 encuentros dirigidos, fue de seis triunfos, siete empates y siete ca\u00eddas (41,6% de efectividad).<\/p>\n<\/div>\n<div class=\"sc-e7b891c4-0 jPbnQF\"><img alt=\"Hinchas de Deportivo Cuenca insultaron a Carlos Ischia. \" src=\"http:\/\/hoycordobaweb.com\/wp-content\/uploads\/2023\/12\/carlos-ischia-aviso-que-no-renovara-con-deportivo-cuenca-2.jpg\" width=\"720\" height=\"100\" decoding=\"async\" data-nimg=\"future\" loading=\"lazy\"><span class=\"epigraphe\">Hinchas de Deportivo Cuenca insultaron a Carlos Ischia. <\/span><\/div>\n<p><h2><strong>Ischia y la derrota ante Emelec<\/strong><\/h2>\n<\/p>\n<div class=\"custom-text \" readability=\"45\">\n<p>Respecto a este \u00faltimo encuentro, en el que <strong>Cuenca estaba 1-0 arriba con tanto de Sergio L\u00f3pez, de penal<\/strong>, Ischia coment\u00f3: \u00ab<strong>El equipo demostr\u00f3 25-30 minutos donde fuimos superiores, pelotas en el palo, no tuvimos la suerte de poder concretarlas.<\/strong> Al final pas\u00f3 lo qu\u00e9 pas\u00f3, <strong>yo soy muy sincero y honesto, cuando el rival nos supera lo digo sin inconveniente<\/strong>, no nos super\u00f3 Emelec, aprovech\u00f3 bien y gan\u00f3 un partido que no haya merecido ganarlo, ten\u00eda la obligaci\u00f3n de ganarlo en su cancha\u00bb<\/p>\n<\/div>\n<div class=\"sc-e7b891c4-0 jPbnQF\"><img alt=\"Carlos Ischia, ahora ex entrenador de Deportivo Cuenca.\" src=\"http:\/\/hoycordobaweb.com\/wp-content\/uploads\/2023\/12\/carlos-ischia-aviso-que-no-renovara-con-deportivo-cuenca-3.jpg\" width=\"720\" height=\"100\" decoding=\"async\" data-nimg=\"future\" loading=\"lazy\"><span class=\"epigraphe\">Carlos Ischia, ahora ex entrenador de Deportivo Cuenca.<\/span><\/div>\n<div class=\"custom-text \" readability=\"42\">\n<p>Y valor\u00f3 el logro conseguido: <strong>\u00abLa clasificaci\u00f3n de la Sudamericana no se consigue en un partido, se consigue en un torneo, hoy merec\u00edamos ganar pero no lo hicimos, pas\u00f3 con Barcelona, con Cat\u00f3lica, y varios empates de equipos.<\/strong> Hoy no tuvimos la misma actitud y definici\u00f3n que si tuvimos en los \u00faltimos partidos de la primera etapa. Emelec es un equipo que tiene muy buenos jugadores y, en su cancha, no quer\u00edan perder. <strong>Logramos la clasificaci\u00f3n pero no tiene el mismo sabor de haber ganado o empatado el partido. Se nos fue en el final con dos jugadas de pelota quieta. Ya est\u00e1&#8230;\u201d.<\/strong><\/p>\n<\/div>\n<div class=\"sc-a7166897-0 exHLBh\" readability=\"6\">\n<section readability=\"2\"><picture><img alt=\"Diego L\u00f3pez puso proa al 2024: \u201cEl a\u00f1o pr\u00f3ximo de Barcelona arranc\u00f3 hoy\u201d\" src=\"http:\/\/hoycordobaweb.com\/wp-content\/uploads\/2023\/12\/carlos-ischia-aviso-que-no-renovara-con-deportivo-cuenca-4.jpg\" width=\"290\" height=\"290\" decoding=\"async\" data-nimg=\"future\" loading=\"lazy\"><\/picture>\n<p><span>Mir\u00e1 tambi\u00e9n<\/span><\/p>\n<hr>\n<h3>Diego L\u00f3pez puso proa al 2024: \u201cEl a\u00f1o pr\u00f3ximo de Barcelona arranc\u00f3 hoy\u201d<\/h3>\n<\/p>\n<\/section>\n<\/div>\n<div class=\"sc-a7166897-0 exHLBh\" readability=\"6\">\n<section readability=\"2\"><picture><img alt=\"Hern\u00e1n Torres sac\u00f3 pecho de su campa\u00f1a: &quot;Quedamos a 11 puntos del descenso&quot; \" src=\"http:\/\/hoycordobaweb.com\/wp-content\/uploads\/2023\/12\/carlos-ischia-aviso-que-no-renovara-con-deportivo-cuenca-5.jpg\" width=\"290\" height=\"290\" decoding=\"async\" data-nimg=\"future\" loading=\"lazy\"><\/picture>\n<p><span>Mir\u00e1 tambi\u00e9n<\/span><\/p>\n<hr>\n<h3>Hern\u00e1n Torres sac\u00f3 pecho de su campa\u00f1a: \u00abQuedamos a 11 puntos del descenso\u00bb <\/h3>\n<\/p>\n<\/section>\n<\/div>\n<div class=\"sc-a7166897-0 exHLBh\" readability=\"6.5\">\n<section readability=\"3\"><picture><img alt=\"LigaPro, EN VIVO: Aucas clasific\u00f3 a la Copa Libertadores\" src=\"http:\/\/hoycordobaweb.com\/wp-content\/uploads\/2023\/12\/carlos-ischia-aviso-que-no-renovara-con-deportivo-cuenca-6.jpg\" width=\"290\" height=\"290\" decoding=\"async\" data-nimg=\"future\" loading=\"lazy\"><\/picture>\n<p><span>Mir\u00e1 tambi\u00e9n<\/span><\/p>\n<hr>\n<h3>LigaPro, EN VIVO: Aucas clasific\u00f3 a la Copa Libertadores<\/h3>\n<\/p>\n<\/section>\n<\/div>\n<div class=\"sc-a7166897-0 exHLBh\" readability=\"7\">\n<section readability=\"4\"><picture><img alt=\"Con una genialidad de Gabriel Cortez, Barcelona gan\u00f3 en Latacunga y termin\u00f3 segundo en la Acumulada\" src=\"http:\/\/hoycordobaweb.com\/wp-content\/uploads\/2023\/12\/carlos-ischia-aviso-que-no-renovara-con-deportivo-cuenca-7.jpg\" width=\"290\" height=\"290\" decoding=\"async\" data-nimg=\"future\" loading=\"lazy\"><\/picture>\n<p><span>Mir\u00e1 tambi\u00e9n<\/span><\/p>\n<hr>\n<h3>Con una genialidad de Gabriel Cortez, Barcelona gan\u00f3 en Latacunga y termin\u00f3 segundo en la Acumulada<\/h3>\n<\/p>\n<\/section>\n<\/div>\n<div class=\"sc-a7166897-0 exHLBh\" readability=\"6\">\n<section readability=\"2\"><picture><img alt=\"LigaPro: as\u00ed qued\u00f3 la clasificaci\u00f3n en Ecuador a las Copas 2024\" src=\"http:\/\/hoycordobaweb.com\/wp-content\/uploads\/2023\/12\/carlos-ischia-aviso-que-no-renovara-con-deportivo-cuenca-8.jpg\" width=\"290\" height=\"290\" decoding=\"async\" data-nimg=\"future\" loading=\"lazy\"><\/picture>\n<p><span>Mir\u00e1 tambi\u00e9n<\/span><\/p>\n<hr>\n<h3>LigaPro: as\u00ed qued\u00f3 la clasificaci\u00f3n en Ecuador a las Copas 2024<\/h3>\n<\/p>\n<\/section>\n<\/div>\n<div class=\"sc-a7166897-0 exHLBh\" readability=\"6.5\">\n<section readability=\"3\"><picture><img alt=\"Mois\u00e9s Caicedo, entre los jugadores que m\u00e1s aumentaron su valor en 2023\" src=\"http:\/\/hoycordobaweb.com\/wp-content\/uploads\/2023\/12\/carlos-ischia-aviso-que-no-renovara-con-deportivo-cuenca-9.jpg\" width=\"290\" height=\"290\" decoding=\"async\" data-nimg=\"future\" loading=\"lazy\"><\/picture>\n<p><span>Mir\u00e1 tambi\u00e9n<\/span><\/p>\n<hr>\n<h3>Mois\u00e9s Caicedo, entre los jugadores que m\u00e1s aumentaron su valor en 2023<\/h3>\n<\/p>\n<\/section>\n<\/div>\n<div class=\"sc-a7166897-0 exHLBh\" readability=\"6\">\n<section readability=\"2\"><picture><img alt=\"LDU e IDV definen la LigaPro: qui\u00e9n tiene el plantel m\u00e1s caro y por cu\u00e1nto\" src=\"http:\/\/hoycordobaweb.com\/wp-content\/uploads\/2023\/12\/carlos-ischia-aviso-que-no-renovara-con-deportivo-cuenca-10.jpg\" width=\"290\" height=\"290\" decoding=\"async\" data-nimg=\"future\" loading=\"lazy\"><\/picture>\n<p><span>Mir\u00e1 tambi\u00e9n<\/span><\/p>\n<hr>\n<h3>LDU e IDV definen la LigaPro: qui\u00e9n tiene el plantel m\u00e1s caro y por cu\u00e1nto<\/h3>\n<\/p>\n<\/section>\n<\/div>\n<div class=\"sc-a7166897-0 exHLBh\" readability=\"6\">\n<section readability=\"2\"><picture><img alt=\"El mensaje de Miguel \u00c1ngel Loor por el descenso del City y Gualaceo\" src=\"http:\/\/hoycordobaweb.com\/wp-content\/uploads\/2023\/12\/carlos-ischia-aviso-que-no-renovara-con-deportivo-cuenca-11.jpg\" width=\"290\" height=\"290\" decoding=\"async\" data-nimg=\"future\" loading=\"lazy\"><\/picture>\n<p><span>Mir\u00e1 tambi\u00e9n<\/span><\/p>\n<hr>\n<h3>El mensaje de Miguel \u00c1ngel Loor por el descenso del City y Gualaceo<\/h3>\n<\/p>\n<\/section>\n<\/div>\n<\/div>\n","protected":false},"excerpt":{"rendered":"<p>04\/12\/2023 00:46hs. Actualizado al 04\/12\/2023 01:16hs. Tras perder ante Emelec, en el cierre de la temporada regular de la LigaPro, Carlos Ischia confirm\u00f3 que por temas de salud no continuar\u00e1 al frente de Deportivo Cuenca. Su contrato vence a fin de este mes y no piensa renovarlo. \u201cHoy termin\u00f3 mi etapa en Cuenca. Tengo contrato [&hellip;]<\/p>\n","protected":false},"author":1,"featured_media":70701,"comment_status":"open","ping_status":"closed","sticky":false,"template":"","format":"standard","meta":[],"categories":[16],"tags":[],"_links":{"self":[{"href":"http:\/\/hoycordobaweb.com\/index.php\/wp-json\/wp\/v2\/posts\/70700"}],"collection":[{"href":"http:\/\/hoycordobaweb.com\/index.php\/wp-json\/wp\/v2\/posts"}],"about":[{"href":"http:\/\/hoycordobaweb.com\/index.php\/wp-json\/wp\/v2\/types\/post"}],"author":[{"embeddable":true,"href":"http:\/\/hoycordobaweb.com\/index.php\/wp-json\/wp\/v2\/users\/1"}],"replies":[{"embeddable":true,"href":"http:\/\/hoycordobaweb.com\/index.php\/wp-json\/wp\/v2\/comments?post=70700"}],"version-history":[{"count":0,"href":"http:\/\/hoycordobaweb.com\/index.php\/wp-json\/wp\/v2\/posts\/70700\/revisions"}],"wp:featuredmedia":[{"embeddable":true,"href":"http:\/\/hoycordobaweb.com\/index.php\/wp-json\/wp\/v2\/media\/70701"}],"wp:attachment":[{"href":"http:\/\/hoycordobaweb.com\/index.php\/wp-json\/wp\/v2\/media?parent=70700"}],"wp:term":[{"taxonomy":"category","embeddable":true,"href":"http:\/\/hoycordobaweb.com\/index.php\/wp-json\/wp\/v2\/categories?post=70700"},{"taxonomy":"post_tag","embeddable":true,"href":"http:\/\/hoycordobaweb.com\/index.php\/wp-json\/wp\/v2\/tags?post=70700"}],"curies":[{"name":"wp","href":"https:\/\/api.w.org\/{rel}","templated":true}]}}