{"id":70677,"date":"2023-12-03T11:27:00","date_gmt":"2023-12-03T11:27:00","guid":{"rendered":"http:\/\/hoycordobaweb.com\/index.php\/2023\/12\/03\/la-convocatoria-de-riquelme-como-hincha-voy-a-ser-uno-mas-de-ustedes\/"},"modified":"2023-12-03T11:27:00","modified_gmt":"2023-12-03T11:27:00","slug":"la-convocatoria-de-riquelme-como-hincha-voy-a-ser-uno-mas-de-ustedes","status":"publish","type":"post","link":"http:\/\/hoycordobaweb.com\/index.php\/2023\/12\/03\/la-convocatoria-de-riquelme-como-hincha-voy-a-ser-uno-mas-de-ustedes\/","title":{"rendered":"La convocatoria de Riquelme: \u00abComo hincha voy a ser uno m\u00e1s de ustedes\u00bb"},"content":{"rendered":"<p><img src=\"http:\/\/hoycordobaweb.com\/wp-content\/uploads\/2023\/12\/la-convocatoria-de-riquelme-como-hincha-voy-a-ser-uno-mas-de-ustedes.jpg\"><\/p>\n<figure class=\"mb-3\"><img loading=\"lazy\" data-src=\"http:\/\/hoycordobaweb.com\/wp-content\/uploads\/2023\/12\/la-convocatoria-de-riquelme-como-hincha-voy-a-ser-uno-mas-de-ustedes-2.jpg\" src=\"https:\/\/www.telam.com.ar\/assets\/img\/not_image.png\" class=\" lazy \" width=\"100%\" height=\"100%\" alt=\"Riquelme va por la presidencia de Boca con Jorge Amor Ameal Foto Prensa\"><figcaption> Riquelme va por la presidencia de Boca con Jorge Amor Ameal | Foto: Prensa <\/figcaption><\/figure>\n<p>El actual vicepresidente segundo, candidato a presidente e \u00eddolo \u00abxeneize\u00bb, Juan Rom\u00e1n Riquelme, encabezar\u00e1 la tarde de este domingoi una manifestaci\u00f3n de hinchas y socios de Boca en reclamo de las elecciones que deb\u00edan realizarse este domingo y fueron suspendidas por la Justicia.<\/p>\n<p>Los fan\u00e1ticos boquenses<strong> se concentrar\u00e1n desde las 16.00 en el Parque Lezama y desde all\u00ed marchar\u00e1n hacia la Bombonera por la calle Irala.<\/strong><\/p>\n<p><strong>Riquelme confirm\u00f3 este s\u00e1bado su presencia con un mensaje publicado en las redes sociales<\/strong>: \u00abLes quiero mandar un beso gigante a los hinchas de Boca y decirles que me siento orgulloso de ser un bostero m\u00e1s. Me enter\u00e9 que se est\u00e1n organizando para ir el domingo al estadio y como hincha de Boca voy a ir a ser uno m\u00e1s de ustedes\u00bb.<\/p>\n<blockquote class=\"twitter-tweet\" data-media-max-width=\"560\" readability=\"4.5348837209302\">\n<p lang=\"es\" dir=\"ltr\">\ud83c\udfa5 Juan Rom\u00e1n Riquelme convoca a los hinchas en Parque Lezama este domingo a las 16hs. <a href=\"https:\/\/t.co\/EbMZaQfPWP\">pic.twitter.com\/EbMZaQfPWP<\/a><\/p>\n<p>\u2014 Planeta Boca Juniors (@PlanetaBoca) <a href=\"https:\/\/twitter.com\/PlanetaBoca\/status\/1730937560312996083?ref_src=twsrc%5Etfw\">December 2, 2023<\/a><\/p><\/blockquote>\n<p>Riquelme<strong> lidera la lista del oficialismo para las elecciones<\/strong> que deb\u00eda celebrarse este domingo y se suspendieron luego de una medida cautelar de la jueza Alejandra Abrevaya, quien consider\u00f3 que hab\u00edan irregularidades en el padr\u00f3n electoral con el ingreso de 13.664 socios activos en noviembre de 2021.<\/p>\n<p>La magistrada fall\u00f3 de esa manera por una denuncia que present\u00f3 la lista opositora que conforman Andr\u00e9s Ibarra y Mauricio Macri.<\/p>\n<p><strong>La Justicia convoc\u00f3 el jueves a una conciliaci\u00f3n obligatoria <\/strong>pero los equipos legales de ambas facciones no se pusieron de acuerdo en relaci\u00f3n al universo de socios objetados.<\/p>\n<p>El departamento de legales de Boca present\u00f3 el viernes una apelaci\u00f3n y la C\u00e1mara Nacional de Apelaciones en lo Civil, en segunda instancia, qued\u00f3 con un plazo de tres d\u00edas h\u00e1biles para determinar si celebrar\u00e1n los comicios este a\u00f1o o bien se postergar\u00e1n hasta 2024.<\/p>\n<p>La \u00faltima fecha posible para el acto electoral es el 17 de diciembre, ya que una semana antes asumir\u00e1 el presidente de la Naci\u00f3n, Javier Milei, y posteriormente ser\u00e1n las jornadas de Nochebuena y A\u00f1o Nuevo, por lo que ser\u00eda imposible.<\/p>\n","protected":false},"excerpt":{"rendered":"<p>Riquelme va por la presidencia de Boca con Jorge Amor Ameal | Foto: Prensa El actual vicepresidente segundo, candidato a presidente e \u00eddolo \u00abxeneize\u00bb, Juan Rom\u00e1n Riquelme, encabezar\u00e1 la tarde de este domingoi una manifestaci\u00f3n de hinchas y socios de Boca en reclamo de las elecciones que deb\u00edan realizarse este domingo y fueron suspendidas por [&hellip;]<\/p>\n","protected":false},"author":1,"featured_media":70678,"comment_status":"open","ping_status":"closed","sticky":false,"template":"","format":"standard","meta":[],"categories":[16],"tags":[],"_links":{"self":[{"href":"http:\/\/hoycordobaweb.com\/index.php\/wp-json\/wp\/v2\/posts\/70677"}],"collection":[{"href":"http:\/\/hoycordobaweb.com\/index.php\/wp-json\/wp\/v2\/posts"}],"about":[{"href":"http:\/\/hoycordobaweb.com\/index.php\/wp-json\/wp\/v2\/types\/post"}],"author":[{"embeddable":true,"href":"http:\/\/hoycordobaweb.com\/index.php\/wp-json\/wp\/v2\/users\/1"}],"replies":[{"embeddable":true,"href":"http:\/\/hoycordobaweb.com\/index.php\/wp-json\/wp\/v2\/comments?post=70677"}],"version-history":[{"count":0,"href":"http:\/\/hoycordobaweb.com\/index.php\/wp-json\/wp\/v2\/posts\/70677\/revisions"}],"wp:featuredmedia":[{"embeddable":true,"href":"http:\/\/hoycordobaweb.com\/index.php\/wp-json\/wp\/v2\/media\/70678"}],"wp:attachment":[{"href":"http:\/\/hoycordobaweb.com\/index.php\/wp-json\/wp\/v2\/media?parent=70677"}],"wp:term":[{"taxonomy":"category","embeddable":true,"href":"http:\/\/hoycordobaweb.com\/index.php\/wp-json\/wp\/v2\/categories?post=70677"},{"taxonomy":"post_tag","embeddable":true,"href":"http:\/\/hoycordobaweb.com\/index.php\/wp-json\/wp\/v2\/tags?post=70677"}],"curies":[{"name":"wp","href":"https:\/\/api.w.org\/{rel}","templated":true}]}}