{"id":70636,"date":"2023-12-01T11:32:00","date_gmt":"2023-12-01T11:32:00","guid":{"rendered":"https:\/\/fm-comunicar.com.ar\/contenido\/20985\/jesus-maria-recibe-diciembre-con-diversas-propuestas-culturales"},"modified":"2023-12-01T11:32:00","modified_gmt":"2023-12-01T11:32:00","slug":"jesus-maria-recibe-diciembre-con-diversas-propuestas-culturales","status":"publish","type":"post","link":"http:\/\/hoycordobaweb.com\/index.php\/2023\/12\/01\/jesus-maria-recibe-diciembre-con-diversas-propuestas-culturales\/","title":{"rendered":"Jes\u00fas Mar\u00eda recibe diciembre con diversas propuestas culturales"},"content":{"rendered":"<p>La agenda arranca con las Primeras Jornadas Internacionales de Neuroderechos y Salud Mental. Adem\u00e1s, se cerrar\u00e1 la temporada art\u00edstica con la inauguraci\u00f3n de la \u00faltima muestra en el Museo de la Ciudad.<img src=\"http:\/\/hoycordobaweb.com\/wp-content\/uploads\/2023\/12\/jesus-maria-recibe-diciembre-con-diversas-propuestas-culturales.jpg\"><\/p>\n","protected":false},"excerpt":{"rendered":"<p>La agenda arranca con las Primeras Jornadas Internacionales de Neuroderechos y Salud Mental. Adem\u00e1s, se cerrar\u00e1 la temporada art\u00edstica con la inauguraci\u00f3n de la \u00faltima muestra en el Museo de la Ciudad.<\/p>\n","protected":false},"author":1,"featured_media":70637,"comment_status":"closed","ping_status":"closed","sticky":false,"template":"","format":"standard","meta":[],"categories":[18],"tags":[],"_links":{"self":[{"href":"http:\/\/hoycordobaweb.com\/index.php\/wp-json\/wp\/v2\/posts\/70636"}],"collection":[{"href":"http:\/\/hoycordobaweb.com\/index.php\/wp-json\/wp\/v2\/posts"}],"about":[{"href":"http:\/\/hoycordobaweb.com\/index.php\/wp-json\/wp\/v2\/types\/post"}],"author":[{"embeddable":true,"href":"http:\/\/hoycordobaweb.com\/index.php\/wp-json\/wp\/v2\/users\/1"}],"replies":[{"embeddable":true,"href":"http:\/\/hoycordobaweb.com\/index.php\/wp-json\/wp\/v2\/comments?post=70636"}],"version-history":[{"count":0,"href":"http:\/\/hoycordobaweb.com\/index.php\/wp-json\/wp\/v2\/posts\/70636\/revisions"}],"wp:featuredmedia":[{"embeddable":true,"href":"http:\/\/hoycordobaweb.com\/index.php\/wp-json\/wp\/v2\/media\/70637"}],"wp:attachment":[{"href":"http:\/\/hoycordobaweb.com\/index.php\/wp-json\/wp\/v2\/media?parent=70636"}],"wp:term":[{"taxonomy":"category","embeddable":true,"href":"http:\/\/hoycordobaweb.com\/index.php\/wp-json\/wp\/v2\/categories?post=70636"},{"taxonomy":"post_tag","embeddable":true,"href":"http:\/\/hoycordobaweb.com\/index.php\/wp-json\/wp\/v2\/tags?post=70636"}],"curies":[{"name":"wp","href":"https:\/\/api.w.org\/{rel}","templated":true}]}}