{"id":70616,"date":"2023-12-01T12:58:39","date_gmt":"2023-12-01T12:58:39","guid":{"rendered":"https:\/\/www.mujerhoy.com\/moda\/tendencias\/cardigans-joya-tendencia-instagram-hym-zara-mango-20231201082607-nt.html"},"modified":"2023-12-01T12:58:39","modified_gmt":"2023-12-01T12:58:39","slug":"los-cardigans-joya-son-la-tendencia-mas-viral-de-instagram","status":"publish","type":"post","link":"http:\/\/hoycordobaweb.com\/index.php\/2023\/12\/01\/los-cardigans-joya-son-la-tendencia-mas-viral-de-instagram\/","title":{"rendered":"Los c\u00e1rdigans joya son la tendencia m\u00e1s viral de Instagram"},"content":{"rendered":"<p><!-- AUTHOR --> <\/p>\n<div class=\"voc-author-timesocial \"> <!-- AUTHOR --> <\/p>\n<div class=\"voc-author-timesocial__signature\"> <!-- IMAGE AUTHOR --> <picture class=\"voc-image-signature\"> <img class=\"voc-image-signature__img\" src=\"http:\/\/hoycordobaweb.com\/wp-content\/uploads\/2023\/12\/los-cardigans-joya-son-la-tendencia-mas-viral-de-instagram.jpg\" alt=\"Elena Olivero\"> <\/picture> <!-- INFO AUTHOR --> <\/div><\/div>\n<p> <!-- COMPONENTS --> <\/p>\n<p class=\"voc-paragraph\">En Instagram est\u00e1 surgiendo una <strong>moda muy viral<\/strong> de la que todas las influencers se est\u00e1n contagiando por su atractivo. Y es que, el gusto por los brillos (como en el <a data-voc-vtm-id=\"in-text-traffic\" href=\"https:\/\/www.mujerhoy.com\/moda\/no-te-pierdas\/zapatos-dorados-plateados-tendencia-cortefiel-20231107125600-nt.html\">tejido metalizado<\/a> o los espectaculares vaqueros con strass) que hay esta temporada, ha hecho que se popularicen prendas casual y m\u00e1s desenfadadas, elevadas mediante la adici\u00f3n de abalorios que las hacen lujosas, especiales y muy coquetas.\n<\/p>\n<p class=\"voc-paragraph\">De cara a las fiestas que se acercan, como look de Nochevieja o Navidad, son una soluci\u00f3n realmente exitosa, sobre todo si eres de las que quiere ir c\u00f3moda y no tener que llevar <a data-voc-vtm-id=\"in-text-traffic\" href=\"https:\/\/www.mujerhoy.com\/moda\/no-te-pierdas\/vestidos-lentejuelas-zara-nueva-coleccion-adelantate-black-friday-20231103134617-nt.html\">vestidos de lentejuelas<\/a> o un outfit con el que helarte de fr\u00edo. Pero, tambi\u00e9n se pueden lucir a diario junto a unos vaqueros para hacer del modelito b\u00e1sico algo super chic. Por eso, necesitas estos <strong>c\u00e1rdigans joya<\/strong> que enamoran a las chicas de Instagram y no paran de ganar likes.\n<\/p>\n<div class=\"voc-detail-photo-zoom\"> <picture data-toggle=\"modal\" data-target=\"#photoZoomModal-824\" target=\"modal\">\n<div class=\"voc-img-icon-link\"> <img loading=\"lazy\" data-original=\"\/\/static1.mujerhoy.com\/www\/multimedia\/202312\/01\/media\/cortadas\/cardigans-joya-1-rosa-kJMH--650x900@MujerHoy.jpg\" width=\"650\" height=\"900\" class=\"lazy adsviu_analyse\" alt=\"C\u00e1rdigan joya efecto pelo con cristales\"> <noscript> <img src=\"http:\/\/hoycordobaweb.com\/wp-content\/uploads\/2023\/12\/los-cardigans-joya-son-la-tendencia-mas-viral-de-instagram.webp\" alt=\"C\u00e1rdigan joya efecto pelo con cristales\"> <\/noscript> <i class=\"voc-icons zoom voc-multimedia-box voc-ico-l\"><\/i> <\/div><figcaption class=\"figure-caption\">C\u00e1rdigan joya efecto pelo con cristales<\/figcaption><\/picture>\n<\/div>\n<div id=\"photoZoomModal-824\" class=\"voc-lightbox modal fade voc-lightbox--photo-zoom\" role=\"dialog\" data-voc-photozoom-lightbox>\n<div class=\"voc-lightbox__dialog\" role=\"document\">\n<div class=\"voc-lightbox__content\"> <!-- Modal header --> <!-- Modal content --> <\/p>\n<div class=\"voc-lightbox__photo-container\"> <picture class> <img loading=\"lazy\" data-original=\"\/\/static1.mujerhoy.com\/www\/multimedia\/202312\/01\/media\/cortadas\/cardigans-joya-1-rosa-kJMH--650x900@MujerHoy.jpg\" alt=\"C\u00e1rdigan joya efecto pelo con cristales\" class=\"lazy\"> <noscript> <img src=\"http:\/\/hoycordobaweb.com\/wp-content\/uploads\/2023\/12\/los-cardigans-joya-son-la-tendencia-mas-viral-de-instagram.webp\" alt=\"C\u00e1rdigan joya efecto pelo con cristales\"> <\/noscript> <\/picture> <\/div><\/div><\/div>\n<\/div>\n<p class=\"voc-paragraph\">Todas las influencers han enloquecido por lo espectacular que queda este <strong>c\u00e1rdigan en tejido de punto efecto pelo, color rosa<\/strong>, de la c\u00e1psula edici\u00f3n limitada de Paco Rabbane x H&amp;M. Est\u00e1 confeccionado en mezcla de mohair. Tiene cuello redondo. Las mangas son largas. Y, se adorna con detalles de pedrer\u00eda brillantes y botones joya. Cuesta 129 euros, de la XS a la XXL pero ya quedan muy poquitas tallas disponibles porque ha sido todo un \u00e9xito de ventas, as\u00ed que ve corriendo a por \u00e9l.\n<\/p>\n<div class=\"voc-detail-photo-zoom\"> <picture data-toggle=\"modal\" data-target=\"#photoZoomModal-283\" target=\"modal\">\n<div class=\"voc-img-icon-link\"> <img loading=\"lazy\" data-original=\"\/\/static3.mujerhoy.com\/www\/multimedia\/202312\/01\/media\/cortadas\/cardigans-joya-2-cuello-kJMH--650x900@MujerHoy.jpg\" width=\"650\" height=\"900\" class=\"lazy adsviu_analyse\" alt=\"C\u00e1rdigan joya con pedreria\"> <noscript> <img src=\"http:\/\/hoycordobaweb.com\/wp-content\/uploads\/2023\/12\/los-cardigans-joya-son-la-tendencia-mas-viral-de-instagram-1.webp\" alt=\"C\u00e1rdigan joya con pedreria\"> <\/noscript> <i class=\"voc-icons zoom voc-multimedia-box voc-ico-l\"><\/i> <\/div><figcaption class=\"figure-caption\">C\u00e1rdigan joya con pedreria<\/figcaption><\/picture>\n<\/div>\n<div id=\"photoZoomModal-283\" class=\"voc-lightbox modal fade voc-lightbox--photo-zoom\" role=\"dialog\" data-voc-photozoom-lightbox>\n<div class=\"voc-lightbox__dialog\" role=\"document\">\n<div class=\"voc-lightbox__content\"> <!-- Modal header --> <!-- Modal content --> <\/p>\n<div class=\"voc-lightbox__photo-container\"> <picture class> <img loading=\"lazy\" data-original=\"\/\/static3.mujerhoy.com\/www\/multimedia\/202312\/01\/media\/cortadas\/cardigans-joya-2-cuello-kJMH--650x900@MujerHoy.jpg\" alt=\"C\u00e1rdigan joya con pedreria\" class=\"lazy\"> <noscript> <img src=\"http:\/\/hoycordobaweb.com\/wp-content\/uploads\/2023\/12\/los-cardigans-joya-son-la-tendencia-mas-viral-de-instagram-1.webp\" alt=\"C\u00e1rdigan joya con pedreria\"> <\/noscript> <\/picture> <\/div><\/div><\/div>\n<\/div>\n<p class=\"voc-paragraph\">Otra de las mejores opciones, para combinar en fiestas o estas navidades con tus <a data-voc-vtm-id=\"in-text-traffic\" href=\"https:\/\/www.mujerhoy.com\/moda\/tendencias\/pantalones-tendencia-otono-invierno-hym-zara-mango-20231108131120-nt.html\">pantalones metalizados<\/a>, es este <strong>c\u00e1rdigan joya de punto suave<\/strong>, tono crudo, de Zara. El dise\u00f1o es trenzado. Cuenta con detalle de brillantes y botones de pedrer\u00eda. Tiene mangas largas y el cuello es de tipo polo. Adem\u00e1s, ahora est\u00e1 rebajado a 22,99 euros, en la S, M o L. Eso s\u00ed, se est\u00e1 agotando por horas.\n<\/p>\n<div class=\"voc-detail-photo-zoom\"> <picture data-toggle=\"modal\" data-target=\"#photoZoomModal-50\" target=\"modal\">\n<div class=\"voc-img-icon-link\"> <img loading=\"lazy\" data-original=\"\/\/static2.mujerhoy.com\/www\/multimedia\/202312\/01\/media\/cortadas\/cardigans-joya-3-lentejuelas-kJMH--650x900@MujerHoy.jpg\" width=\"650\" height=\"900\" class=\"lazy adsviu_analyse\" alt=\"C\u00e1rdigan con brillos y lentejuelas\"> <noscript> <img src=\"http:\/\/hoycordobaweb.com\/wp-content\/uploads\/2023\/12\/los-cardigans-joya-son-la-tendencia-mas-viral-de-instagram-2.webp\" alt=\"C\u00e1rdigan con brillos y lentejuelas\"> <\/noscript> <i class=\"voc-icons zoom voc-multimedia-box voc-ico-l\"><\/i> <\/div><figcaption class=\"figure-caption\">C\u00e1rdigan con brillos y lentejuelas<\/figcaption><\/picture>\n<\/div>\n<div id=\"photoZoomModal-50\" class=\"voc-lightbox modal fade voc-lightbox--photo-zoom\" role=\"dialog\" data-voc-photozoom-lightbox>\n<div class=\"voc-lightbox__dialog\" role=\"document\">\n<div class=\"voc-lightbox__content\"> <!-- Modal header --> <!-- Modal content --> <\/p>\n<div class=\"voc-lightbox__photo-container\"> <picture class> <img loading=\"lazy\" data-original=\"\/\/static2.mujerhoy.com\/www\/multimedia\/202312\/01\/media\/cortadas\/cardigans-joya-3-lentejuelas-kJMH--650x900@MujerHoy.jpg\" alt=\"C\u00e1rdigan con brillos y lentejuelas\" class=\"lazy\"> <noscript> <img src=\"http:\/\/hoycordobaweb.com\/wp-content\/uploads\/2023\/12\/los-cardigans-joya-son-la-tendencia-mas-viral-de-instagram-2.webp\" alt=\"C\u00e1rdigan con brillos y lentejuelas\"> <\/noscript> <\/picture> <\/div><\/div><\/div>\n<\/div>\n<p class=\"voc-paragraph\">\u00bfBuscas algo sencillo que poder aprovechar tambi\u00e9n a diario? El b\u00e1sico que necesitas es esta <strong>chaqueta de punto soft adornada con detalles abalorios brillantes<\/strong>, en dorado y marr\u00f3n, de Zara. Cuenta con mangas largas. El cuello es redondo. Es un dise\u00f1o regular fit. Y, tiene cierre de botones enjoyados. C\u00f3mpralo por 29,95 euros, de la S a la XL.\n<\/p>\n<div class=\"voc-detail-photo-zoom\"> <picture data-toggle=\"modal\" data-target=\"#photoZoomModal-109\" target=\"modal\">\n<div class=\"voc-img-icon-link\"> <img loading=\"lazy\" data-original=\"\/\/static2.mujerhoy.com\/www\/multimedia\/202312\/01\/media\/cortadas\/cardigans-joya-4-perlas-kJMH--650x900@MujerHoy.jpg\" width=\"650\" height=\"900\" class=\"lazy adsviu_analyse\" alt=\"C\u00e1rdigan joya con adornos perlados\"> <noscript> <img src=\"http:\/\/hoycordobaweb.com\/wp-content\/uploads\/2023\/12\/los-cardigans-joya-son-la-tendencia-mas-viral-de-instagram-3.webp\" alt=\"C\u00e1rdigan joya con adornos perlados\"> <\/noscript> <i class=\"voc-icons zoom voc-multimedia-box voc-ico-l\"><\/i> <\/div><figcaption class=\"figure-caption\">C\u00e1rdigan joya con adornos perlados<\/figcaption><\/picture>\n<\/div>\n<div id=\"photoZoomModal-109\" class=\"voc-lightbox modal fade voc-lightbox--photo-zoom\" role=\"dialog\" data-voc-photozoom-lightbox>\n<div class=\"voc-lightbox__dialog\" role=\"document\">\n<div class=\"voc-lightbox__content\"> <!-- Modal header --> <!-- Modal content --> <\/p>\n<div class=\"voc-lightbox__photo-container\"> <picture class> <img loading=\"lazy\" data-original=\"\/\/static2.mujerhoy.com\/www\/multimedia\/202312\/01\/media\/cortadas\/cardigans-joya-4-perlas-kJMH--650x900@MujerHoy.jpg\" alt=\"C\u00e1rdigan joya con adornos perlados\" class=\"lazy\"> <noscript> <img src=\"http:\/\/hoycordobaweb.com\/wp-content\/uploads\/2023\/12\/los-cardigans-joya-son-la-tendencia-mas-viral-de-instagram-3.webp\" alt=\"C\u00e1rdigan joya con adornos perlados\"> <\/noscript> <\/picture> <\/div><\/div><\/div>\n<\/div>\n<p class=\"voc-paragraph\">Con una <a data-voc-vtm-id=\"in-text-traffic\" href=\"https:\/\/www.mujerhoy.com\/moda\/no-te-pierdas\/falda-favorita-influencers-looks-otono-invierno-20231105133754-nt.html\">falda satinada<\/a>, ser\u00e1s la mejor vestida junto a este lujoso <strong>c\u00e1rdigan de punto trenzado<\/strong> suave, tono gris oscuro, de Zara. Est\u00e1 decorado con perlas en diferentes tama\u00f1os. Tiene cuello redondo. El corte es entallado al cuerpo. Cuenta con mangas largas. Las terminaciones son de canal\u00e9 y el cierre es de botones delantero. Lo conseguir\u00e1s por 22,99 euros, en la S, M o L.\n<\/p>\n<div class=\"voc-detail-photo-zoom\"> <picture data-toggle=\"modal\" data-target=\"#photoZoomModal-50\" target=\"modal\">\n<div class=\"voc-img-icon-link\"> <img loading=\"lazy\" data-original=\"\/\/static1.mujerhoy.com\/www\/multimedia\/202312\/01\/media\/cortadas\/cardigans-joya-5-tweed-kJMH--650x900@MujerHoy.jpg\" width=\"650\" height=\"900\" class=\"lazy adsviu_analyse\" alt=\"C\u00e1rdigan joya en tweed con lentejuelas\"> <noscript> <img src=\"http:\/\/hoycordobaweb.com\/wp-content\/uploads\/2023\/12\/los-cardigans-joya-son-la-tendencia-mas-viral-de-instagram-4.webp\" alt=\"C\u00e1rdigan joya en tweed con lentejuelas\"> <\/noscript> <i class=\"voc-icons zoom voc-multimedia-box voc-ico-l\"><\/i> <\/div><figcaption class=\"figure-caption\">C\u00e1rdigan joya en tweed con lentejuelas<\/figcaption><\/picture>\n<\/div>\n<div id=\"photoZoomModal-50\" class=\"voc-lightbox modal fade voc-lightbox--photo-zoom\" role=\"dialog\" data-voc-photozoom-lightbox>\n<div class=\"voc-lightbox__dialog\" role=\"document\">\n<div class=\"voc-lightbox__content\"> <!-- Modal header --> <!-- Modal content --> <\/p>\n<div class=\"voc-lightbox__photo-container\"> <picture class> <img loading=\"lazy\" data-original=\"\/\/static1.mujerhoy.com\/www\/multimedia\/202312\/01\/media\/cortadas\/cardigans-joya-5-tweed-kJMH--650x900@MujerHoy.jpg\" alt=\"C\u00e1rdigan joya en tweed con lentejuelas\" class=\"lazy\"> <noscript> <img src=\"http:\/\/hoycordobaweb.com\/wp-content\/uploads\/2023\/12\/los-cardigans-joya-son-la-tendencia-mas-viral-de-instagram-4.webp\" alt=\"C\u00e1rdigan joya en tweed con lentejuelas\"> <\/noscript> <\/picture> <\/div><\/div><\/div>\n<\/div>\n<p class=\"voc-paragraph\">Parece salido de la pasarela, pero su precio es bastante asequible. Hablamos de este elegant\u00edsimo <strong>c\u00e1rdigan de tweed<\/strong> color negro, de Mango. Cuenta con detalles de hilo metalizado y lentejuelas plateadas. El cierre es de botones joya. Tiene cuello redondo y las mangas son largas. Con un vestido o una falda midi de vuelo estar\u00e1s de lo m\u00e1s refinada, a solo 45,99 euros, de la XXS a la 4XL.\n<\/p>\n<div class=\"voc-detail-photo-zoom\"> <picture data-toggle=\"modal\" data-target=\"#photoZoomModal-47\" target=\"modal\">\n<div class=\"voc-img-icon-link\"> <img loading=\"lazy\" data-original=\"\/\/static.mujerhoy.com\/www\/multimedia\/202312\/01\/media\/cortadas\/cardigans-joya-6-perlitas-kJMH--650x900@MujerHoy.jpg\" width=\"650\" height=\"900\" class=\"lazy adsviu_analyse\" alt=\"C\u00e1rdigan joya con abalorios\"> <noscript> <img src=\"http:\/\/hoycordobaweb.com\/wp-content\/uploads\/2023\/12\/los-cardigans-joya-son-la-tendencia-mas-viral-de-instagram-5.webp\" alt=\"C\u00e1rdigan joya con abalorios\"> <\/noscript> <i class=\"voc-icons zoom voc-multimedia-box voc-ico-l\"><\/i> <\/div><figcaption class=\"figure-caption\">C\u00e1rdigan joya con abalorios<\/figcaption><\/picture>\n<\/div>\n<div id=\"photoZoomModal-47\" class=\"voc-lightbox modal fade voc-lightbox--photo-zoom\" role=\"dialog\" data-voc-photozoom-lightbox>\n<div class=\"voc-lightbox__dialog\" role=\"document\">\n<div class=\"voc-lightbox__content\"> <!-- Modal header --> <!-- Modal content --> <\/p>\n<div class=\"voc-lightbox__photo-container\"> <picture class> <img loading=\"lazy\" data-original=\"\/\/static.mujerhoy.com\/www\/multimedia\/202312\/01\/media\/cortadas\/cardigans-joya-6-perlitas-kJMH--650x900@MujerHoy.jpg\" alt=\"C\u00e1rdigan joya con abalorios\" class=\"lazy\"> <noscript> <img src=\"http:\/\/hoycordobaweb.com\/wp-content\/uploads\/2023\/12\/los-cardigans-joya-son-la-tendencia-mas-viral-de-instagram-5.webp\" alt=\"C\u00e1rdigan joya con abalorios\"> <\/noscript> <\/picture> <\/div><\/div><\/div>\n<\/div>\n<p class=\"voc-paragraph\">Delicado, favorecedor y muy distinguido resulta este <strong>c\u00e1rdigan de punto beige con cuentas brillantes doradas<\/strong>, de Slowlove. Tiene botones metalizados con acabado grabado de gran tama\u00f1o. El escote es de pico. Cuenta con mangas largas abullonadas. Incorpora detalles calados y el corte es relajado. Ahora mismo est\u00e1 sin stock, pero pueden reponerlo y su precio es de 69,99 euros.\n<\/p>\n<div class=\"voc-detail-photo-zoom\"> <picture data-toggle=\"modal\" data-target=\"#photoZoomModal-752\" target=\"modal\">\n<div class=\"voc-img-icon-link\"> <img loading=\"lazy\" data-original=\"\/\/static1.mujerhoy.com\/www\/multimedia\/202312\/01\/media\/cortadas\/cardigans-joya-7-trenzado-kJMH--650x900@MujerHoy.jpg\" width=\"650\" height=\"900\" class=\"lazy adsviu_analyse\" alt=\"Cardigan trenzado con perlas\"> <noscript> <img src=\"http:\/\/hoycordobaweb.com\/wp-content\/uploads\/2023\/12\/los-cardigans-joya-son-la-tendencia-mas-viral-de-instagram-6.webp\" alt=\"Cardigan trenzado con perlas\"> <\/noscript> <i class=\"voc-icons zoom voc-multimedia-box voc-ico-l\"><\/i> <\/div><figcaption class=\"figure-caption\">Cardigan trenzado con perlas<\/figcaption><\/picture>\n<\/div>\n<div id=\"photoZoomModal-752\" class=\"voc-lightbox modal fade voc-lightbox--photo-zoom\" role=\"dialog\" data-voc-photozoom-lightbox>\n<div class=\"voc-lightbox__dialog\" role=\"document\">\n<div class=\"voc-lightbox__content\"> <!-- Modal header --> <!-- Modal content --> <\/p>\n<div class=\"voc-lightbox__photo-container\"> <picture class> <img loading=\"lazy\" data-original=\"\/\/static1.mujerhoy.com\/www\/multimedia\/202312\/01\/media\/cortadas\/cardigans-joya-7-trenzado-kJMH--650x900@MujerHoy.jpg\" alt=\"Cardigan trenzado con perlas\" class=\"lazy\"> <noscript> <img src=\"http:\/\/hoycordobaweb.com\/wp-content\/uploads\/2023\/12\/los-cardigans-joya-son-la-tendencia-mas-viral-de-instagram-6.webp\" alt=\"Cardigan trenzado con perlas\"> <\/noscript> <\/picture> <\/div><\/div><\/div>\n<\/div>\n<p class=\"voc-paragraph\">Para terminar, en Asos aparece una versi\u00f3n calentita, sofisticada, b\u00e1sica y bastante ponible. Es un <strong>c\u00e1rdigan de punto grueso trenzado<\/strong> en crudo, adornado con perlas repartidas por todo el dise\u00f1o. El modelo es oversize. Cuenta con escote de pico. Las mangas son largas. Tiene acabados en canal\u00e9 y el cierre es de botones a tono. Est\u00e1 disponible a 59,99 euros, de la 2XS a la XL.\n<\/p>\n<p> <!-- TOPICS --> <\/p>\n","protected":false},"excerpt":{"rendered":"<p>En Instagram est\u00e1 surgiendo una moda muy viral de la que todas las influencers se est\u00e1n contagiando por su atractivo. Y es que, el gusto por los brillos (como en el tejido metalizado o los espectaculares vaqueros con strass) que hay esta temporada, ha hecho que se popularicen prendas casual y m\u00e1s desenfadadas, elevadas mediante [&hellip;]<\/p>\n","protected":false},"author":1,"featured_media":70617,"comment_status":"closed","ping_status":"closed","sticky":false,"template":"","format":"standard","meta":[],"categories":[1],"tags":[],"_links":{"self":[{"href":"http:\/\/hoycordobaweb.com\/index.php\/wp-json\/wp\/v2\/posts\/70616"}],"collection":[{"href":"http:\/\/hoycordobaweb.com\/index.php\/wp-json\/wp\/v2\/posts"}],"about":[{"href":"http:\/\/hoycordobaweb.com\/index.php\/wp-json\/wp\/v2\/types\/post"}],"author":[{"embeddable":true,"href":"http:\/\/hoycordobaweb.com\/index.php\/wp-json\/wp\/v2\/users\/1"}],"replies":[{"embeddable":true,"href":"http:\/\/hoycordobaweb.com\/index.php\/wp-json\/wp\/v2\/comments?post=70616"}],"version-history":[{"count":0,"href":"http:\/\/hoycordobaweb.com\/index.php\/wp-json\/wp\/v2\/posts\/70616\/revisions"}],"wp:featuredmedia":[{"embeddable":true,"href":"http:\/\/hoycordobaweb.com\/index.php\/wp-json\/wp\/v2\/media\/70617"}],"wp:attachment":[{"href":"http:\/\/hoycordobaweb.com\/index.php\/wp-json\/wp\/v2\/media?parent=70616"}],"wp:term":[{"taxonomy":"category","embeddable":true,"href":"http:\/\/hoycordobaweb.com\/index.php\/wp-json\/wp\/v2\/categories?post=70616"},{"taxonomy":"post_tag","embeddable":true,"href":"http:\/\/hoycordobaweb.com\/index.php\/wp-json\/wp\/v2\/tags?post=70616"}],"curies":[{"name":"wp","href":"https:\/\/api.w.org\/{rel}","templated":true}]}}