{"id":70604,"date":"2023-12-02T02:12:40","date_gmt":"2023-12-02T02:12:40","guid":{"rendered":"https:\/\/www.ole.com.ar\/boca-juniors\/socios-boca-elecciones-macri-riquelme-politica-poder_0_vUGCV9hbTJ.html"},"modified":"2023-12-02T02:12:40","modified_gmt":"2023-12-02T02:12:40","slug":"los-socios-de-boca-perdieron-sin-jugar","status":"publish","type":"post","link":"http:\/\/hoycordobaweb.com\/index.php\/2023\/12\/02\/los-socios-de-boca-perdieron-sin-jugar\/","title":{"rendered":"Los socios de Boca perdieron sin jugar"},"content":{"rendered":"<p><img src=\"http:\/\/hoycordobaweb.com\/wp-content\/uploads\/2023\/12\/los-socios-de-boca-perdieron-sin-jugar.jpg\"><\/p>\n<p><time class=\"createDate\" datetime=\"2023-12-01T23:12:40-03:00\">01\/12\/2023 23:12hs.<\/time><time class=\"modificatedDate\" datetime=\"2023-12-01T23:12:39-03:00\"><\/time><\/p>\n<div id=\"storyBody\">\n<div class=\"custom-text \" readability=\"40\">\n<p>Este 2 de diciembre era la fecha inicial de las elecciones. De la \u201cfiesta\u201d que se iba a vivir supuestamente en Boca, seg\u00fan avisaba <strong>Riquelme, generalmente apelando en campa\u00f1a a su sentimiento por el club<\/strong>, al mandato de su mam\u00e1 por pelear por la presidencia y a <strong>la intenci\u00f3n de \u201cprivatizar\u201d por parte de Macri<\/strong> y la oposici\u00f3n. Lamentablemente, no solo se posterg\u00f3 primero para el 3, sino que ahora no tienen fecha por<strong> una guerra pol\u00edtica<\/strong> que explot\u00f3 alrededor.<\/p>\n<\/div>\n<div class=\"custom-text \" readability=\"42\">\n<p>Porque esta elecci\u00f3n en Boca va mucho m\u00e1s all\u00e1 que elegir autoridades para uno de los gigantes, sino que <strong>hay pol\u00edtica y poder.<\/strong> Una cosa es si Massa era elegido a nivel nacional, otra es con Milei apuntalado por Macri para que venciera c\u00f3modamente en el ballottage. Nada iguala este puja pol\u00edtica en el f\u00fatbol, ni <strong>la presencia de Grindetti <\/strong>(candidato del PRO a gobernador) en Independiente, ni la intenci\u00f3n del mismo partido, de empujar un l\u00edder en V\u00e9lez. Incluso, un Macri ganador ser\u00eda <strong>una piedra en el zapato para la AFA de Tapia<\/strong>, en el mediano plazo.<\/p>\n<\/div>\n<div class=\"custom-text \" readability=\"38\">\n<p>Es tan significativa esta elecci\u00f3n que explot\u00f3 como nunca, con acusaciones fuertes de ambos lados. Con la oposici\u00f3n mandando al frente <strong>el proyecto de la nueva Bombonera<\/strong> donde est\u00e1 Casa Amarilla y sus viejos logros internacionales y finalmente <strong>denunciando 13.000 \u201csocios\u201d truchos<\/strong> que pasaron, seg\u00fan ellos m\u00e1gicamente, de adherentes a activos.<\/p>\n<\/div>\n<div class=\"custom-text \" readability=\"44\">\n<p>Si la final de R\u00edo daba la S\u00e9ptima, la pelea hubiese tenido menor voltaje y <strong>a nadie se le hubiese cruzado por la cabeza que JR no fuera reelecto<\/strong>. Pero pas\u00f3; luego, la eliminaci\u00f3n de Copa Argentina y el adi\u00f3s a la Libertadores 2024, y eso <strong>envalenton\u00f3 a la oposici\u00f3n<\/strong>, m\u00e1s all\u00e1 del favoritismo de Riquelme. El cruce fue cada vez m\u00e1s duro, cada uno intentando exponer falencias del otro. Hoy, <strong>el que est\u00e1 perdiendo es Boca<\/strong>, sus socios, su gente. Gane quien gane, el 17\/12 o en marzo de 2024&#8230;<\/p>\n<\/div>\n<div class=\"sc-e7b891c4-0 jPbnQF\"><img alt=\"El oficialismo de Rom\u00e1n recus\u00f3 a la jueza (foto Marcelo Carroll).\" src=\"http:\/\/hoycordobaweb.com\/wp-content\/uploads\/2023\/12\/los-socios-de-boca-perdieron-sin-jugar-2.jpg\" width=\"720\" height=\"100\" decoding=\"async\" data-nimg=\"future\" loading=\"lazy\"><span class=\"epigraphe\">El oficialismo de Rom\u00e1n recus\u00f3 a la jueza (foto Marcelo Carroll).<\/span><\/div>\n<div class=\"sc-e7b891c4-0 jPbnQF\"><img alt=\"Tras las elecciones nacionales, Macri se meti\u00f3 de lleno en las de Boca.\" src=\"http:\/\/hoycordobaweb.com\/wp-content\/uploads\/2023\/12\/los-socios-de-boca-perdieron-sin-jugar-3.jpg\" width=\"720\" height=\"100\" decoding=\"async\" data-nimg=\"future\" loading=\"lazy\"><span class=\"epigraphe\">Tras las elecciones nacionales, Macri se meti\u00f3 de lleno en las de Boca.<\/span><\/div>\n<div class=\"sc-a7166897-0 exHLBh\" readability=\"6\">\n<section readability=\"2\"><picture><img alt=\"El duro spot del oficialismo de Boca contra Ibarra y Macri\" src=\"http:\/\/hoycordobaweb.com\/wp-content\/uploads\/2023\/12\/los-socios-de-boca-perdieron-sin-jugar-4.jpg\" width=\"290\" height=\"290\" decoding=\"async\" data-nimg=\"future\" loading=\"lazy\"><\/picture>\n<p><span>Mir\u00e1 tambi\u00e9n<\/span><\/p>\n<hr>\n<h3>El duro spot del oficialismo de Boca contra Ibarra y Macri<\/h3>\n<\/p>\n<\/section>\n<\/div>\n<div class=\"sc-a7166897-0 exHLBh\" readability=\"6\">\n<section readability=\"2\"><picture><img alt=\"Los millones que le salieron a Boca las carpas para las elecciones en la Bombonera\" src=\"http:\/\/hoycordobaweb.com\/wp-content\/uploads\/2023\/12\/los-socios-de-boca-perdieron-sin-jugar-5.jpg\" width=\"290\" height=\"290\" decoding=\"async\" data-nimg=\"future\" loading=\"lazy\"><\/picture>\n<p><span>Mir\u00e1 tambi\u00e9n<\/span><\/p>\n<hr>\n<h3>Los millones que le salieron a Boca las carpas para las elecciones en la Bombonera<\/h3>\n<\/p>\n<\/section>\n<\/div>\n<\/div>\n","protected":false},"excerpt":{"rendered":"<p>01\/12\/2023 23:12hs. Este 2 de diciembre era la fecha inicial de las elecciones. De la \u201cfiesta\u201d que se iba a vivir supuestamente en Boca, seg\u00fan avisaba Riquelme, generalmente apelando en campa\u00f1a a su sentimiento por el club, al mandato de su mam\u00e1 por pelear por la presidencia y a la intenci\u00f3n de \u201cprivatizar\u201d por parte [&hellip;]<\/p>\n","protected":false},"author":1,"featured_media":70605,"comment_status":"open","ping_status":"closed","sticky":false,"template":"","format":"standard","meta":[],"categories":[16],"tags":[],"_links":{"self":[{"href":"http:\/\/hoycordobaweb.com\/index.php\/wp-json\/wp\/v2\/posts\/70604"}],"collection":[{"href":"http:\/\/hoycordobaweb.com\/index.php\/wp-json\/wp\/v2\/posts"}],"about":[{"href":"http:\/\/hoycordobaweb.com\/index.php\/wp-json\/wp\/v2\/types\/post"}],"author":[{"embeddable":true,"href":"http:\/\/hoycordobaweb.com\/index.php\/wp-json\/wp\/v2\/users\/1"}],"replies":[{"embeddable":true,"href":"http:\/\/hoycordobaweb.com\/index.php\/wp-json\/wp\/v2\/comments?post=70604"}],"version-history":[{"count":0,"href":"http:\/\/hoycordobaweb.com\/index.php\/wp-json\/wp\/v2\/posts\/70604\/revisions"}],"wp:featuredmedia":[{"embeddable":true,"href":"http:\/\/hoycordobaweb.com\/index.php\/wp-json\/wp\/v2\/media\/70605"}],"wp:attachment":[{"href":"http:\/\/hoycordobaweb.com\/index.php\/wp-json\/wp\/v2\/media?parent=70604"}],"wp:term":[{"taxonomy":"category","embeddable":true,"href":"http:\/\/hoycordobaweb.com\/index.php\/wp-json\/wp\/v2\/categories?post=70604"},{"taxonomy":"post_tag","embeddable":true,"href":"http:\/\/hoycordobaweb.com\/index.php\/wp-json\/wp\/v2\/tags?post=70604"}],"curies":[{"name":"wp","href":"https:\/\/api.w.org\/{rel}","templated":true}]}}