{"id":706,"date":"2020-08-28T16:08:08","date_gmt":"2020-08-28T16:08:08","guid":{"rendered":"https:\/\/www.perfil.com\/noticias\/coronavirus\/alberto-fernandez-rodriguez-larreta-y-axel-kicillof-definen-la-continuidad-de-la-cuarentena.phtml"},"modified":"2020-08-28T16:08:08","modified_gmt":"2020-08-28T16:08:08","slug":"cuarentena-alberto-fernandez-realizara-el-anuncio-por-video-y-a-traves-de-las-redes-sociales","status":"publish","type":"post","link":"http:\/\/hoycordobaweb.com\/index.php\/2020\/08\/28\/cuarentena-alberto-fernandez-realizara-el-anuncio-por-video-y-a-traves-de-las-redes-sociales\/","title":{"rendered":"Cuarentena | Alberto Fern\u00e1ndez realizar\u00e1 el anuncio por video y a trav\u00e9s de las redes sociales"},"content":{"rendered":"<p><img src=\"http:\/\/hoycordobaweb.com\/wp-content\/uploads\/2020\/08\/cuarentena-alberto-fernandez-realizara-el-anuncio-por-video-y-a-traves-de-las-redes-sociales.jpg\"><\/p>\n<div><img src=\"http:\/\/hoycordobaweb.com\/wp-content\/uploads\/2020\/08\/cuarentena-alberto-fernandez-realizara-el-anuncio-por-video-y-a-traves-de-las-redes-sociales-2.jpg\" class=\"ff-og-image-inserted\"><\/div>\n<aside class=\"relatedPost\">\n<h3>Noticias Relacionadas<\/h3>\n<\/aside>\n<p>El presidente <a target=\"_blank\" href=\"http:\/\/http:\/\/www.perfil.com\/tags\/Alberto-Fernandez\" rel=\"noopener noreferrer\"><strong>Alberto Fern\u00e1ndez <\/strong><\/a>se reuni\u00f3 este mediod\u00eda en la Quinta de Olivos con el gobernador bonaerense, <strong><a target=\"_blank\" href=\"http:\/\/http:\/\/www.perfil.com\/tags\/Kicillof\" rel=\"noopener noreferrer\">Axel Kicillof<\/a>,<\/strong> y el jefe de Gobierno porte\u00f1o, <strong><a target=\"_blank\" href=\"http:\/\/http:\/\/www.perfil.com\/tags\/Larreta\" rel=\"noopener noreferrer\">Horacio Rodr\u00edguez Larreta<\/a>, y como no hubo cambios en el AMBA&nbsp;<\/strong>&nbsp;acordaron que cada uno haga su conferencia de prensa en forma separada, seg\u00fan revelaron a <em>Perfil<\/em>, fuentes del gobierno nacional.<\/p>\n<p>Alberto Fern\u00e1ndez grabar\u00e1 un mensaje en video que ser\u00e1 transmitido por las redes sociales y se espera definiciones sobre la modalidad que usar\u00e1n el gobernador bonaerense y el jefe de Gobierno de la ciudad de Buenos Aires.<\/p>\n<p>El encuentro se dio luego de que el jefe de Estado dialogara el pasado jueves con el resto de los gobernadores a trav\u00e9s de una videoconferencia en la que escuch\u00f3 sus inquietudes y detalles de lo que sucede en cada distrito, y <a target=\"_blank\" href=\"https:\/\/www.perfil.com\/noticias\/politica\/florencia-cahn-infectologa-presidencial-cuestiono-foto-alberto-fernandez-y-hugo-moyano-sin-barbijo.phtml\" rel=\"noopener noreferrer\">compartir con cada uno lo que piensa proponer para la pr\u00f3xima fase<\/a>.<\/p>\n<p class=\"destacadoNota\"><a target=\"_self\" href=\"https:\/\/www.perfil.com\/noticias\/salud\/suman-79-muertos-por-coronavirus-y-ascienden-a-8129-los-fallecidos.phtml\" rel=\"noopener noreferrer\">Suman 80 muertos por coronavirus y ascienden a 8.129 los fallecidos<\/a><\/p>\n<p>&nbsp;A diferencia de lo que ven\u00eda ocurriendo desde el 19 de marzo pasado, cuando inici\u00f3 el aislamiento social, preventivo y obligatorio, hasta el momento qued\u00f3&nbsp;descartado un anuncio audiovisual con convocatoria a la prensa a Olivos, tal como hab\u00eda sucedido en las anteriores ocasiones.<\/p>\n<p>Por la tarde, Alberto Fern\u00e1ndez viajar\u00e1 a la provincia de Santa Fe para reunirse con 7 gobernadores provinciales.<\/p>\n","protected":false},"excerpt":{"rendered":"<p>Noticias Relacionadas El presidente Alberto Fern\u00e1ndez se reuni\u00f3 este mediod\u00eda en la Quinta de Olivos con el gobernador bonaerense, Axel Kicillof, y el jefe de Gobierno porte\u00f1o, Horacio Rodr\u00edguez Larreta, y como no hubo cambios en el AMBA&nbsp;&nbsp;acordaron que cada uno haga su conferencia de prensa en forma separada, seg\u00fan revelaron a Perfil, fuentes del [&hellip;]<\/p>\n","protected":false},"author":1,"featured_media":707,"comment_status":"closed","ping_status":"closed","sticky":false,"template":"","format":"standard","meta":[],"categories":[1],"tags":[],"_links":{"self":[{"href":"http:\/\/hoycordobaweb.com\/index.php\/wp-json\/wp\/v2\/posts\/706"}],"collection":[{"href":"http:\/\/hoycordobaweb.com\/index.php\/wp-json\/wp\/v2\/posts"}],"about":[{"href":"http:\/\/hoycordobaweb.com\/index.php\/wp-json\/wp\/v2\/types\/post"}],"author":[{"embeddable":true,"href":"http:\/\/hoycordobaweb.com\/index.php\/wp-json\/wp\/v2\/users\/1"}],"replies":[{"embeddable":true,"href":"http:\/\/hoycordobaweb.com\/index.php\/wp-json\/wp\/v2\/comments?post=706"}],"version-history":[{"count":0,"href":"http:\/\/hoycordobaweb.com\/index.php\/wp-json\/wp\/v2\/posts\/706\/revisions"}],"wp:featuredmedia":[{"embeddable":true,"href":"http:\/\/hoycordobaweb.com\/index.php\/wp-json\/wp\/v2\/media\/707"}],"wp:attachment":[{"href":"http:\/\/hoycordobaweb.com\/index.php\/wp-json\/wp\/v2\/media?parent=706"}],"wp:term":[{"taxonomy":"category","embeddable":true,"href":"http:\/\/hoycordobaweb.com\/index.php\/wp-json\/wp\/v2\/categories?post=706"},{"taxonomy":"post_tag","embeddable":true,"href":"http:\/\/hoycordobaweb.com\/index.php\/wp-json\/wp\/v2\/tags?post=706"}],"curies":[{"name":"wp","href":"https:\/\/api.w.org\/{rel}","templated":true}]}}