{"id":70598,"date":"2023-12-01T23:15:20","date_gmt":"2023-12-01T23:15:20","guid":{"rendered":"https:\/\/ladecimaweb.com\/?p=22808"},"modified":"2023-12-01T23:15:20","modified_gmt":"2023-12-01T23:15:20","slug":"inusual-organizaciones-se-movilizan-para-pedir-por-una-funcionaria","status":"publish","type":"post","link":"http:\/\/hoycordobaweb.com\/index.php\/2023\/12\/01\/inusual-organizaciones-se-movilizan-para-pedir-por-una-funcionaria\/","title":{"rendered":"Inusual: Organizaciones se movilizan para pedir por una funcionaria"},"content":{"rendered":"<div class=\"boldgrid-section\">\n<div class=\"container\">\n<div class=\"row\">\n<div class=\"col-md-12 col-xs-12 col-sm-12\">\n<p class=\"\"><strong>Un grupo de vecinos de la ciudad de C\u00f3rdoba<\/strong> nucleados en ONG, fundaciones, iglesias de diferentes credos, simples asociaciones, asociaciones civiles, comedores, merenderos, ollas populares, centros de jubilados, centros vecinales, cooperativas, organizaciones sociales y referentes de diferentes colectivos, <strong>se movilizaron para pedir por la continuidad de una funcionaria provincial.&nbsp;<\/strong><\/p>\n<p>Los movilizados cursaron el 26 de noviembre pasado un pedido de audiencia al gobernador electo Mart\u00edn LLaryora para <strong>&#8220;manifestarle nuestra incertidumbre y enorme preocupaci\u00f3n por el futuro de la actual Directora General de Emergencia Social del Gobierno de la Provincia de C\u00f3rdoba, Sra. Valeria Butteler&#8221;.<\/strong><\/p>\n<p class=\"\">En la nota cursada, los interesados describen las razones del pedido de continuidad de la funcionaria.&nbsp;<\/p>\n<p class=\"\">&#8220;A lo largo de los 4 a\u00f1os que la Sra. Valeria Butteler lleva a cargo de la Direcci\u00f3n General de Emergencia Social hemos tenido la posibilidad de ser recibidos por ella cada vez que lo solicitamos, nos hemos sentido acompa\u00f1ados en cada una de las actividades sociales que todos nosotros hemos llevado a cabo desde nuestros lugares en los barrios. <strong>Consideramos que es una funcionaria con una enorme capacidad de gesti\u00f3n, con gran empat\u00eda y voluntad&#8221;, destacan los firmantes de la nota.<\/strong><\/p>\n<figure id=\"attachment_22809\" aria-describedby=\"caption-attachment-22809\" style=\"width: 364px\" class=\"wp-caption alignnone\"><img loading=\"lazy\" class=\"wp-image-22809\" src=\"http:\/\/hoycordobaweb.com\/wp-content\/uploads\/2023\/12\/inusual-organizaciones-se-movilizan-para-pedir-por-una-funcionaria.jpg\" alt=\"\" width=\"364\" height=\"271\" srcset=\"http:\/\/hoycordobaweb.com\/wp-content\/uploads\/2023\/12\/inusual-organizaciones-se-movilizan-para-pedir-por-una-funcionaria.jpg 636w, http:\/\/hoycordobaweb.com\/wp-content\/uploads\/2023\/12\/inusual-organizaciones-se-movilizan-para-pedir-por-una-funcionaria-1.jpg 596w\" sizes=\"(max-width: 364px) 100vw, 364px\" \/><figcaption id=\"caption-attachment-22809\" class=\"wp-caption-text\">Valeria Butteler<\/figcaption><\/figure>\n<p>No es usual ver a ciudadanos movilizados en defensa de un funcionario de Estado.&nbsp;<\/p>\n<p class=\"\">Siguen diciendo en la nota: &#8220;Cada una de las instituciones que arriba mencionamos, no podemos olvidarnos que <strong>la Sra. Valeria Butteler estuvo presente aun en los momentos m\u00e1s dif\u00edciles<\/strong>, cuando la terrible pandemia nos golpe\u00f3 de la forma m\u00e1s dura y, gracias a su constante trabajo y ayuda, nosotros pudimos seguir con el nuestro, asegurando lo m\u00e1s b\u00e1sico para las familias que lo necesitaban, como un plato de comida o una taza de leche; pero tambi\u00e9n <strong>estuvo para ayudarnos cuando se trataba de problemas de salud<\/strong> con traslados a centros hospitalarios de todo el pa\u00eds, con ayuda para las familias que necesitaban alojarse cerca de sus seres queridos afectados; estuvo para ayudarnos cuando las viviendas se encontraban afectadas ya sea por la precariedad de las construcciones o por las inclemencias del tiempo; <strong>estuvo para ayudarnos cuando los recursos econ\u00f3micos escaseaban<\/strong> y no pod\u00edamos llegar a culminar con nuestros proyectos; estuvo para ayudarnos siempre, aun en situaciones que exced\u00edan a sus responsabilidades como funcionaria; estuvo siempre, cuando nadie nos atend\u00eda, cuando nadie nos escuchaba, cuando nadie nos ayudaba, <strong>ella estuvo&#8221;.&nbsp;<\/strong><\/p>\n<p class=\"\">Y concluyen: &#8220;Es por estos motivos que <strong>como vecinos y referentes de la ciudad y del gran C\u00f3rdoba, hoy nos reunimos a pedir por ella<\/strong>, por el reconocimiento de su trabajo, de su esfuerzo, del cari\u00f1o de la gente. Porque cuando <strong>esper\u00e1bamos noticias de algo mejor para ella, de un acenso en su carrera,<\/strong> que sin dudas nos ayudar\u00eda a todos, lo \u00fanico que tenemos son incertidumbres y una danza interminable de nombres de funcionarias que dicen que van a ocupar su lugar&#8221;.<\/p>\n<p class=\"\">Por \u00faltimo, se\u00f1alan: <strong>&#8220;Hoy no vamos a ir a pedirle a \u201cLa Vale\u201d, hoy vamos a pedir POR \u201cLa Vale\u201d.&nbsp;<\/strong><\/p>\n<p class=\"\">&nbsp;<\/p>\n<p class=\"\">\n<div class=\"ubm_banner\"><a href=\"http:\/\/www.cba.gov.ar\/prevencion-incendios\" target=\"_blank\" rel=\"dofollow noopener noreferrer\"><img src=\"http:\/\/hoycordobaweb.com\/wp-content\/uploads\/2023\/12\/inusual-organizaciones-se-movilizan-para-pedir-por-una-funcionaria.gif\" alt=\"\"><\/a><\/div>\n<\/div>\n<\/div>\n<\/div>\n<\/div>\n<p>La entrada <a rel=\"nofollow\" href=\"https:\/\/ladecimaweb.com\/inusual-organizaciones-se-movilizan-para-pedir-por-una-funcionaria\/\">Inusual: Organizaciones se movilizan para pedir por una funcionaria<\/a> se public\u00f3 primero en <a rel=\"nofollow\" href=\"https:\/\/ladecimaweb.com\">LaDecima<\/a>.<\/p>\n","protected":false},"excerpt":{"rendered":"<p>Un grupo de vecinos de la ciudad de C\u00f3rdoba nucleados en ONG, fundaciones, iglesias de diferentes credos, simples asociaciones, asociaciones civiles, comedores, merenderos, ollas populares, centros de jubilados, centros vecinales, cooperativas, organizaciones sociales y referentes de diferentes colectivos, se movilizaron para pedir por la continuidad de una funcionaria provincial.&nbsp; Los movilizados cursaron el 26 de [&hellip;]<\/p>\n","protected":false},"author":1,"featured_media":70599,"comment_status":"closed","ping_status":"closed","sticky":false,"template":"","format":"standard","meta":[],"categories":[19],"tags":[],"_links":{"self":[{"href":"http:\/\/hoycordobaweb.com\/index.php\/wp-json\/wp\/v2\/posts\/70598"}],"collection":[{"href":"http:\/\/hoycordobaweb.com\/index.php\/wp-json\/wp\/v2\/posts"}],"about":[{"href":"http:\/\/hoycordobaweb.com\/index.php\/wp-json\/wp\/v2\/types\/post"}],"author":[{"embeddable":true,"href":"http:\/\/hoycordobaweb.com\/index.php\/wp-json\/wp\/v2\/users\/1"}],"replies":[{"embeddable":true,"href":"http:\/\/hoycordobaweb.com\/index.php\/wp-json\/wp\/v2\/comments?post=70598"}],"version-history":[{"count":0,"href":"http:\/\/hoycordobaweb.com\/index.php\/wp-json\/wp\/v2\/posts\/70598\/revisions"}],"wp:featuredmedia":[{"embeddable":true,"href":"http:\/\/hoycordobaweb.com\/index.php\/wp-json\/wp\/v2\/media\/70599"}],"wp:attachment":[{"href":"http:\/\/hoycordobaweb.com\/index.php\/wp-json\/wp\/v2\/media?parent=70598"}],"wp:term":[{"taxonomy":"category","embeddable":true,"href":"http:\/\/hoycordobaweb.com\/index.php\/wp-json\/wp\/v2\/categories?post=70598"},{"taxonomy":"post_tag","embeddable":true,"href":"http:\/\/hoycordobaweb.com\/index.php\/wp-json\/wp\/v2\/tags?post=70598"}],"curies":[{"name":"wp","href":"https:\/\/api.w.org\/{rel}","templated":true}]}}