{"id":70589,"date":"2023-12-02T08:51:35","date_gmt":"2023-12-02T08:51:35","guid":{"rendered":"http:\/\/hoycordobaweb.com\/index.php\/2023\/12\/02\/carlos-tevez-quiere-para-independiente-un-delantero-figura-del-futbol-argentino\/"},"modified":"2023-12-02T08:51:35","modified_gmt":"2023-12-02T08:51:35","slug":"carlos-tevez-quiere-para-independiente-un-delantero-figura-del-futbol-argentino","status":"publish","type":"post","link":"http:\/\/hoycordobaweb.com\/index.php\/2023\/12\/02\/carlos-tevez-quiere-para-independiente-un-delantero-figura-del-futbol-argentino\/","title":{"rendered":"Carlos Tevez quiere para Independiente un delantero figura del <b>f\u00fatbol argentino<\/b>"},"content":{"rendered":"<p>Independiente quiere darle los gustos a Carlos Tevez: inici\u00f3 conversaciones por un delantero que se destac\u00f3 en el <b>f\u00fatbol argentino<\/b>. <\/p>\n","protected":false},"excerpt":{"rendered":"<p>Independiente quiere darle los gustos a Carlos Tevez: inici\u00f3 conversaciones por un delantero que se destac\u00f3 en el f\u00fatbol argentino.<\/p>\n","protected":false},"author":1,"featured_media":0,"comment_status":"closed","ping_status":"closed","sticky":false,"template":"","format":"standard","meta":[],"categories":[22],"tags":[],"_links":{"self":[{"href":"http:\/\/hoycordobaweb.com\/index.php\/wp-json\/wp\/v2\/posts\/70589"}],"collection":[{"href":"http:\/\/hoycordobaweb.com\/index.php\/wp-json\/wp\/v2\/posts"}],"about":[{"href":"http:\/\/hoycordobaweb.com\/index.php\/wp-json\/wp\/v2\/types\/post"}],"author":[{"embeddable":true,"href":"http:\/\/hoycordobaweb.com\/index.php\/wp-json\/wp\/v2\/users\/1"}],"replies":[{"embeddable":true,"href":"http:\/\/hoycordobaweb.com\/index.php\/wp-json\/wp\/v2\/comments?post=70589"}],"version-history":[{"count":0,"href":"http:\/\/hoycordobaweb.com\/index.php\/wp-json\/wp\/v2\/posts\/70589\/revisions"}],"wp:attachment":[{"href":"http:\/\/hoycordobaweb.com\/index.php\/wp-json\/wp\/v2\/media?parent=70589"}],"wp:term":[{"taxonomy":"category","embeddable":true,"href":"http:\/\/hoycordobaweb.com\/index.php\/wp-json\/wp\/v2\/categories?post=70589"},{"taxonomy":"post_tag","embeddable":true,"href":"http:\/\/hoycordobaweb.com\/index.php\/wp-json\/wp\/v2\/tags?post=70589"}],"curies":[{"name":"wp","href":"https:\/\/api.w.org\/{rel}","templated":true}]}}