{"id":70581,"date":"2023-12-01T11:01:25","date_gmt":"2023-12-01T11:01:25","guid":{"rendered":"https:\/\/www.espinof.com\/trailers\/creadores-narcos-regresan-para-esta-miniserie-protagonizada-sofia-vergara-irreconocible-netflix-desvela-nuevo-trailer-griselda"},"modified":"2023-12-01T11:01:25","modified_gmt":"2023-12-01T11:01:25","slug":"los-creadores-de-narcos-regresan-para-esta-miniserie-protagonizada-por-una-sofia-vergara-irreconocible-netflix-desvela-el-nuevo-trailer-de-griselda","status":"publish","type":"post","link":"http:\/\/hoycordobaweb.com\/index.php\/2023\/12\/01\/los-creadores-de-narcos-regresan-para-esta-miniserie-protagonizada-por-una-sofia-vergara-irreconocible-netflix-desvela-el-nuevo-trailer-de-griselda\/","title":{"rendered":"Los creadores de &#8216;Narcos&#8217; regresan para esta miniserie protagonizada por una Sof\u00eda Vergara irreconocible: Netflix desvela el nuevo tr\u00e1iler de &#8216;Griselda&#8217;"},"content":{"rendered":"<p><strong>M\u00e1s de dos a\u00f1os despu\u00e9s<\/strong> de que nos despidi\u00e9semos del cartel de Guadalajara en &#8216;<a href=\"https:\/\/www.espinof.com\/criticas\/narcos-mexico-no-decepciona-como-violenta-expansion-universo-estrella-netflix\">Narcos: M\u00e9xico<\/a>&#8216; (y m\u00e1s de seis del final de &#8216;<a href=\"https:\/\/www.espinof.com\/series-de-ficcion\/la-evolucion-natural-de-narcos-una-serie-que-lo-tenia-todo-y-queria-mas\">Narcos<\/a>&#8216;) sus creadores vuelven al mundo del narcotr\u00e1fico, esta vez entre Medell\u00edn y Miami, con &#8216;<strong>Griselda<\/strong>&#8216;, su nueva miniserie para Netflix.<\/p>\n<p><!-- BREAK 1 --> <\/p>\n<p>Con un estreno programado para el <strong>25 de enero, ya tenemos aqu\u00ed el nuevo tr\u00e1iler<\/strong> de la serie, que est\u00e1 protagonizada por <strong>Sof\u00eda Vergara<\/strong> como \u00abLa Jefa\u00bb o \u00abMadrina de la coca\u00edna\u00bb y c\u00f3mo creo uno de los carteles de la droga m\u00e1s rentables de la historia. Su sagacidad, encanto y fiereza la convirtieron en una temida \u00abviuda negra\u00bb de los bajos fondos.<\/p>\n<p><!-- BREAK 2 --><\/p>\n<div class=\"article-asset article-asset-normal article-asset-center\">\n<div class=\"desvio-container\">\n<div class=\"desvio\">\n<div class=\"desvio-figure js-desvio-figure\"> <a href=\"https:\/\/www.espinof.com\/actores-y-actrices\/que-fue-kate-castillo-actriz-que-triunfo-netflix-reina-sur-despues-hacerse-amiga-narco-famoso-historia\"> <img alt=\"Qu\u00e9 fue de Kate del Castillo, la actriz que triunf\u00f3 en Netflix con 'La reina del sur' despu\u00e9s de hacerse amiga del narco m\u00e1s famoso de la historia \" src=\"http:\/\/hoycordobaweb.com\/wp-content\/uploads\/2023\/12\/los-creadores-de-narcos-regresan-para-esta-miniserie-protagonizada-por-una-sofia-vergara-irreconocible-netflix-desvela-el-nuevo-trailer-de-griselda.jpg\"> <\/a> <\/div><\/div><\/div>\n<\/div>\n<h2>La jefa<\/h2>\n<p>Junto a Sof\u00eda Vergara, la miniserie est\u00e1 coprotagonizada por <strong>Alberto Guerra, Vansessa Ferlito, Martin Rodr\u00edguez, Alberto Ammann, Christian Tappan, Diego Trujillo, Paulina D\u00e1vila, Gabriel Sloyer, Juliana Aid\u00e9n Mart\u00ednez y Jos\u00e9 Z\u00fa\u00f1iga<\/strong>, entre otros.<\/p>\n<p><!-- BREAK 3 --> <\/p>\n<p>&#8216;Griselda&#8217; est\u00e1 cocreada por <strong>Doug Miro, Carlo Bernard,Eric Newman e Ingrid Escajeda, <\/strong>que ser\u00e1 la que ejerza de coshowrunner y guionista principal. En la direcci\u00f3n de los seis episodios que componen la miniserie se encuentra otro veterano de la franquicia: <strong>Andr\u00e9s Baiz.<\/strong><\/p>\n<p><!-- BREAK 4 --><\/p>\n<p>En Espinof:<\/p>\n","protected":false},"excerpt":{"rendered":"<p>M\u00e1s de dos a\u00f1os despu\u00e9s de que nos despidi\u00e9semos del cartel de Guadalajara en &#8216;Narcos: M\u00e9xico&#8216; (y m\u00e1s de seis del final de &#8216;Narcos&#8216;) sus creadores vuelven al mundo del narcotr\u00e1fico, esta vez entre Medell\u00edn y Miami, con &#8216;Griselda&#8216;, su nueva miniserie para Netflix. Con un estreno programado para el 25 de enero, ya tenemos [&hellip;]<\/p>\n","protected":false},"author":1,"featured_media":70582,"comment_status":"open","ping_status":"closed","sticky":false,"template":"","format":"standard","meta":[],"categories":[10],"tags":[],"_links":{"self":[{"href":"http:\/\/hoycordobaweb.com\/index.php\/wp-json\/wp\/v2\/posts\/70581"}],"collection":[{"href":"http:\/\/hoycordobaweb.com\/index.php\/wp-json\/wp\/v2\/posts"}],"about":[{"href":"http:\/\/hoycordobaweb.com\/index.php\/wp-json\/wp\/v2\/types\/post"}],"author":[{"embeddable":true,"href":"http:\/\/hoycordobaweb.com\/index.php\/wp-json\/wp\/v2\/users\/1"}],"replies":[{"embeddable":true,"href":"http:\/\/hoycordobaweb.com\/index.php\/wp-json\/wp\/v2\/comments?post=70581"}],"version-history":[{"count":0,"href":"http:\/\/hoycordobaweb.com\/index.php\/wp-json\/wp\/v2\/posts\/70581\/revisions"}],"wp:featuredmedia":[{"embeddable":true,"href":"http:\/\/hoycordobaweb.com\/index.php\/wp-json\/wp\/v2\/media\/70582"}],"wp:attachment":[{"href":"http:\/\/hoycordobaweb.com\/index.php\/wp-json\/wp\/v2\/media?parent=70581"}],"wp:term":[{"taxonomy":"category","embeddable":true,"href":"http:\/\/hoycordobaweb.com\/index.php\/wp-json\/wp\/v2\/categories?post=70581"},{"taxonomy":"post_tag","embeddable":true,"href":"http:\/\/hoycordobaweb.com\/index.php\/wp-json\/wp\/v2\/tags?post=70581"}],"curies":[{"name":"wp","href":"https:\/\/api.w.org\/{rel}","templated":true}]}}