{"id":70565,"date":"2023-11-30T15:53:07","date_gmt":"2023-11-30T15:53:07","guid":{"rendered":"https:\/\/www.mujerhoy.com\/moda\/no-te-pierdas\/mejores-looks-invitadas-premios-mujerhoy-vestidos-famosas-raquel-sanchez-silva-20231130104047-nt.html"},"modified":"2023-11-30T15:53:07","modified_gmt":"2023-11-30T15:53:07","slug":"de-raquel-sanchez-silva-a-sira-rego-las-mejor-vestidas-de-los-premios-mujerhoy-2023","status":"publish","type":"post","link":"http:\/\/hoycordobaweb.com\/index.php\/2023\/11\/30\/de-raquel-sanchez-silva-a-sira-rego-las-mejor-vestidas-de-los-premios-mujerhoy-2023\/","title":{"rendered":"De Raquel S\u00e1nchez Silva a Sira Rego, las mejor vestidas de los Premios Mujerhoy 2023"},"content":{"rendered":"<p><!-- AUTHOR --> <\/p>\n<div class=\"voc-author-timesocial \"> <!-- AUTHOR --> <\/p>\n<div class=\"voc-author-timesocial__signature\"> <!-- IMAGE AUTHOR --> <picture class=\"voc-image-signature\"> <img class=\"voc-image-signature__img\" src=\"http:\/\/hoycordobaweb.com\/wp-content\/uploads\/2023\/12\/de-raquel-sanchez-silva-a-sira-rego-las-mejor-vestidas-de-los-premios-mujerhoy-2023.jpg\" alt=\"Raquel Rodr\u00edguez\"> <\/picture> <!-- INFO AUTHOR --> <\/p>\n<div class=\"voc-author-timesocial__info\">\n<div class=\"voc-author-info\"> <author> <a title=\"RAQUEL RODR\u00cdGUEZ\" href=\"https:\/\/www.mujerhoy.com\/autor\/raquel-rodriguez-2893.html\" class=\"voc-author\">RAQUEL RODR\u00cdGUEZ <\/a> <\/author> <time data-voc-date-modified class=\"mdamp-article-time\" itemprop=\"dateModified\" datetime=\"2023-11-30T15:53:07Z\" data-timestamp>Actualizado \u00b7 <span data-voc-date-modified-short>30 de noviembre de 2023, 16:53 h<\/span><\/time> <\/div><\/div><\/div>\n<div class=\"voc-author-timesocial__social\"> <span class=\"voc-comments\"> <a href=\"https:\/\/www.mujerhoy.com\/moda\/no-te-pierdas\/mejores-looks-invitadas-premios-mujerhoy-vestidos-famosas-raquel-sanchez-silva-20231130104047-nt.html#comments\" data-voc-vtm-id=\"btncomentar\" data-voc-vtm-info=\"fixed\" data-voc-anchor-displacement><i class=\"voc-icons comment\"><\/i><\/a> <span class=\"voc-number\" data-voc-comments-count data-voc-comments-count-zero-text><\/span> <\/span> <a title=\"facebook\" data-voc-vtm-id=\"compartirrrss\" data-voc-vtm-info=\"fixed-facebook\" class=\"voc-social-btn voc-facebook-share\" data-voc-social-sharer=\"facebook\" data-voc-type-button=\"fixed-btn\"> <span class=\"icon icon--facebook-cb3 voc-icons facebook\"><\/span> <\/a> <a title=\"x\" data-voc-vtm-id=\"compartirrrss\" data-voc-vtm-info=\"fixed-twitter\" class=\"voc-social-btn voc-twitter-share\" data-voc-social-sharer=\"twitter\" data-voc-type-button=\"fixed-btn\"> <span class=\"icon icon--twitter-cb3 voc-icons twitter\"><\/span> <\/a> <a title=\"whatsapp\" data-voc-vtm-id=\"compartirrrss\" data-voc-vtm-info=\"fixed-whatsapp\" class=\"voc-social-btn voc-whatsapp-share\" data-voc-social-sharer=\"whatsapp\" data-voc-type-button=\"fixed-btn\"> <span class=\"icon icon--whatsapp-cb3 voc-icons whatsapp\"><\/span> <\/a> <a title=\"telegram\" data-voc-vtm-id=\"compartirrrss\" data-voc-vtm-info=\"fixed-telegram\" class=\"voc-social-btn voc-telegram-share\" data-voc-social-sharer=\"telegram\"> <span class=\"icon icon--telegram-cb3 voc-icon-telegram\"><\/span> <\/a> <a data-voc-vtm-id=\"compartirrrss\" data-voc-vtm-info=\"fixed-linkedin\" class=\"voc-social-btn voc-linkedin-share\" data-voc-social-sharer=\"linkedin\" data-voc-type-button=\"fixed-btn\"> <span class=\"icon icon--linkedin-cb3 voc-icons linkedin\"><\/span> <\/a> <a class=\"voc-social-btn voc-more-share\" data-voc-seahorse=\"barraAutor\"> <span class=\"icon icon--more-cb3 voc-icons dots\"><\/span> <\/a> <a title=\"Favorito\" data-voc-vtm-id=\"btnleerdespues\" data-voc-vtm-info=\"fixed\" class=\"voc-social-btn voc-bookmarks\" data-voc-starred> <span class=\"icon icon--bookmarks-cb3 voc-icons bookmark\"><\/span> <\/a> <\/div><\/div>\n<p> <!-- COMPONENTS --> <\/p>\n<p class=\"voc-paragraph\">La gran <a data-voc-vtm-id=\"in-text-traffic\" href=\"https:\/\/www.mujerhoy.com\/actualidad\/premios-mujerhoy-2023-mejores-momentos-liderazgo-igualdad-mujeres-extraordinarias-20231130125746-nt.html\" title=\"www.mujerhoy.com\">noche de los Premios Mujerhoy 2023<\/a> no solo fue una cita para ensalzar talento femenino, el liderazgo y el empoderamiento de las mujeres extraordinarias, sino que tambi\u00e9n se convirti\u00f3 en un desfile de <strong>looks de invitadas<\/strong> muy especiales que derrocharon estilo y elegancia sobre la alfombra negra que se coloc\u00f3 en el Gran Teatro Caixabank Pr\u00edncipe P\u00edo de Madrid.\n<\/p>\n<p class=\"voc-paragraph\">La gala de premios fue el encuentro de grandes personalidades del mundo de la pol\u00edtica, la moda o la cultura y de rostros conocidos que posaron en el photocall con vestidos que no han pasado desapercibidos. <strong>Raquel S\u00e1nchez Silva<\/strong> o <strong>Sira Rego<\/strong> fueron algunas de las mujeres m\u00e1s destacas estil\u00edsticamente hablando. \u00a1Ficha tu favorita!\n<\/p>\n<div class=\"voc-advertising voc-advertising--c \">\n<div id=\"layer_inpage\" class=\"voc-advertising__item\"> <\/div><\/div>\n<div class=\"voc-detail__cmp\">\n<div class=\"voc-grouper-related__wrapper\">\n<section class=\"voc-grouper-related voc-detail-section voc-detail-section--bdr-bottom\">\n<h4 class=\"voc-grouper-related-title voc-title-section voc-title-section--underline\"> TAMBI\u00c9N TE INTERESA <\/h4>\n<div class=\"voc-grouper-related__grid voc-grid voc-grid--2-cols\">\n<div class=\"voc-article-container\">\n<article class=\"voc-article voc-article--cmp-related voc-article--cmp-related--2-cols voc-article--photo-left voc-home-tit-st \">\n<div class=\"voc-img-container \"> <picture> <a href=\"https:\/\/www.mujerhoy.com\/actualidad\/premios-mujerhoy-2023-gala-premios-velada-mejores-momentos-en-imagenes-20231130150642-nt.html#vca=modulos&amp;vso=mujerhoy&amp;vmc=noticias-rel-cmp&amp;vli=no%20te%20pierdas\" class=\"voc-horizontal voc-img-icon-link\"> <img alt=\"Emoci\u00f3n, activismo, rostros conocidos y m\u00fasica en directo: lo mejor de la inolvidable noche de la XIV Edici\u00f3n de los Premios Mujerhoy\" class=\"lazy\" loading=\"lazy\" data-original=\" \/\/static3.mujerhoy.com\/www\/multimedia\/202311\/30\/media\/cortadas\/ivana-gtres-k8g-U210868265087PwG-624x624@MujerHoy.jpg \"> <\/a> <\/picture> <\/div>\n<div class=\"voc-info-container\">\n<h3 class=\"voc-title\"> <a href=\"https:\/\/www.mujerhoy.com\/actualidad\/premios-mujerhoy-2023-gala-premios-velada-mejores-momentos-en-imagenes-20231130150642-nt.html#vca=modulos&amp;vso=mujerhoy&amp;vmc=noticias-rel-cmp&amp;vli=no%20te%20pierdas\" title=\"Emoci\u00f3n, activismo, rostros conocidos y m\u00fasica en directo: lo mejor de la inolvidable noche de la XIV Edici\u00f3n de los Premios Mujerhoy\"> Emoci\u00f3n, activismo, rostros conocidos y m\u00fasica en directo: lo mejor de la inolvidable noche de la XIV Edici\u00f3n de los Premios Mujerhoy <\/a> <\/h3>\n<div class=\"voc-author-onplus-container\"> <span class=\"voc-article-author\"> <author> <a href=\"https:\/\/www.mujerhoy.com\/autor\/elena-romero-vargas-laura-requejo-5479.html\" title=\"Elena Romero Vargas\/laura requejo\" class=\"voc-author\"><span> Elena Romero Vargas\/laura requejo <\/span><\/a> <\/author> <\/span> <\/div><\/div>\n<\/article><\/div>\n<div class=\"voc-article-container\">\n<article class=\"voc-article voc-article--cmp-related voc-article--cmp-related--2-cols voc-article--photo-left voc-home-tit-st \">\n<div class=\"voc-img-container \"> <picture> <a href=\"https:\/\/www.mujerhoy.com\/actualidad\/premios-mujerhoy-2023-valentina-sampaio-activista-ella-fontanal-cisneros-liderazgo-femenino-20231130032204-nt.html#vca=modulos&amp;vso=mujerhoy&amp;vmc=noticias-rel-cmp&amp;vli=no%20te%20pierdas\" class=\"voc-horizontal voc-img-icon-link\"> <img alt=\"Valentina Sampaio, Premio Mujerhoy 2023: \u00abSe lo dedico a quienes, como yo, se enfrentan a los prejuicios y la discriminaci\u00f3n\u00bb\" class=\"lazy\" loading=\"lazy\" data-original=\" \/\/static1.mujerhoy.com\/www\/multimedia\/202311\/30\/media\/cortadas\/valentina-sampaio-apertura-kKCD-U21087364961193C-624x624@MujerHoy.jpg \"> <\/a> <\/picture> <\/div>\n<div class=\"voc-info-container\">\n<h3 class=\"voc-title\"> <a href=\"https:\/\/www.mujerhoy.com\/actualidad\/premios-mujerhoy-2023-valentina-sampaio-activista-ella-fontanal-cisneros-liderazgo-femenino-20231130032204-nt.html#vca=modulos&amp;vso=mujerhoy&amp;vmc=noticias-rel-cmp&amp;vli=no%20te%20pierdas\" title=\"Valentina Sampaio, Premio Mujerhoy 2023: \u00abSe lo dedico a quienes, como yo, se enfrentan a los prejuicios y la discriminaci\u00f3n\u00bb\"> Valentina Sampaio, Premio Mujerhoy 2023: \u00abSe lo dedico a quienes, como yo, se enfrentan a los prejuicios y la discriminaci\u00f3n\u00bb <\/a> <\/h3>\n<div class=\"voc-author-onplus-container\"> <span class=\"voc-article-author\"> <author> <a href=\"https:\/\/www.mujerhoy.com\/autor\/alona-fdez-larrechi-3032.html\" title=\"Alo\u00f1a Fdez. Larrechi\" class=\"voc-author\"><span> Alo\u00f1a Fdez. Larrechi <\/span><\/a> <\/author> <\/span> <\/div><\/div>\n<\/article><\/div><\/div>\n<\/section><\/div>\n<\/div>\n<div class=\"voc-detail-photo-zoom\"> <picture data-toggle=\"modal\" data-target=\"#photoZoomModal-550\" target=\"modal\">\n<div class=\"voc-img-icon-link\"> <img loading=\"lazy\" data-original=\"\/\/static2.mujerhoy.com\/www\/multimedia\/202311\/30\/media\/cortadas\/raquel-sanchez-silva-kb0C--650x900@MujerHoy.jpg\" width=\"650\" height=\"900\" class=\"lazy adsviu_analyse\" alt=\"GTRES\"> <noscript> <img src=\"http:\/\/hoycordobaweb.com\/wp-content\/uploads\/2023\/12\/de-raquel-sanchez-silva-a-sira-rego-las-mejor-vestidas-de-los-premios-mujerhoy-2023.webp\" alt=\"GTRES\"> <\/noscript> <i class=\"voc-icons zoom voc-multimedia-box voc-ico-l\"><\/i> <\/div><figcaption class=\"figure-caption\">GTRES<\/figcaption><\/picture>\n<\/div>\n<div id=\"photoZoomModal-550\" class=\"voc-lightbox modal fade voc-lightbox--photo-zoom\" role=\"dialog\" data-voc-photozoom-lightbox>\n<div class=\"voc-lightbox__dialog\" role=\"document\">\n<div class=\"voc-lightbox__content\"> <!-- Modal header --> <\/p>\n<header class=\"voc-lightbox__header\"> <span class=\"voc-lightbox__title\">GTRES<\/span> <\/header>\n<p> <!-- Modal content --> <\/p>\n<div class=\"voc-lightbox__photo-container\"> <picture class> <img loading=\"lazy\" data-original=\"\/\/static2.mujerhoy.com\/www\/multimedia\/202311\/30\/media\/cortadas\/raquel-sanchez-silva-kb0C--650x900@MujerHoy.jpg\" alt=\"GTRES\" class=\"lazy\"> <noscript> <img src=\"http:\/\/hoycordobaweb.com\/wp-content\/uploads\/2023\/12\/de-raquel-sanchez-silva-a-sira-rego-las-mejor-vestidas-de-los-premios-mujerhoy-2023.webp\" alt=\"GTRES\"> <\/noscript> <\/picture> <\/div><\/div><\/div>\n<\/div>\n<p><h3 class=\"voc-detail__title\"> Raquel S\u00e1nchez Silva<br \/>\n<\/h3>\n<\/p>\n<p class=\"voc-paragraph\">La presentadora escogi\u00f3 un vestido negro largo con cuerpo tipo cors\u00e9 y escote coraz\u00f3n de <strong>Caprile<\/strong>.\n<\/p>\n<div class=\"voc-detail-photo-zoom\"> <picture data-toggle=\"modal\" data-target=\"#photoZoomModal-92\" target=\"modal\">\n<div class=\"voc-img-icon-link\"> <img loading=\"lazy\" data-original=\"\/\/static1.mujerhoy.com\/www\/multimedia\/202311\/30\/media\/cortadas\/sira-rego-look-ke0B--650x900@MujerHoy.jpg\" width=\"650\" height=\"900\" class=\"lazy adsviu_analyse\" alt=\"GTRES\"> <noscript> <img src=\"http:\/\/hoycordobaweb.com\/wp-content\/uploads\/2023\/12\/de-raquel-sanchez-silva-a-sira-rego-las-mejor-vestidas-de-los-premios-mujerhoy-2023-1.webp\" alt=\"GTRES\"> <\/noscript> <i class=\"voc-icons zoom voc-multimedia-box voc-ico-l\"><\/i> <\/div><figcaption class=\"figure-caption\">GTRES<\/figcaption><\/picture>\n<\/div>\n<div id=\"photoZoomModal-92\" class=\"voc-lightbox modal fade voc-lightbox--photo-zoom\" role=\"dialog\" data-voc-photozoom-lightbox>\n<div class=\"voc-lightbox__dialog\" role=\"document\">\n<div class=\"voc-lightbox__content\"> <!-- Modal header --> <\/p>\n<header class=\"voc-lightbox__header\"> <span class=\"voc-lightbox__title\">GTRES<\/span> <\/header>\n<p> <!-- Modal content --> <\/p>\n<div class=\"voc-lightbox__photo-container\"> <picture class> <img loading=\"lazy\" data-original=\"\/\/static1.mujerhoy.com\/www\/multimedia\/202311\/30\/media\/cortadas\/sira-rego-look-ke0B--650x900@MujerHoy.jpg\" alt=\"GTRES\" class=\"lazy\"> <noscript> <img src=\"http:\/\/hoycordobaweb.com\/wp-content\/uploads\/2023\/12\/de-raquel-sanchez-silva-a-sira-rego-las-mejor-vestidas-de-los-premios-mujerhoy-2023-1.webp\" alt=\"GTRES\"> <\/noscript> <\/picture> <\/div><\/div><\/div>\n<\/div>\n<p><h3 class=\"voc-detail__title\"> Sira Rego<br \/>\n<\/h3>\n<\/p>\n<p class=\"voc-paragraph\">La ministra de Juventud e Infancia fue de las pocas invitadas que opt\u00f3 por el color y se decant\u00f3 por este favorecedor vestido rojo satinado que combin\u00f3 con unos originales zapatos metalizados.\n<\/p>\n<div class=\"voc-detail-photo-zoom\"> <picture data-toggle=\"modal\" data-target=\"#photoZoomModal-628\" target=\"modal\">\n<div class=\"voc-img-icon-link\"> <img loading=\"lazy\" data-original=\"\/\/static1.mujerhoy.com\/www\/multimedia\/202311\/30\/media\/cortadas\/maria-hervas-kb0C--650x900@MujerHoy.jpg\" width=\"650\" height=\"900\" class=\"lazy adsviu_analyse\" alt=\"GTRES\"> <noscript> <img src=\"http:\/\/hoycordobaweb.com\/wp-content\/uploads\/2023\/12\/de-raquel-sanchez-silva-a-sira-rego-las-mejor-vestidas-de-los-premios-mujerhoy-2023-2.webp\" alt=\"GTRES\"> <\/noscript> <i class=\"voc-icons zoom voc-multimedia-box voc-ico-l\"><\/i> <\/div><figcaption class=\"figure-caption\">GTRES<\/figcaption><\/picture>\n<\/div>\n<div id=\"photoZoomModal-628\" class=\"voc-lightbox modal fade voc-lightbox--photo-zoom\" role=\"dialog\" data-voc-photozoom-lightbox>\n<div class=\"voc-lightbox__dialog\" role=\"document\">\n<div class=\"voc-lightbox__content\"> <!-- Modal header --> <\/p>\n<header class=\"voc-lightbox__header\"> <span class=\"voc-lightbox__title\">GTRES<\/span> <\/header>\n<p> <!-- Modal content --> <\/p>\n<div class=\"voc-lightbox__photo-container\"> <picture class> <img loading=\"lazy\" data-original=\"\/\/static1.mujerhoy.com\/www\/multimedia\/202311\/30\/media\/cortadas\/maria-hervas-kb0C--650x900@MujerHoy.jpg\" alt=\"GTRES\" class=\"lazy\"> <noscript> <img src=\"http:\/\/hoycordobaweb.com\/wp-content\/uploads\/2023\/12\/de-raquel-sanchez-silva-a-sira-rego-las-mejor-vestidas-de-los-premios-mujerhoy-2023-2.webp\" alt=\"GTRES\"> <\/noscript> <\/picture> <\/div><\/div><\/div>\n<\/div>\n<p><h3 class=\"voc-detail__title\"> Mar\u00eda Herv\u00e1s<br \/>\n<\/h3>\n<\/p>\n<p class=\"voc-paragraph\">La actriz, y presentadora de los Premios Mujerhoy 2023, hizo alarde de que el menos es m\u00e1s y luci\u00f3 este vestido negro de escote coraz\u00f3n de<br \/>\n<strong> Pedro del Hierro <\/strong>con las sandalias de tac\u00f3n m\u00e1s virales del momento: las negras con plumeti de la colecci\u00f3n de Martinelli x Redondo Brand.\n<\/p>\n<div class=\"voc-detail-photo-zoom\"> <picture data-toggle=\"modal\" data-target=\"#photoZoomModal-692\" target=\"modal\">\n<div class=\"voc-img-icon-link\"> <img loading=\"lazy\" data-original=\"\/\/static.mujerhoy.com\/www\/multimedia\/202311\/30\/media\/cortadas\/valentina-sampaio-kb0C--650x900@MujerHoy.jpg\" width=\"650\" height=\"900\" class=\"lazy adsviu_analyse\" alt=\"GTRES\"> <noscript> <img src=\"http:\/\/hoycordobaweb.com\/wp-content\/uploads\/2023\/12\/de-raquel-sanchez-silva-a-sira-rego-las-mejor-vestidas-de-los-premios-mujerhoy-2023-3.webp\" alt=\"GTRES\"> <\/noscript> <i class=\"voc-icons zoom voc-multimedia-box voc-ico-l\"><\/i> <\/div><figcaption class=\"figure-caption\">GTRES<\/figcaption><\/picture>\n<\/div>\n<div id=\"photoZoomModal-692\" class=\"voc-lightbox modal fade voc-lightbox--photo-zoom\" role=\"dialog\" data-voc-photozoom-lightbox>\n<div class=\"voc-lightbox__dialog\" role=\"document\">\n<div class=\"voc-lightbox__content\"> <!-- Modal header --> <\/p>\n<header class=\"voc-lightbox__header\"> <span class=\"voc-lightbox__title\">GTRES<\/span> <\/header>\n<p> <!-- Modal content --> <\/p>\n<div class=\"voc-lightbox__photo-container\"> <picture class> <img loading=\"lazy\" data-original=\"\/\/static.mujerhoy.com\/www\/multimedia\/202311\/30\/media\/cortadas\/valentina-sampaio-kb0C--650x900@MujerHoy.jpg\" alt=\"GTRES\" class=\"lazy\"> <noscript> <img src=\"http:\/\/hoycordobaweb.com\/wp-content\/uploads\/2023\/12\/de-raquel-sanchez-silva-a-sira-rego-las-mejor-vestidas-de-los-premios-mujerhoy-2023-3.webp\" alt=\"GTRES\"> <\/noscript> <\/picture> <\/div><\/div><\/div>\n<\/div>\n<p><h3 class=\"voc-detail__title\"> Valentina Sampaio<br \/>\n<\/h3>\n<\/p>\n<p class=\"voc-paragraph\">La modelo brasile\u00f1a escogi\u00f3 un <strong>traje de dos piezas de terciopelo<\/strong> negro protagonizado por una chaqueta de solapas XL satinadas. Lo firma <strong>Nina Ricci<\/strong>.\n<\/p>\n<div class=\"voc-detail-photo-zoom\"> <picture data-toggle=\"modal\" data-target=\"#photoZoomModal-981\" target=\"modal\">\n<div class=\"voc-img-icon-link\"> <img loading=\"lazy\" data-original=\"\/\/static.mujerhoy.com\/www\/multimedia\/202311\/30\/media\/cortadas\/valentia-suarez-zuloaga-ke0B--650x900@MujerHoy.jpg\" width=\"650\" height=\"900\" class=\"lazy adsviu_analyse\" alt=\"GTRES\"> <noscript> <img src=\"http:\/\/hoycordobaweb.com\/wp-content\/uploads\/2023\/12\/de-raquel-sanchez-silva-a-sira-rego-las-mejor-vestidas-de-los-premios-mujerhoy-2023-4.webp\" alt=\"GTRES\"> <\/noscript> <i class=\"voc-icons zoom voc-multimedia-box voc-ico-l\"><\/i> <\/div><figcaption class=\"figure-caption\">GTRES<\/figcaption><\/picture>\n<\/div>\n<div id=\"photoZoomModal-981\" class=\"voc-lightbox modal fade voc-lightbox--photo-zoom\" role=\"dialog\" data-voc-photozoom-lightbox>\n<div class=\"voc-lightbox__dialog\" role=\"document\">\n<div class=\"voc-lightbox__content\"> <!-- Modal header --> <\/p>\n<header class=\"voc-lightbox__header\"> <span class=\"voc-lightbox__title\">GTRES<\/span> <\/header>\n<p> <!-- Modal content --> <\/p>\n<div class=\"voc-lightbox__photo-container\"> <picture class> <img loading=\"lazy\" data-original=\"\/\/static.mujerhoy.com\/www\/multimedia\/202311\/30\/media\/cortadas\/valentia-suarez-zuloaga-ke0B--650x900@MujerHoy.jpg\" alt=\"GTRES\" class=\"lazy\"> <noscript> <img src=\"http:\/\/hoycordobaweb.com\/wp-content\/uploads\/2023\/12\/de-raquel-sanchez-silva-a-sira-rego-las-mejor-vestidas-de-los-premios-mujerhoy-2023-4.webp\" alt=\"GTRES\"> <\/noscript> <\/picture> <\/div><\/div><\/div>\n<\/div>\n<p><h3 class=\"voc-detail__title\"> Valentina Su\u00e1rez-Zuloaga<br \/>\n<\/h3>\n<\/p>\n<p class=\"voc-paragraph\">La creadora de ES Fascinante fue de las m\u00e1s originales gracias a este vestido de efecto glitter y con un dise\u00f1o bicolor y asim\u00e9trico que le sentaba de maravilla.\n<\/p>\n<div class=\"voc-detail-photo-zoom\"> <picture data-toggle=\"modal\" data-target=\"#photoZoomModal-65\" target=\"modal\">\n<div class=\"voc-img-icon-link\"> <img loading=\"lazy\" data-original=\"\/\/static3.mujerhoy.com\/www\/multimedia\/202311\/30\/media\/cortadas\/alejandra-dominguez-gila-kb0C--650x900@MujerHoy.jpg\" width=\"650\" height=\"900\" class=\"lazy adsviu_analyse\" alt=\"GTRES\"> <noscript> <img src=\"http:\/\/hoycordobaweb.com\/wp-content\/uploads\/2023\/12\/de-raquel-sanchez-silva-a-sira-rego-las-mejor-vestidas-de-los-premios-mujerhoy-2023-5.webp\" alt=\"GTRES\"> <\/noscript> <i class=\"voc-icons zoom voc-multimedia-box voc-ico-l\"><\/i> <\/div><figcaption class=\"figure-caption\">GTRES<\/figcaption><\/picture>\n<\/div>\n<div id=\"photoZoomModal-65\" class=\"voc-lightbox modal fade voc-lightbox--photo-zoom\" role=\"dialog\" data-voc-photozoom-lightbox>\n<div class=\"voc-lightbox__dialog\" role=\"document\">\n<div class=\"voc-lightbox__content\"> <!-- Modal header --> <\/p>\n<header class=\"voc-lightbox__header\"> <span class=\"voc-lightbox__title\">GTRES<\/span> <\/header>\n<p> <!-- Modal content --> <\/p>\n<div class=\"voc-lightbox__photo-container\"> <picture class> <img loading=\"lazy\" data-original=\"\/\/static3.mujerhoy.com\/www\/multimedia\/202311\/30\/media\/cortadas\/alejandra-dominguez-gila-kb0C--650x900@MujerHoy.jpg\" alt=\"GTRES\" class=\"lazy\"> <noscript> <img src=\"http:\/\/hoycordobaweb.com\/wp-content\/uploads\/2023\/12\/de-raquel-sanchez-silva-a-sira-rego-las-mejor-vestidas-de-los-premios-mujerhoy-2023-5.webp\" alt=\"GTRES\"> <\/noscript> <\/picture> <\/div><\/div><\/div>\n<\/div>\n<p><h3 class=\"voc-detail__title\"> Alejandra Dom\u00ednguez<br \/>\n<\/h3>\n<\/p>\n<p class=\"voc-paragraph\">Alejandra Dom\u00ednguez tambi\u00e9n escogi\u00f3 el negro para colocarse entre las m\u00e1s elegantes de la noche y lo hizo con un<br \/>\n<strong> total look de Dior<\/strong> formado por un vestido de seda efecto arrugado y palabra de honor que combin\u00f3 con el bolso Lady Dior en gris, medias tupidas y zapatos joya.\n<\/p>\n<div class=\"voc-detail-photo-zoom\"> <picture data-toggle=\"modal\" data-target=\"#photoZoomModal-792\" target=\"modal\">\n<div class=\"voc-img-icon-link\"> <img loading=\"lazy\" data-original=\"\/\/static2.mujerhoy.com\/www\/multimedia\/202311\/30\/media\/cortadas\/carmen-lomana-kb0C--650x900@MujerHoy.jpg\" width=\"650\" height=\"900\" class=\"lazy adsviu_analyse\" alt=\"GTRES\"> <noscript> <img src=\"http:\/\/hoycordobaweb.com\/wp-content\/uploads\/2023\/12\/de-raquel-sanchez-silva-a-sira-rego-las-mejor-vestidas-de-los-premios-mujerhoy-2023-6.webp\" alt=\"GTRES\"> <\/noscript> <i class=\"voc-icons zoom voc-multimedia-box voc-ico-l\"><\/i> <\/div><figcaption class=\"figure-caption\">GTRES<\/figcaption><\/picture>\n<\/div>\n<div id=\"photoZoomModal-792\" class=\"voc-lightbox modal fade voc-lightbox--photo-zoom\" role=\"dialog\" data-voc-photozoom-lightbox>\n<div class=\"voc-lightbox__dialog\" role=\"document\">\n<div class=\"voc-lightbox__content\"> <!-- Modal header --> <\/p>\n<header class=\"voc-lightbox__header\"> <span class=\"voc-lightbox__title\">GTRES<\/span> <\/header>\n<p> <!-- Modal content --> <\/p>\n<div class=\"voc-lightbox__photo-container\"> <picture class> <img loading=\"lazy\" data-original=\"\/\/static2.mujerhoy.com\/www\/multimedia\/202311\/30\/media\/cortadas\/carmen-lomana-kb0C--650x900@MujerHoy.jpg\" alt=\"GTRES\" class=\"lazy\"> <noscript> <img src=\"http:\/\/hoycordobaweb.com\/wp-content\/uploads\/2023\/12\/de-raquel-sanchez-silva-a-sira-rego-las-mejor-vestidas-de-los-premios-mujerhoy-2023-6.webp\" alt=\"GTRES\"> <\/noscript> <\/picture> <\/div><\/div><\/div>\n<\/div>\n<p><h3 class=\"voc-detail__title\"> Carmen Lomana<br \/>\n<\/h3>\n<\/p>\n<p class=\"voc-paragraph\">La socialit\u00e9 se decant\u00f3 por un vestido tambi\u00e9n negro sin mangas que estaba protagonizado por el detalle de encaje en la zona de la cintura y el pecho.\n<\/p>\n<div class=\"voc-detail-photo-zoom\"> <picture data-toggle=\"modal\" data-target=\"#photoZoomModal-200\" target=\"modal\">\n<div class=\"voc-img-icon-link\"> <img loading=\"lazy\" data-original=\"\/\/static3.mujerhoy.com\/www\/multimedia\/202311\/30\/media\/cortadas\/ivana-baquero-kJyD--650x900@MujerHoy.jpg\" width=\"650\" height=\"900\" class=\"lazy adsviu_analyse\" alt=\"GTRES\"> <noscript> <img src=\"http:\/\/hoycordobaweb.com\/wp-content\/uploads\/2023\/12\/de-raquel-sanchez-silva-a-sira-rego-las-mejor-vestidas-de-los-premios-mujerhoy-2023-7.webp\" alt=\"GTRES\"> <\/noscript> <i class=\"voc-icons zoom voc-multimedia-box voc-ico-l\"><\/i> <\/div><figcaption class=\"figure-caption\">GTRES<\/figcaption><\/picture>\n<\/div>\n<div id=\"photoZoomModal-200\" class=\"voc-lightbox modal fade voc-lightbox--photo-zoom\" role=\"dialog\" data-voc-photozoom-lightbox>\n<div class=\"voc-lightbox__dialog\" role=\"document\">\n<div class=\"voc-lightbox__content\"> <!-- Modal header --> <\/p>\n<header class=\"voc-lightbox__header\"> <span class=\"voc-lightbox__title\">GTRES<\/span> <\/header>\n<p> <!-- Modal content --> <\/p>\n<div class=\"voc-lightbox__photo-container\"> <picture class> <img loading=\"lazy\" data-original=\"\/\/static3.mujerhoy.com\/www\/multimedia\/202311\/30\/media\/cortadas\/ivana-baquero-kJyD--650x900@MujerHoy.jpg\" alt=\"GTRES\" class=\"lazy\"> <noscript> <img src=\"http:\/\/hoycordobaweb.com\/wp-content\/uploads\/2023\/12\/de-raquel-sanchez-silva-a-sira-rego-las-mejor-vestidas-de-los-premios-mujerhoy-2023-7.webp\" alt=\"GTRES\"> <\/noscript> <\/picture> <\/div><\/div><\/div>\n<\/div>\n<p><h3 class=\"voc-detail__title\"> Ivana Baquero<br \/>\n<\/h3>\n<\/p>\n<p class=\"voc-paragraph\">La actriz espa\u00f1ola deslumbr\u00f3 con un vestido negro de Isabel Sanch\u00eds, zapatos de Steve Madden y joyas de Su\u00e1rez.\n<\/p>\n<div class=\"voc-area-container voc-area-container-space\">\n<div class=\"voc-advertising voc-advertising--branded\">\n<div id=\"boton_native_academy_interior\" class=\"voc-advertising__item voc-advertising__item--branded\"> <\/div>\n<div id=\"boton_native_academy_interior_dos\" class=\"voc-advertising__item voc-advertising__item--branded\"> <\/div>\n<div id=\"boton_native_academy_interior_tres\" class=\"voc-advertising__item voc-advertising__item--branded\"> <\/div><\/div>\n<\/div>\n<div class=\"voc-detail-photo-zoom\"> <picture data-toggle=\"modal\" data-target=\"#photoZoomModal-501\" target=\"modal\">\n<div class=\"voc-img-icon-link\"> <img loading=\"lazy\" data-original=\"\/\/static2.mujerhoy.com\/www\/multimedia\/202311\/30\/media\/cortadas\/fiona-ferrer-kb0C--650x900@MujerHoy.jpg\" width=\"650\" height=\"900\" class=\"lazy adsviu_analyse\" alt=\"GTRES\"> <noscript> <img src=\"http:\/\/hoycordobaweb.com\/wp-content\/uploads\/2023\/12\/de-raquel-sanchez-silva-a-sira-rego-las-mejor-vestidas-de-los-premios-mujerhoy-2023-8.webp\" alt=\"GTRES\"> <\/noscript> <i class=\"voc-icons zoom voc-multimedia-box voc-ico-l\"><\/i> <\/div><figcaption class=\"figure-caption\">GTRES<\/figcaption><\/picture>\n<\/div>\n<div id=\"photoZoomModal-501\" class=\"voc-lightbox modal fade voc-lightbox--photo-zoom\" role=\"dialog\" data-voc-photozoom-lightbox>\n<div class=\"voc-lightbox__dialog\" role=\"document\">\n<div class=\"voc-lightbox__content\"> <!-- Modal header --> <\/p>\n<header class=\"voc-lightbox__header\"> <span class=\"voc-lightbox__title\">GTRES<\/span> <\/header>\n<p> <!-- Modal content --> <\/p>\n<div class=\"voc-lightbox__photo-container\"> <picture class> <img loading=\"lazy\" data-original=\"\/\/static2.mujerhoy.com\/www\/multimedia\/202311\/30\/media\/cortadas\/fiona-ferrer-kb0C--650x900@MujerHoy.jpg\" alt=\"GTRES\" class=\"lazy\"> <noscript> <img src=\"http:\/\/hoycordobaweb.com\/wp-content\/uploads\/2023\/12\/de-raquel-sanchez-silva-a-sira-rego-las-mejor-vestidas-de-los-premios-mujerhoy-2023-8.webp\" alt=\"GTRES\"> <\/noscript> <\/picture> <\/div><\/div><\/div>\n<\/div>\n<p><h3 class=\"voc-detail__title\"> Fiona Ferrer<br \/>\n<\/h3>\n<\/p>\n<p class=\"voc-paragraph\">Fiona Ferrer dio vida a una blazer negra con solapas satinadas larga al combinarla con una de las prendas tendencia del momento: la fada satinada.\n<\/p>\n<div class=\"voc-detail-photo-zoom\"> <picture data-toggle=\"modal\" data-target=\"#photoZoomModal-596\" target=\"modal\">\n<div class=\"voc-img-icon-link\"> <img loading=\"lazy\" data-original=\"\/\/static1.mujerhoy.com\/www\/multimedia\/202311\/30\/media\/cortadas\/candela-pena-kb0C--650x900@MujerHoy.jpg\" width=\"650\" height=\"900\" class=\"lazy adsviu_analyse\" alt=\"GTRES\"> <noscript> <img src=\"http:\/\/hoycordobaweb.com\/wp-content\/uploads\/2023\/12\/de-raquel-sanchez-silva-a-sira-rego-las-mejor-vestidas-de-los-premios-mujerhoy-2023-9.webp\" alt=\"GTRES\"> <\/noscript> <i class=\"voc-icons zoom voc-multimedia-box voc-ico-l\"><\/i> <\/div><figcaption class=\"figure-caption\">GTRES<\/figcaption><\/picture>\n<\/div>\n<div id=\"photoZoomModal-596\" class=\"voc-lightbox modal fade voc-lightbox--photo-zoom\" role=\"dialog\" data-voc-photozoom-lightbox>\n<div class=\"voc-lightbox__dialog\" role=\"document\">\n<div class=\"voc-lightbox__content\"> <!-- Modal header --> <\/p>\n<header class=\"voc-lightbox__header\"> <span class=\"voc-lightbox__title\">GTRES<\/span> <\/header>\n<p> <!-- Modal content --> <\/p>\n<div class=\"voc-lightbox__photo-container\"> <picture class> <img loading=\"lazy\" data-original=\"\/\/static1.mujerhoy.com\/www\/multimedia\/202311\/30\/media\/cortadas\/candela-pena-kb0C--650x900@MujerHoy.jpg\" alt=\"GTRES\" class=\"lazy\"> <noscript> <img src=\"http:\/\/hoycordobaweb.com\/wp-content\/uploads\/2023\/12\/de-raquel-sanchez-silva-a-sira-rego-las-mejor-vestidas-de-los-premios-mujerhoy-2023-9.webp\" alt=\"GTRES\"> <\/noscript> <\/picture> <\/div><\/div><\/div>\n<\/div>\n<p><h3 class=\"voc-detail__title\"> Candela Serrat<br \/>\n<\/h3>\n<\/p>\n<p class=\"voc-paragraph\">La actriz destac\u00f3 en el photocall gracias a este vestido bicolor en granate y azul con hombreras muy marcadas.\n<\/p>\n<p> <!-- TOPICS --> <\/p>\n<div class=\"voc-topics voc-detail-grid\">\n<h3>Temas<\/h3>\n<p> <a href=\"https:\/\/www.mujerhoy.com\/temas\/personajes\/raquel-sanchez-silva.html\" title=\"Raquel S\u00e1nchez Silva\">Raquel S\u00e1nchez Silva<\/a> <a href=\"https:\/\/www.mujerhoy.com\/temas\/eventos\/premios-mujerhoy.html\" title=\"Premios Mujerhoy\">Premios Mujerhoy<\/a> <a href=\"https:\/\/www.mujerhoy.com\/temas\/generales\/invitadas.html\" title=\"Invitadas\">Invitadas<\/a> <a href=\"https:\/\/www.mujerhoy.com\/temas\/generales\/alfombra-roja.html\" title=\"Alfombra roja\">Alfombra roja<\/a> <\/div>\n<div class=\"links-interest accordion\" data-voc-seahorse=\"accordion\">\n<div class=\"accordion-card\">\n<div class=\"links-interest__header-item accordion-header\"> <a href=\"https:\/\/www.mujerhoy.com\/moda\/no-te-pierdas\/mejores-looks-invitadas-premios-mujerhoy-vestidos-famosas-raquel-sanchez-silva-20231130104047-nt.html#\" class=\"links-interest__header-link accordion-link\"> Enlaces de inter\u00e9s <span class=\"links-interest__icon accordion-icon\"><\/span> <\/a> <\/div>\n<div class=\"links-interest__collapse accordion-collapse\">\n<nav class=\"links-interest__collapse-nav\">\n<ul class=\"links-interest__collapse-list\">\n<li class=\"links-interest__collapse-item accordion-subitem\"> <a href=\"https:\/\/www.mujerhoy.com\/celebrities\/alvaro-munoz-escassi-masterchef-familia-hijos-madre-muerte-20231201075439-nt.html\" class=\"links-interest__collapse-link\" _target=\"_self\"> Familia Escassi <\/a> <\/li>\n<li class=\"links-interest__collapse-item accordion-subitem\"> <a href=\"https:\/\/www.mujerhoy.com\/moda\/no-te-pierdas\/reina-letizia-look-pantalones-pitillo-chaqueta-cuadros-uterque-20231130111325-nt.html\" class=\"links-interest__collapse-link\" _target=\"_self\"> Letizia pantalones pitillo <\/a> <\/li>\n<li class=\"links-interest__collapse-item accordion-subitem\"> <a href=\"https:\/\/www.mujerhoy.com\/celebrities\/laura-londono-gana-masterchef-celebrity-marido-familia-colombia-vida-edad-20231201070741-nt.html\" class=\"links-interest__collapse-link\" _target=\"_self\"> Laura Londo\u00f1o <\/a> <\/li>\n<li class=\"links-interest__collapse-item accordion-subitem\"> <a href=\"https:\/\/www.mujerhoy.com\/moda\/no-te-pierdas\/begona-gomez-vestido-negro-look-actriz-hollywood-20231129131331-nt.html\" class=\"links-interest__collapse-link\" _target=\"_self\"> Bego\u00f1a G\u00f3mez <\/a> <\/li>\n<li class=\"links-interest__collapse-item accordion-subitem\"> <a href=\"https:\/\/www.mujerhoy.com\/celebrities\/alvaro-munoz-escassi-novia-desconocida-patricia-martinez-infidelidad-polemica-20231130130325-nt.html\" class=\"links-interest__collapse-link\" _target=\"_self\"> Patricia Mart\u00ednez <\/a> <\/li>\n<li class=\"links-interest__collapse-item accordion-subitem\"> <a href=\"https:\/\/www.mujerhoy.com\/horoscopo\/horoscopo-mensual-diciembre-predicciones-todos-signos-zodiaco-salud-dinero-amor-2023-20231201063900-nt.html\" class=\"links-interest__collapse-link\" _target=\"_self\"> Hor\u00f3scopo mensual <\/a> <\/li>\n<\/ul>\n<\/nav><\/div><\/div><\/div>\n","protected":false},"excerpt":{"rendered":"<p>RAQUEL RODR\u00cdGUEZ Actualizado \u00b7 30 de noviembre de 2023, 16:53 h La gran noche de los Premios Mujerhoy 2023 no solo fue una cita para ensalzar talento femenino, el liderazgo y el empoderamiento de las mujeres extraordinarias, sino que tambi\u00e9n se convirti\u00f3 en un desfile de looks de invitadas muy especiales que derrocharon estilo y [&hellip;]<\/p>\n","protected":false},"author":1,"featured_media":70566,"comment_status":"closed","ping_status":"closed","sticky":false,"template":"","format":"standard","meta":[],"categories":[1],"tags":[],"_links":{"self":[{"href":"http:\/\/hoycordobaweb.com\/index.php\/wp-json\/wp\/v2\/posts\/70565"}],"collection":[{"href":"http:\/\/hoycordobaweb.com\/index.php\/wp-json\/wp\/v2\/posts"}],"about":[{"href":"http:\/\/hoycordobaweb.com\/index.php\/wp-json\/wp\/v2\/types\/post"}],"author":[{"embeddable":true,"href":"http:\/\/hoycordobaweb.com\/index.php\/wp-json\/wp\/v2\/users\/1"}],"replies":[{"embeddable":true,"href":"http:\/\/hoycordobaweb.com\/index.php\/wp-json\/wp\/v2\/comments?post=70565"}],"version-history":[{"count":0,"href":"http:\/\/hoycordobaweb.com\/index.php\/wp-json\/wp\/v2\/posts\/70565\/revisions"}],"wp:featuredmedia":[{"embeddable":true,"href":"http:\/\/hoycordobaweb.com\/index.php\/wp-json\/wp\/v2\/media\/70566"}],"wp:attachment":[{"href":"http:\/\/hoycordobaweb.com\/index.php\/wp-json\/wp\/v2\/media?parent=70565"}],"wp:term":[{"taxonomy":"category","embeddable":true,"href":"http:\/\/hoycordobaweb.com\/index.php\/wp-json\/wp\/v2\/categories?post=70565"},{"taxonomy":"post_tag","embeddable":true,"href":"http:\/\/hoycordobaweb.com\/index.php\/wp-json\/wp\/v2\/tags?post=70565"}],"curies":[{"name":"wp","href":"https:\/\/api.w.org\/{rel}","templated":true}]}}