{"id":70551,"date":"2023-12-01T02:34:01","date_gmt":"2023-12-01T02:34:01","guid":{"rendered":"https:\/\/www.ole.com.ar\/independiente\/apoyo-tevez-insua-planteles-pauperizados-reforzar_0_lVObs5Nq7s.html"},"modified":"2023-12-01T02:34:01","modified_gmt":"2023-12-01T02:34:01","slug":"el-apoyo-a-tevez-e-insua","status":"publish","type":"post","link":"http:\/\/hoycordobaweb.com\/index.php\/2023\/12\/01\/el-apoyo-a-tevez-e-insua\/","title":{"rendered":"El apoyo a Tevez e Insua"},"content":{"rendered":"<p><img src=\"http:\/\/hoycordobaweb.com\/wp-content\/uploads\/2023\/12\/el-apoyo-a-tevez-e-insua.jpg\"><\/p>\n<p><time class=\"createDate\" datetime=\"2023-11-30T23:34:001-03:00\">30\/11\/2023 23:34hs.<\/time><time class=\"modificatedDate\" datetime=\"2023-12-01T06:03:56-03:00\"> Actualizado al 01\/12\/2023 06:03hs.<\/time><\/p>\n<div id=\"storyBody\">\n<div class=\"custom-text \" readability=\"37\">\n<p>Cuando <strong>Carlitos Tevez <\/strong>se puso la escafandra y se lanz\u00f3 al fondo del mar <strong>a rescatar a Independiente,<\/strong> el viejo Rey de Copas compart\u00eda con Col\u00f3n y Hurac\u00e1n el puesto de descenso que hoy justamente Col\u00f3n y Gimnasia se juegan a plata o nada. <strong>Lleg\u00f3 con resistencia de hinchas<\/strong> que lo identificaban con Boca y le cuestionaban la inexperiencia, y a un club casi quebrado y con un plantel impropio de su historia.<\/p>\n<\/div>\n<div class=\"custom-text \" readability=\"36\">\n<p>Se comprometi\u00f3 tanto que, adem\u00e1s de <strong>salvarlo del descenso<\/strong>, a punto estuvo de meterlo entre los cuatro mejores de su zona para<strong> pelear por la Copa LPF<\/strong>. Hoy a nadie se le ocurre discutirlo y lo quieren blindar por tres a\u00f1os.<\/p>\n<\/div>\n<div class=\"custom-text \" readability=\"36\">\n<p>Cuando <strong>Ruben Insua volvi\u00f3 a San Lorenzo<\/strong>, iba a un tembladeral que se tragaba un DT tras otro y empezaba a espantarse de su propio promedio. Con jugadores reciclados, de segundo orden o a\u00fan por verse.<\/p>\n<\/div>\n<div class=\"custom-text \" readability=\"41\">\n<p>Tanta agua sac\u00f3 de las piedras que lleg\u00f3 as playoffs de la Sudamericana, fue 3\u00b0 de la liga, lleg\u00f3 a semi de la Copa Argentina y <strong>entr\u00f3 la Libertadores 2024<\/strong>. Hoy, Insua alienta la ilusi\u00f3n de ganar esa Copa, y en el Cicl\u00f3n es palabra realmente santa, <strong>m\u00e1s \u00eddolo que cualquier jugador del equipo<\/strong>, y los cuatro candidatos a presidir el club le han pedido que se quede.<\/p>\n<\/div>\n<div class=\"custom-text \" readability=\"37\">\n<p>Son de los t\u00e9cnicos m\u00e1s apreciados y respaldados por los fanas de sus equipos y las dirigencias se los quieren asegurar. Pero ojo: <strong>\u00bfcu\u00e1ntos milagros m\u00e1s les van a pedir?<\/strong> \u00bfNo llegar\u00e1 un momento en que, con toda l\u00f3gica, el hincha deje de pensar en la optimizaci\u00f3n de planteles pauperizados y pida <strong>objetivos m\u00e1s acordes con su historia grande<\/strong>?<\/p>\n<\/div>\n<div class=\"custom-text \" readability=\"40\">\n<p>Habr\u00e1 que ver, en fin, cu\u00e1l es<strong> la verdadera naturaleza del apoyo que les dan sus directivo<\/strong>s, en clubes que deben ser muy racionales en sus gastos pero que <strong>alg\u00fan esfuerzo, incluso de ingenio, tienen que hacer <\/strong>para reforzar esos equipos que Tevez e Insua hicieron llegar m\u00e1s lejos de lo que cualquiera imaginaba.<\/p>\n<\/div>\n<div class=\"sc-e7b891c4-0 jPbnQF\"><img alt=\"Tevez festej\u00f3 un gran triunfo en el cl\u00e1sico en la cancha de Racing (Foto Juano Tesone).\" src=\"http:\/\/hoycordobaweb.com\/wp-content\/uploads\/2023\/12\/el-apoyo-a-tevez-e-insua-2.jpg\" width=\"720\" height=\"100\" decoding=\"async\" data-nimg=\"future\" loading=\"lazy\"><span class=\"epigraphe\">Tevez festej\u00f3 un gran triunfo en el cl\u00e1sico en la cancha de Racing (Foto Juano Tesone).<\/span><\/div>\n<div class=\"sc-e7b891c4-0 jPbnQF\"><img alt=\"\u00daltima fecha: golazo de Jalil El\u00edas y el Cicl\u00f3n de Insua a la Copa (Fotobaires).\" src=\"http:\/\/hoycordobaweb.com\/wp-content\/uploads\/2023\/12\/el-apoyo-a-tevez-e-insua-3.jpg\" width=\"980\" height=\"690\" decoding=\"async\" data-nimg=\"future\" loading=\"lazy\"><span class=\"epigraphe\">\u00daltima fecha: golazo de Jalil El\u00edas y el Cicl\u00f3n de Insua a la Copa (Fotobaires).<\/span><\/div>\n<div class=\"sc-a7166897-0 exHLBh\" readability=\"6\">\n<section readability=\"2\"><picture><img alt=\"Tevez le comunic\u00f3 al plantel la lista de prescindibles\" src=\"http:\/\/hoycordobaweb.com\/wp-content\/uploads\/2023\/12\/el-apoyo-a-tevez-e-insua-4.jpg\" width=\"290\" height=\"290\" decoding=\"async\" data-nimg=\"future\" loading=\"lazy\"><\/picture>\n<p><span>Mir\u00e1 tambi\u00e9n<\/span><\/p>\n<hr>\n<h3>Tevez le comunic\u00f3 al plantel la lista de prescindibles<\/h3>\n<\/p>\n<\/section>\n<\/div>\n<div class=\"sc-a7166897-0 exHLBh\" readability=\"6\">\n<section readability=\"2\"><picture><img alt=\"&quot;Mi deseo es ganar la Libertadores&quot;\" src=\"http:\/\/hoycordobaweb.com\/wp-content\/uploads\/2023\/12\/el-apoyo-a-tevez-e-insua-5.jpg\" width=\"290\" height=\"290\" decoding=\"async\" data-nimg=\"future\" loading=\"lazy\"><\/picture>\n<p><span>Mir\u00e1 tambi\u00e9n<\/span><\/p>\n<hr>\n<h3>\u00abMi deseo es ganar la Libertadores\u00bb<\/h3>\n<\/p>\n<\/section>\n<\/div>\n<\/div>\n","protected":false},"excerpt":{"rendered":"<p>30\/11\/2023 23:34hs. Actualizado al 01\/12\/2023 06:03hs. Cuando Carlitos Tevez se puso la escafandra y se lanz\u00f3 al fondo del mar a rescatar a Independiente, el viejo Rey de Copas compart\u00eda con Col\u00f3n y Hurac\u00e1n el puesto de descenso que hoy justamente Col\u00f3n y Gimnasia se juegan a plata o nada. Lleg\u00f3 con resistencia de hinchas [&hellip;]<\/p>\n","protected":false},"author":1,"featured_media":70552,"comment_status":"open","ping_status":"closed","sticky":false,"template":"","format":"standard","meta":[],"categories":[16],"tags":[],"_links":{"self":[{"href":"http:\/\/hoycordobaweb.com\/index.php\/wp-json\/wp\/v2\/posts\/70551"}],"collection":[{"href":"http:\/\/hoycordobaweb.com\/index.php\/wp-json\/wp\/v2\/posts"}],"about":[{"href":"http:\/\/hoycordobaweb.com\/index.php\/wp-json\/wp\/v2\/types\/post"}],"author":[{"embeddable":true,"href":"http:\/\/hoycordobaweb.com\/index.php\/wp-json\/wp\/v2\/users\/1"}],"replies":[{"embeddable":true,"href":"http:\/\/hoycordobaweb.com\/index.php\/wp-json\/wp\/v2\/comments?post=70551"}],"version-history":[{"count":0,"href":"http:\/\/hoycordobaweb.com\/index.php\/wp-json\/wp\/v2\/posts\/70551\/revisions"}],"wp:featuredmedia":[{"embeddable":true,"href":"http:\/\/hoycordobaweb.com\/index.php\/wp-json\/wp\/v2\/media\/70552"}],"wp:attachment":[{"href":"http:\/\/hoycordobaweb.com\/index.php\/wp-json\/wp\/v2\/media?parent=70551"}],"wp:term":[{"taxonomy":"category","embeddable":true,"href":"http:\/\/hoycordobaweb.com\/index.php\/wp-json\/wp\/v2\/categories?post=70551"},{"taxonomy":"post_tag","embeddable":true,"href":"http:\/\/hoycordobaweb.com\/index.php\/wp-json\/wp\/v2\/tags?post=70551"}],"curies":[{"name":"wp","href":"https:\/\/api.w.org\/{rel}","templated":true}]}}