{"id":70547,"date":"2023-12-01T03:01:16","date_gmt":"2023-12-01T03:01:16","guid":{"rendered":"https:\/\/www.ole.com.ar\/seleccion\/seleccion-argentina-vs-mali-hoy-vivo-tercer-puesto-mundial-sub-17-hora-ver-resumen_0_AZsDmUtQWI.html"},"modified":"2023-12-01T03:01:16","modified_gmt":"2023-12-01T03:01:16","slug":"argentina-vs-mali-hoy-en-vivo-por-el-mundial-sub-17-a-que-hora-juega-como-ver-y-posibles-formaciones","status":"publish","type":"post","link":"http:\/\/hoycordobaweb.com\/index.php\/2023\/12\/01\/argentina-vs-mali-hoy-en-vivo-por-el-mundial-sub-17-a-que-hora-juega-como-ver-y-posibles-formaciones\/","title":{"rendered":"Argentina vs. Mal\u00ed, hoy EN VIVO por el Mundial Sub 17: a qu\u00e9 hora juega, c\u00f3mo ver y posibles formaciones"},"content":{"rendered":"<p><img src=\"http:\/\/hoycordobaweb.com\/wp-content\/uploads\/2023\/12\/argentina-vs-mali-hoy-en-vivo-por-el-mundial-sub-17-a-que-hora-juega-como-ver-y-posibles-formaciones.jpg\"><\/p>\n<div><img src=\"http:\/\/hoycordobaweb.com\/wp-content\/uploads\/2023\/12\/argentina-vs-mali-hoy-en-vivo-por-el-mundial-sub-17-a-que-hora-juega-como-ver-y-posibles-formaciones.jpg\" class=\"ff-og-image-inserted\"><\/div>\n<h2><strong>Posible formaci\u00f3n de Argentina ante Mal\u00ed, por el tercer puesto del Mundial Sub 17<\/strong><\/h2>\n<p>Jerem\u00edas <strong>Florent\u00edn<\/strong>; Dylan <strong>Gorosito<\/strong>, Juan <strong>Gim\u00e9nez<\/strong>, Tob\u00edas <strong>Palacio<\/strong>, Octavio <strong>Ontivero<\/strong>; Mariano <strong>Gerez<\/strong>, Valentino <strong>Acu\u00f1a<\/strong>; Santiago <strong>L\u00f3pez<\/strong>, Claudio <strong>Echeverri<\/strong>, Ian <strong>Subiabre<\/strong>; Agust\u00edn <strong>Ruberto<\/strong>. DT: Diego <strong>Placente<\/strong>.<\/p>\n<h2><strong>\u00bfPor d\u00f3nde ver en vivo a Argentina vs. Mal\u00ed, por el Mundial Sub 17?<\/strong><\/h2>\n<p>El partido ser\u00e1 transmitido por las se\u00f1ales de <strong>TyC Sports<\/strong>, <strong>DSports<\/strong> y <strong>TV P\u00fablica<\/strong>. Tambi\u00e9n vas a poder seguir el minuto a minuto por la web de <strong>Ol\u00e9<\/strong>, como siempre.<\/p>\n<h2><strong>\u00bfA qu\u00e9 hora juega Argentina vs. Mal\u00ed, por el tercer puesto del Mundial Sub 17?<\/strong><\/h2>\n<p>El partido por el tercer y cuarto puesto se llevar\u00e1 a cabo el <strong>viernes 1\u00b0 de diciembre<\/strong>, desde las <strong>09.00 (hora de nuestro pa\u00eds) <\/strong>en el Estadio Manahan de Surakarta.<\/p>\n","protected":false},"excerpt":{"rendered":"<p>Posible formaci\u00f3n de Argentina ante Mal\u00ed, por el tercer puesto del Mundial Sub 17 Jerem\u00edas Florent\u00edn; Dylan Gorosito, Juan Gim\u00e9nez, Tob\u00edas Palacio, Octavio Ontivero; Mariano Gerez, Valentino Acu\u00f1a; Santiago L\u00f3pez, Claudio Echeverri, Ian Subiabre; Agust\u00edn Ruberto. DT: Diego Placente. \u00bfPor d\u00f3nde ver en vivo a Argentina vs. Mal\u00ed, por el Mundial Sub 17? El partido [&hellip;]<\/p>\n","protected":false},"author":1,"featured_media":70548,"comment_status":"open","ping_status":"closed","sticky":false,"template":"","format":"standard","meta":[],"categories":[16],"tags":[],"_links":{"self":[{"href":"http:\/\/hoycordobaweb.com\/index.php\/wp-json\/wp\/v2\/posts\/70547"}],"collection":[{"href":"http:\/\/hoycordobaweb.com\/index.php\/wp-json\/wp\/v2\/posts"}],"about":[{"href":"http:\/\/hoycordobaweb.com\/index.php\/wp-json\/wp\/v2\/types\/post"}],"author":[{"embeddable":true,"href":"http:\/\/hoycordobaweb.com\/index.php\/wp-json\/wp\/v2\/users\/1"}],"replies":[{"embeddable":true,"href":"http:\/\/hoycordobaweb.com\/index.php\/wp-json\/wp\/v2\/comments?post=70547"}],"version-history":[{"count":0,"href":"http:\/\/hoycordobaweb.com\/index.php\/wp-json\/wp\/v2\/posts\/70547\/revisions"}],"wp:featuredmedia":[{"embeddable":true,"href":"http:\/\/hoycordobaweb.com\/index.php\/wp-json\/wp\/v2\/media\/70548"}],"wp:attachment":[{"href":"http:\/\/hoycordobaweb.com\/index.php\/wp-json\/wp\/v2\/media?parent=70547"}],"wp:term":[{"taxonomy":"category","embeddable":true,"href":"http:\/\/hoycordobaweb.com\/index.php\/wp-json\/wp\/v2\/categories?post=70547"},{"taxonomy":"post_tag","embeddable":true,"href":"http:\/\/hoycordobaweb.com\/index.php\/wp-json\/wp\/v2\/tags?post=70547"}],"curies":[{"name":"wp","href":"https:\/\/api.w.org\/{rel}","templated":true}]}}