{"id":70543,"date":"2023-12-01T00:02:58","date_gmt":"2023-12-01T00:02:58","guid":{"rendered":"https:\/\/ladecimaweb.com\/?p=22770"},"modified":"2023-12-01T00:02:58","modified_gmt":"2023-12-01T00:02:58","slug":"schiaretti-dice-que-deja-a-la-provincia-con-equilibrio-fiscal","status":"publish","type":"post","link":"http:\/\/hoycordobaweb.com\/index.php\/2023\/12\/01\/schiaretti-dice-que-deja-a-la-provincia-con-equilibrio-fiscal\/","title":{"rendered":"Schiaretti dice que deja a la Provincia con \u201cequilibrio fiscal\u201d"},"content":{"rendered":"<div class=\"boldgrid-section\">\n<div class=\"container\">\n<div class=\"row\">\n<div class=\"col-md-12 col-xs-12 col-sm-12\">\n<p class=\"\">El gobernador Juan Schiaretti expuso hoy por \u00faltima vez en la Bolsa de C\u00f3rdoba sobre la situaci\u00f3n econ\u00f3mica en que deja a la Provincia cuando deje el poder el 10 de diciembre.&nbsp;<\/p>\n<p class=\"\">Schiaretti destac\u00f3 que deja a C\u00f3rdoba con &#8220;equilibrio fiscal&#8221;, es decir en una situaci\u00f3n con las cuentas p\u00fablicas ordenas, seg\u00fan su cuenta en X.&nbsp;<\/p>\n<p class=\"\"><span class=\"css-1qaijid r-bcqeeo r-qvutc0 r-poiln3\">&#8220;Probablemente esta sea mi \u00faltima presentaci\u00f3n en la <\/span><a class=\"css-1qaijid r-bcqeeo r-qvutc0 r-poiln3 r-1loqt21\" dir=\"ltr\" role=\"link\" href=\"https:\/\/twitter.com\/BolsaCordoba\">@BolsaCordoba<\/a><span class=\"css-1qaijid r-bcqeeo r-qvutc0 r-poiln3\">, explicando c\u00f3mo est\u00e1 la situaci\u00f3n financiera de la Provincia, el balance fiscal de los \u00faltimos ocho a\u00f1os. <strong>Para nosotros es clave tener equilibrio fiscal: la sociedad progresa cuando no se gasta m\u00e1s de lo que le ingresa<\/strong>. Esa es una necesidad para Argentina, y es lo que hemos aplicado en <\/span><span class=\"r-18u37iz\"><a class=\"css-1qaijid r-bcqeeo r-qvutc0 r-poiln3 r-1loqt21\" dir=\"ltr\" role=\"link\" href=\"https:\/\/twitter.com\/hashtag\/C%C3%B3rdoba?src=hashtag_click\">#C\u00f3rdoba<\/a><\/span><span class=\"css-1qaijid r-bcqeeo r-qvutc0 r-poiln3\">, donde conseguimos el equilibrio fiscal bajando la cantidad de empleados p\u00fablicos, teniendo impuestos razonables y m\u00e1s bajos, en relaci\u00f3n al resto de las jurisdicciones&#8221;, describi\u00f3 el mandatario provincial.&nbsp;<\/span><\/p>\n<p class=\"\"><span>Schiaretti resalt\u00f3 que &#8220;tras pagar el vencimiento del t\u00edtulo de la deuda, <strong>le queda a la Provincia un excedente financiero de 932 millones de d\u00f3lares,<\/strong> que supera largamente los vencimientos de la deuda p\u00fablica financiera que hay en 2024, est\u00e1 garantizado para el a\u00f1o que viene el pago de los vencimientos&#8221;.<\/span><\/p>\n<p><span class=\"css-1qaijid r-bcqeeo r-qvutc0 r-poiln3\">&#8220;En <\/span><span class=\"r-18u37iz\"><a class=\"css-1qaijid r-bcqeeo r-qvutc0 r-poiln3 r-1loqt21\" dir=\"ltr\" role=\"link\" href=\"https:\/\/twitter.com\/hashtag\/C%C3%B3rdoba?src=hashtag_click\">#C\u00f3rdoba<\/a><\/span><span class=\"css-1qaijid r-bcqeeo r-qvutc0 r-poiln3\"> tenemos confianza y certeza: se puede pensar distinto pero trabajamos juntos. C\u00f3rdoba es producci\u00f3n y trabajo. C\u00f3rdoba es inversi\u00f3n. C\u00f3rdoba es solidaridad. C\u00f3rdoba es el rumbo hacia el progreso permanente&#8221;, destac\u00f3.<\/span><\/p>\n<p class=\"\"><span class=\"css-1qaijid r-bcqeeo r-qvutc0 r-poiln3\">Por \u00faltimo, rese\u00f1\u00f3 que &#8220;hay una estrecha correlaci\u00f3n entre lo que es el ahorro corriente y el resultado operativo con el Plan de <\/span><span class=\"r-18u37iz\"><a class=\"css-1qaijid r-bcqeeo r-qvutc0 r-poiln3 r-1loqt21\" dir=\"ltr\" role=\"link\" href=\"https:\/\/twitter.com\/hashtag\/Obras?src=hashtag_click\">#Obras<\/a><\/span><span class=\"css-1qaijid r-bcqeeo r-qvutc0 r-poiln3\"> P\u00fablicas que llevamos adelante, porque <strong>el ahorro corriente fue de 7.489 millones de d\u00f3lares y el Plan de Obras P\u00fablicas es de 8.398 millones de d\u00f3lares&#8221;.<\/strong><\/span><\/p>\n<p class=\"\">&nbsp;<\/p>\n<blockquote class=\"twitter-tweet\" data-width=\"550\" data-dnt=\"true\">\n<p lang=\"es\" dir=\"ltr\">Probablemente esta sea mi \u00faltima presentaci\u00f3n en la <a href=\"https:\/\/twitter.com\/BolsaCordoba?ref_src=twsrc%5Etfw\">@BolsaCordoba<\/a>, explicando c\u00f3mo est\u00e1 la situaci\u00f3n financiera de la Provincia, el balance fiscal de los \u00faltimos ocho a\u00f1os. Para nosotros es clave tener equilibrio fiscal: la sociedad progresa cuando no se gasta m\u00e1s de lo que le\u2026 <a href=\"https:\/\/t.co\/cUzHtvMtFY\">https:\/\/t.co\/cUzHtvMtFY<\/a><\/p>\n<p>&mdash; Juan Schiaretti (@JSchiaretti) <a href=\"https:\/\/twitter.com\/JSchiaretti\/status\/1730309567106408633?ref_src=twsrc%5Etfw\">November 30, 2023<\/a><\/p>\n<\/blockquote>\n<p><script async src=\"https:\/\/platform.twitter.com\/widgets.js\" charset=\"utf-8\"><\/script><\/p>\n<p>&nbsp;<\/p>\n<div class=\"ubm_banner\"><a href=\"http:\/\/www.cba.gov.ar\/prevencion-incendios\" target=\"_blank\" rel=\"dofollow noopener noreferrer\"><img src=\"http:\/\/hoycordobaweb.com\/wp-content\/uploads\/2023\/12\/schiaretti-dice-que-deja-a-la-provincia-con-equilibrio-fiscal.gif\" alt=\"\"><\/a><\/div>\n<\/div>\n<\/div>\n<\/div>\n<\/div>\n<p>La entrada <a rel=\"nofollow\" href=\"https:\/\/ladecimaweb.com\/schiaretti-dice-que-deja-a-la-provincia-con-equilibrio-fiscal\/\">Schiaretti dice que deja a la Provincia con &#8220;equilibrio fiscal&#8221;<\/a> se public\u00f3 primero en <a rel=\"nofollow\" href=\"https:\/\/ladecimaweb.com\">LaDecima<\/a>.<\/p>\n","protected":false},"excerpt":{"rendered":"<p>El gobernador Juan Schiaretti expuso hoy por \u00faltima vez en la Bolsa de C\u00f3rdoba sobre la situaci\u00f3n econ\u00f3mica en que deja a la Provincia cuando deje el poder el 10 de diciembre.&nbsp; Schiaretti destac\u00f3 que deja a C\u00f3rdoba con &#8220;equilibrio fiscal&#8221;, es decir en una situaci\u00f3n con las cuentas p\u00fablicas ordenas, seg\u00fan su cuenta en [&hellip;]<\/p>\n","protected":false},"author":1,"featured_media":70544,"comment_status":"closed","ping_status":"closed","sticky":false,"template":"","format":"standard","meta":[],"categories":[19],"tags":[],"_links":{"self":[{"href":"http:\/\/hoycordobaweb.com\/index.php\/wp-json\/wp\/v2\/posts\/70543"}],"collection":[{"href":"http:\/\/hoycordobaweb.com\/index.php\/wp-json\/wp\/v2\/posts"}],"about":[{"href":"http:\/\/hoycordobaweb.com\/index.php\/wp-json\/wp\/v2\/types\/post"}],"author":[{"embeddable":true,"href":"http:\/\/hoycordobaweb.com\/index.php\/wp-json\/wp\/v2\/users\/1"}],"replies":[{"embeddable":true,"href":"http:\/\/hoycordobaweb.com\/index.php\/wp-json\/wp\/v2\/comments?post=70543"}],"version-history":[{"count":0,"href":"http:\/\/hoycordobaweb.com\/index.php\/wp-json\/wp\/v2\/posts\/70543\/revisions"}],"wp:featuredmedia":[{"embeddable":true,"href":"http:\/\/hoycordobaweb.com\/index.php\/wp-json\/wp\/v2\/media\/70544"}],"wp:attachment":[{"href":"http:\/\/hoycordobaweb.com\/index.php\/wp-json\/wp\/v2\/media?parent=70543"}],"wp:term":[{"taxonomy":"category","embeddable":true,"href":"http:\/\/hoycordobaweb.com\/index.php\/wp-json\/wp\/v2\/categories?post=70543"},{"taxonomy":"post_tag","embeddable":true,"href":"http:\/\/hoycordobaweb.com\/index.php\/wp-json\/wp\/v2\/tags?post=70543"}],"curies":[{"name":"wp","href":"https:\/\/api.w.org\/{rel}","templated":true}]}}