{"id":70506,"date":"2023-11-30T01:33:20","date_gmt":"2023-11-30T01:33:20","guid":{"rendered":"https:\/\/www.ole.com.ar\/futbol-internacional\/perdio-bahia-vasco-ramon-diaz-sigue-descenso-brasileirao_0_ucemAZBNvQ.html"},"modified":"2023-11-30T01:33:20","modified_gmt":"2023-11-30T01:33:20","slug":"perdio-bahia-el-vasco-de-ramon-diaz-sigue-fuera-del-descenso","status":"publish","type":"post","link":"http:\/\/hoycordobaweb.com\/index.php\/2023\/11\/30\/perdio-bahia-el-vasco-de-ramon-diaz-sigue-fuera-del-descenso\/","title":{"rendered":"Perdi\u00f3 Bahia: el Vasco de Ram\u00f3n D\u00edaz sigue fuera del descenso"},"content":{"rendered":"<p><img src=\"http:\/\/hoycordobaweb.com\/wp-content\/uploads\/2023\/11\/perdio-bahia-el-vasco-de-ramon-diaz-sigue-fuera-del-descenso.jpg\"><\/p>\n<p><time class=\"createDate\" datetime=\"2023-11-29T22:33:20-03:00\">29\/11\/2023 22:33hs.<\/time><time class=\"modificatedDate\" datetime=\"2023-11-29T23:36:33-03:00\"> Actualizado al 29\/11\/2023 23:36hs.<\/time><\/p>\n<div id=\"storyBody\">\n<div class=\"custom-text \" readability=\"30.033950617284\">\n<p>El <strong><a href=\"https:\/\/www.ole.com.ar\/tema\/vasco-da-gama.html\" title=\"Vasco da Gama\" alt=\"Vasco da Gama\" class=\"slug\">Vasco da Gama<\/a><\/strong> (42 puntos) hab\u00eda recibido un dur\u00edsimo golpe el \u00faltimo martes, con <a href=\"https:\/\/www.ole.com.ar\/futbol-internacional\/dura-derrota-vasco-da-gama-ramon-diaz-brasilerao_0_XusYhGnMYE.html\" target=\"_self\" title=\"la derrota 4 a 2 de local\" alt=\"la derrota 4 a 2 de local\" rel=\"noopener noreferrer\">la derrota 4 a 2 de local<\/a> ante el Corinthians. El equipo de <strong><a href=\"https:\/\/www.ole.com.ar\/tema\/ramon-diaz.html\" title=\"Ram\u00f3n D\u00edaz\" alt=\"Ram\u00f3n D\u00edaz\" class=\"slug\">Ram\u00f3n D\u00edaz<\/a><\/strong> hab\u00eda quedado con riesgo de caer en zona de descenso, con dos fechas para el final del <strong><a href=\"https:\/\/www.ole.com.ar\/tema\/brasileirao.html\" title=\"brasileirao\" alt=\"brasileirao\" class=\"slug\">Brasileirao<\/a><\/strong>. Pero este mi\u00e9rcoles los cariocas tuvieron dos buenas noticias.<\/p>\n<\/div>\n<div class=\"custom-text \" readability=\"38.442996742671\">\n<p>La primera fue<strong> la derrota del Santos (43 unidades), de local, 3 a 0 ante el Fluminense <\/strong>(un gol de Germ\u00e1n Cano). La segunda, la m\u00e1s importante,<strong> la ca\u00edda del Bahia (41), <a href=\"https:\/\/www.ole.com.ar\/ecuador\/internacional\/video-cierre-salvador-arboleda-sao-paulo-bahia_0_S6qYxDf1YT.html\" target=\"_self\" title=\"de local ante el San Pablo\" alt=\"de local ante el San Pablo\" rel=\"noopener noreferrer\">de local ante el San Pablo<\/a>, por un gol de Caio Paulista en el sexto minuto de descuento<\/strong>. Por eso, el Vasco sigue afuera de la zona roja.<\/p>\n<\/div>\n<div class=\"sc-e7b891c4-0 jPbnQF\"><img alt=\"San Pablo ante Bahia.\" src=\"http:\/\/hoycordobaweb.com\/wp-content\/uploads\/2023\/11\/perdio-bahia-el-vasco-de-ramon-diaz-sigue-fuera-del-descenso-2.jpg\" width=\"720\" height=\"100\" decoding=\"async\" data-nimg=\"future\" loading=\"lazy\"><span class=\"epigraphe\">San Pablo ante Bahia.<\/span><\/div>\n<p><h2><strong>Lo que les queda<\/strong><\/h2>\n<\/p>\n<div class=\"custom-text \" readability=\"37\">\n<p>Cruzeiro, con 44 puntos, debe jugar este jueves ante Athletico Paranaense, tambi\u00e9n por la fecha 35. Luego, los de Belo Horizonte visitar\u00e1n a Botafogo y cerrar\u00e1n de local ante Palmeiras. <\/p>\n<\/div>\n<div class=\"custom-text \" readability=\"34\">\n<p>Santos, al quedar con 43 puntos expuso su permanencia. Por la fecha 37 visitar\u00e1 a Paranaense y cerrar\u00e1 en casa frente a Fortaleza.<\/p>\n<\/div>\n<div class=\"custom-text \" readability=\"35\">\n<p>El Vasco del riojano visitar\u00e1 el pr\u00f3ximo domingo a Gremio de Porto Alegre, que tiene chances matem\u00e1ticas de ser campe\u00f3n y necesita puntos para clasificarse a la Libertadores. Y cerrar\u00e1 de local frente a Bragantino.<\/p>\n<\/div>\n<div class=\"sc-e7b891c4-0 jPbnQF\"><img alt=\"Ram\u00f3n D\u00edaz en entrenamiento del Vasco.\" src=\"http:\/\/hoycordobaweb.com\/wp-content\/uploads\/2023\/11\/perdio-bahia-el-vasco-de-ramon-diaz-sigue-fuera-del-descenso-3.jpg\" width=\"720\" height=\"100\" decoding=\"async\" data-nimg=\"future\" loading=\"lazy\"><span class=\"epigraphe\">Ram\u00f3n D\u00edaz en entrenamiento del Vasco.<\/span><\/div>\n<div class=\"custom-text \" readability=\"35\">\n<p>Bahia visitar\u00e1 a Am\u00e9rica Mineiro, que ya est\u00e1 descendido, y cerrar\u00e1 de local contra el Atl\u00e9tico Mineiro.<\/p>\n<\/div>\n<div class=\"custom-text \" readability=\"35\">\n<p>En tanto, Goi\u00e1s (35 puntos), todav\u00eda tiene chances matem\u00e1ticas de seguir en Primera. Pero si este jueves cae en su visita a Gremio quedar\u00e1 sentenciado.<\/p>\n<\/div>\n<div class=\"custom-text \" readability=\"36\">\n<p>Un dato importante: en caso de igualdad de puntos, se define por mayor cantidad de victorias. Tanto Vasco como Bahia tienen 11. El siguiente \u00edtem es la diferencia de gol, y los bahianos tienen una ventaja de -5 contra -10 de los cariocas.<\/p>\n<\/div>\n<div class=\"custom-text \" readability=\"36\">\n<p>El argentino Lucas Mugni ingres\u00f3 en el segundo tiempo para Bahia. Recordar: por lesiones, Giuliano Galoppo y Jonathan Calleri son bajas. En el caso del volante, ya est\u00e1 cerca de regresar. El delantero volver\u00eda en 2024.<\/p>\n<\/div>\n<p><h2><strong>La pelea arriba<\/strong><\/h2>\n<\/p>\n<div class=\"custom-text \" readability=\"42\">\n<p>Palmeiras, que le gan\u00f3 4 a 0 a Am\u00e9rica Mineiro, qued\u00f3 como \u00fanico l\u00edder del torneo, con 66 puntos. Los goles fueron de Endrick, la joyita que ya compr\u00f3 el Real Madrid, en el arranque, de \u00c9der, en contra; y un doblete del argentino Jos\u00e9 Manuel L\u00f3pez, que ingres\u00f3 en el segundo tiempo. <\/p>\n<\/div>\n<div class=\"custom-text \" readability=\"39\">\n<p>Lo benefici\u00f3 la sorpresiva derrota del Flamengo, 3 a 0 de local ante el Atl\u00e9tico Mineiro. Tanto el Fla como el Galo quedaron con 63 puntos. Los mismos que Botafogo, que volvi\u00f3 a defraudar a sus torcedores sobre el final: en tiempo de descuento, Tiquinho Soares puso el 1 a 0 ante Coritiba, pero despu\u00e9s igual\u00f3 Edu.<\/p>\n<\/div>\n<div class=\"sc-e7b891c4-0 jPbnQF\"><img alt=\"El festejo de Palmeiras.\" src=\"http:\/\/hoycordobaweb.com\/wp-content\/uploads\/2023\/11\/perdio-bahia-el-vasco-de-ramon-diaz-sigue-fuera-del-descenso-4.jpg\" width=\"720\" height=\"100\" decoding=\"async\" data-nimg=\"future\" loading=\"lazy\"><span class=\"epigraphe\">El festejo de Palmeiras.<\/span><\/div>\n<div class=\"sc-a7166897-0 exHLBh\" readability=\"6.5\">\n<section readability=\"3\"><picture><img alt=\"M\u00e1s que recuperado: Enner Valencia fue titular y marc\u00f3 un gol en la victoria del Inter\" src=\"http:\/\/hoycordobaweb.com\/wp-content\/uploads\/2023\/11\/perdio-bahia-el-vasco-de-ramon-diaz-sigue-fuera-del-descenso-5.jpg\" width=\"290\" height=\"290\" decoding=\"async\" data-nimg=\"future\" loading=\"lazy\"><\/picture>\n<p><span>Mir\u00e1 tambi\u00e9n<\/span><\/p>\n<hr>\n<h3>M\u00e1s que recuperado: Enner Valencia fue titular y marc\u00f3 un gol en la victoria del Inter<\/h3>\n<\/p>\n<\/section>\n<\/div>\n<div class=\"sc-a7166897-0 exHLBh\" readability=\"7\">\n<section readability=\"4\"><picture><img alt=\"El registro debajo de Messi que, por Paz, a Garnacho le dur\u00f3 minutos\" src=\"http:\/\/hoycordobaweb.com\/wp-content\/uploads\/2023\/11\/perdio-bahia-el-vasco-de-ramon-diaz-sigue-fuera-del-descenso-6.jpg\" width=\"290\" height=\"290\" decoding=\"async\" data-nimg=\"future\" loading=\"lazy\"><\/picture>\n<p><span>Mir\u00e1 tambi\u00e9n<\/span><\/p>\n<hr>\n<h3>El registro debajo de Messi que, por Paz, a Garnacho le dur\u00f3 minutos<\/h3>\n<\/p>\n<\/section>\n<\/div>\n<\/div>\n","protected":false},"excerpt":{"rendered":"<p>29\/11\/2023 22:33hs. Actualizado al 29\/11\/2023 23:36hs. El Vasco da Gama (42 puntos) hab\u00eda recibido un dur\u00edsimo golpe el \u00faltimo martes, con la derrota 4 a 2 de local ante el Corinthians. El equipo de Ram\u00f3n D\u00edaz hab\u00eda quedado con riesgo de caer en zona de descenso, con dos fechas para el final del Brasileirao. Pero [&hellip;]<\/p>\n","protected":false},"author":1,"featured_media":70507,"comment_status":"open","ping_status":"closed","sticky":false,"template":"","format":"standard","meta":[],"categories":[16],"tags":[],"_links":{"self":[{"href":"http:\/\/hoycordobaweb.com\/index.php\/wp-json\/wp\/v2\/posts\/70506"}],"collection":[{"href":"http:\/\/hoycordobaweb.com\/index.php\/wp-json\/wp\/v2\/posts"}],"about":[{"href":"http:\/\/hoycordobaweb.com\/index.php\/wp-json\/wp\/v2\/types\/post"}],"author":[{"embeddable":true,"href":"http:\/\/hoycordobaweb.com\/index.php\/wp-json\/wp\/v2\/users\/1"}],"replies":[{"embeddable":true,"href":"http:\/\/hoycordobaweb.com\/index.php\/wp-json\/wp\/v2\/comments?post=70506"}],"version-history":[{"count":0,"href":"http:\/\/hoycordobaweb.com\/index.php\/wp-json\/wp\/v2\/posts\/70506\/revisions"}],"wp:featuredmedia":[{"embeddable":true,"href":"http:\/\/hoycordobaweb.com\/index.php\/wp-json\/wp\/v2\/media\/70507"}],"wp:attachment":[{"href":"http:\/\/hoycordobaweb.com\/index.php\/wp-json\/wp\/v2\/media?parent=70506"}],"wp:term":[{"taxonomy":"category","embeddable":true,"href":"http:\/\/hoycordobaweb.com\/index.php\/wp-json\/wp\/v2\/categories?post=70506"},{"taxonomy":"post_tag","embeddable":true,"href":"http:\/\/hoycordobaweb.com\/index.php\/wp-json\/wp\/v2\/tags?post=70506"}],"curies":[{"name":"wp","href":"https:\/\/api.w.org\/{rel}","templated":true}]}}