{"id":70504,"date":"2023-11-30T01:38:01","date_gmt":"2023-11-30T01:38:01","guid":{"rendered":"https:\/\/www.ole.com.ar\/ecuador\/internacional\/video-cierre-salvador-arboleda-sao-paulo-bahia_0_S6qYxDf1YT.html"},"modified":"2023-11-30T01:38:01","modified_gmt":"2023-11-30T01:38:01","slug":"con-un-cierre-salvador-de-arboleda-sao-paulo-le-gano-a-bahia","status":"publish","type":"post","link":"http:\/\/hoycordobaweb.com\/index.php\/2023\/11\/30\/con-un-cierre-salvador-de-arboleda-sao-paulo-le-gano-a-bahia\/","title":{"rendered":"Con un cierre salvador de Arboleda, Sao Paulo le gan\u00f3 a Bah\u00eda"},"content":{"rendered":"<p><img src=\"http:\/\/hoycordobaweb.com\/wp-content\/uploads\/2023\/11\/con-un-cierre-salvador-de-arboleda-sao-paulo-le-gano-a-bahia.jpg\"><\/p>\n<p><time class=\"createDate\" datetime=\"2023-11-29T22:38:001-03:00\">29\/11\/2023 22:38hs.<\/time><time class=\"modificatedDate\" datetime=\"2023-11-29T22:38:001-03:00\"><\/time><\/p>\n<div id=\"storyBody\">\n<div class=\"custom-text \" readability=\"11.115479115479\">\n<p><strong>Se festej\u00f3 tanto como el gol en la \u00faltima pelota del partido<\/strong>. \u00a1<strong><a href=\"https:\/\/www.ole.com.ar\/tema\/robert-arboleda.html\" title=\"Robert Arboleda\" alt=\"Robert Arboleda\" class=\"slug\">Robert Arboleda<\/a><\/strong> fue figura decisiva en el triunfo ag\u00f3nico del <strong><a href=\"https:\/\/www.ole.com.ar\/tema\/sao-paulo.html\" title=\"Sao Paulo\" alt=\"Sao Paulo\" class=\"slug\">Sao Paulo<\/a><\/strong> ante el <strong><a href=\"https:\/\/www.ole.com.ar\/tema\/bahia-de-brasil.html\" title=\"Bahia de Brasil\" alt=\"Bahia de Brasil\" class=\"slug\">Bah\u00eda <\/a><\/strong>por el Brasileirao! El elenco dirigido por Dorival Junior lo gan\u00f3 en el final con un tanto de Caio Paulista, pero antes hab\u00eda sido clave <strong>un cierre salvador del ecuatoriano<\/strong>, que evit\u00f3 un gol que era cantado.<strong> \u00a1Una acci\u00f3n que ir\u00e1 a lo mejor del a\u00f1o!<\/strong><\/p>\n<\/div>\n<div class=\"custom-text \" readability=\"12\">\n<p>La intervenci\u00f3n determinante de Arboleda ocurri\u00f3 a los 73 minutos en el Arena Fonte Nova. En un contraataque los due\u00f1os de casa estuvieron muy cerca de romper el 0-0, pero el defensor lo evit\u00f3. E<strong>l volante Gabriel Teixeira se iba derecho al arco, pero milagrosamente el tricolor lleg\u00f3 a cortar la acci\u00f3n.<\/strong><\/p>\n<\/div>\n<div class=\"custom-text \" readability=\"11\">\n<p>El ecuatoriano demostr\u00f3 que no solo su fuerte es el juego a\u00e9reo, sino que tambi\u00e9n cuenta con una gran velocidad y aceleraci\u00f3n. Es que se encontraba a varios metros de Gabriel Teixeira, pero igual lleg\u00f3 a cerrar: <strong>meti\u00f3 un furioso sprint y luego se estir\u00f3 para tapar el remate.<\/strong><\/p>\n<\/div>\n<div class=\"custom-text \" readability=\"12\">\n<p>Como viene siendo costumbre en la temporada en Brasil, el central de la Selecci\u00f3n (estuvo convocado para los cotejos contra Venezuela y Chile por las Eliminatorias Sudamericanas) <strong>hizo dupla de zagueros junto con Lucas Beraldo<\/strong>, quien tiene apenas 20 a\u00f1os y cada vez se entiende mejor con el tricolor.<\/p>\n<\/div>\n<div class=\"custom-text \" readability=\"10\">\n<p>El inicio del cotejo estuvo marcado una particularidad: debi\u00f3 frenarse la acci\u00f3n durante unos minutos debido a que <strong>explot\u00f3 una de las torres de luz del estadio. <\/strong>Pese a que no hubo un corte general, el \u00e1rbitro par\u00f3 el encuentro porque vidrios de las luminarias quedaron en el campo de juego.<\/p>\n<\/div>\n<div type=\"embed\" class=\"sc-7ce6049-0 dwIKul\">\n<div class=\"sc-7ce6049-1 bdcBBS videoText\" id=\"contentTitleembedgIjEXy7M\" type=\"embed\" readability=\"6\"><svg fill=\"#ffffff\"><symbol id=\"play\" viewBox=\"0 0 512 512\"><path d=\"M512 256C512 397.4 397.4 512 256 512C114.6 512 0 397.4 0 256C0 114.6 114.6 0 256 0C397.4 0 512 114.6 512 256zM176 168V344C176 352.7 180.7 360.7 188.3 364.9C195.8 369.2 205.1 369 212.5 364.5L356.5 276.5C363.6 272.1 368 264.4 368 256C368 247.6 363.6 239.9 356.5 235.5L212.5 147.5C205.1 142.1 195.8 142.8 188.3 147.1C180.7 151.3 176 159.3 176 168V168z\" \/><\/symbol><use xlink:href=\"#play\" \/><\/svg><\/p>\n<div class=\"right\" readability=\"7\">\n<p>Robert Arboleda<!-- --> &#8211;<!-- --> <span>29-11-2023<\/span><\/p>\n<h2 class=\"title-vid\">El cierre salvador de Arboleda<\/h2>\n<\/div>\n<\/div>\n<p><span class=\"back\" id=\"spanBackembedgIjEXy7M\"><\/span><\/div>\n<div class=\"custom-text \" readability=\"11\">\n<p>Con este resultado,<strong> Sao Paulo lleg\u00f3 a 50 puntos en la temporada<\/strong>. Y aunque marcha en el noveno puesto de la tabla <strong>ya tiene un lugar asegurado en la pr\u00f3xima edici\u00f3n de la Copa Libertadores<\/strong>, ya que esta campa\u00f1a se coron\u00f3 en la Copa de Brasil.<\/p>\n<\/div>\n<div class=\"sc-e7b891c4-0 jPbnQF\"><img alt=\"Sao Paulo le gan\u00f3 a Bahia.\" src=\"http:\/\/hoycordobaweb.com\/wp-content\/uploads\/2023\/11\/con-un-cierre-salvador-de-arboleda-sao-paulo-le-gano-a-bahia-2.jpg\" width=\"720\" height=\"100\" decoding=\"async\" data-nimg=\"future\" loading=\"lazy\"><span class=\"epigraphe\">Sao Paulo le gan\u00f3 a Bahia.<\/span><\/div>\n<p><h2><strong>Jhegson M\u00e9ndez, ni al banco&#8230;<\/strong><\/h2>\n<\/p>\n<div class=\"custom-text \" readability=\"10\">\n<p>El ciclo de <strong>Jhegson M\u00e9ndez<\/strong> por el Sao Paulo no fue como lo esperaba el volante que se hab\u00eda destacado en el Mundial de Qatar. El mediocampista dej\u00f3 Los Angeles FC de la MLS en busca de m\u00e1s minutos, pero le pas\u00f3 lo contrario: <strong>\u00a1jug\u00f3 menos que en Estados Unidos!<\/strong><\/p>\n<\/div>\n<div class=\"custom-text \" readability=\"12\">\n<p>Este mi\u00e9rcoles, en el duelo contra Bah\u00eda por el Brasileirao, <strong>el tricolor ni siquiera form\u00f3 parte de la banca de suplentes que design\u00f3 el entrenador Dorival J\u00fanior,<\/strong> quien dej\u00f3 de confiar en el volante luego del primer semestre.<\/p>\n<\/div>\n<div class=\"custom-text \" readability=\"12\">\n<p>Es que M\u00e9ndez pas\u00f3 de ser titular y una pieza importante en los primeros cotejos en el equipo paulista, a ser una opci\u00f3n de \u00faltimo recurso para el DT brasile\u00f1o. Mientras se lo empieza a vincular con otros equipos, el ecuatoriano apenas sum\u00f3 m\u00e1s de 1.200 minutos entre todas la competiciones que disput\u00f3 el Sao Paulo.<\/p>\n<\/div>\n<div class=\"sc-a7166897-0 exHLBh\" readability=\"6\">\n<section readability=\"2\"><picture><img alt=\"Video: el golazo de Enner Valencia ante Cuiab\u00e1\" src=\"http:\/\/hoycordobaweb.com\/wp-content\/uploads\/2023\/11\/con-un-cierre-salvador-de-arboleda-sao-paulo-le-gano-a-bahia-3.jpg\" width=\"290\" height=\"290\" decoding=\"async\" data-nimg=\"future\" loading=\"lazy\"><\/picture>\n<p><span>Mir\u00e1 tambi\u00e9n<\/span><\/p>\n<hr>\n<h3>Video: el golazo de Enner Valencia ante Cuiab\u00e1<\/h3>\n<\/p>\n<\/section>\n<\/div>\n<div class=\"sc-a7166897-0 exHLBh\" readability=\"6.5\">\n<section readability=\"3\"><picture><img alt=\"Un aniversario triste, un a\u00f1o de la eliminaci\u00f3n de Ecuador en Qatar 2022\" src=\"http:\/\/hoycordobaweb.com\/wp-content\/uploads\/2023\/11\/con-un-cierre-salvador-de-arboleda-sao-paulo-le-gano-a-bahia-4.jpg\" width=\"290\" height=\"290\" decoding=\"async\" data-nimg=\"future\" loading=\"lazy\"><\/picture>\n<p><span>Mir\u00e1 tambi\u00e9n<\/span><\/p>\n<hr>\n<h3>Un aniversario triste, un a\u00f1o de la eliminaci\u00f3n de Ecuador en Qatar 2022<\/h3>\n<\/p>\n<\/section>\n<\/div>\n<div class=\"sc-a7166897-0 exHLBh\" readability=\"6\">\n<section readability=\"2\"><picture><img alt=\"En M\u00e9xico aseguran que Angel Mena seguir\u00e1 en Le\u00f3n y jugar\u00e1 el Mundial de Clubes\" src=\"http:\/\/hoycordobaweb.com\/wp-content\/uploads\/2023\/11\/con-un-cierre-salvador-de-arboleda-sao-paulo-le-gano-a-bahia-5.jpg\" width=\"290\" height=\"290\" decoding=\"async\" data-nimg=\"future\" loading=\"lazy\"><\/picture>\n<p><span>Mir\u00e1 tambi\u00e9n<\/span><\/p>\n<hr>\n<h3>En M\u00e9xico aseguran que Angel Mena seguir\u00e1 en Le\u00f3n y jugar\u00e1 el Mundial de Clubes<\/h3>\n<\/p>\n<\/section>\n<\/div>\n<\/div>\n","protected":false},"excerpt":{"rendered":"<p>29\/11\/2023 22:38hs. Se festej\u00f3 tanto como el gol en la \u00faltima pelota del partido. \u00a1Robert Arboleda fue figura decisiva en el triunfo ag\u00f3nico del Sao Paulo ante el Bah\u00eda por el Brasileirao! El elenco dirigido por Dorival Junior lo gan\u00f3 en el final con un tanto de Caio Paulista, pero antes hab\u00eda sido clave un [&hellip;]<\/p>\n","protected":false},"author":1,"featured_media":70505,"comment_status":"open","ping_status":"closed","sticky":false,"template":"","format":"standard","meta":[],"categories":[16],"tags":[],"_links":{"self":[{"href":"http:\/\/hoycordobaweb.com\/index.php\/wp-json\/wp\/v2\/posts\/70504"}],"collection":[{"href":"http:\/\/hoycordobaweb.com\/index.php\/wp-json\/wp\/v2\/posts"}],"about":[{"href":"http:\/\/hoycordobaweb.com\/index.php\/wp-json\/wp\/v2\/types\/post"}],"author":[{"embeddable":true,"href":"http:\/\/hoycordobaweb.com\/index.php\/wp-json\/wp\/v2\/users\/1"}],"replies":[{"embeddable":true,"href":"http:\/\/hoycordobaweb.com\/index.php\/wp-json\/wp\/v2\/comments?post=70504"}],"version-history":[{"count":0,"href":"http:\/\/hoycordobaweb.com\/index.php\/wp-json\/wp\/v2\/posts\/70504\/revisions"}],"wp:featuredmedia":[{"embeddable":true,"href":"http:\/\/hoycordobaweb.com\/index.php\/wp-json\/wp\/v2\/media\/70505"}],"wp:attachment":[{"href":"http:\/\/hoycordobaweb.com\/index.php\/wp-json\/wp\/v2\/media?parent=70504"}],"wp:term":[{"taxonomy":"category","embeddable":true,"href":"http:\/\/hoycordobaweb.com\/index.php\/wp-json\/wp\/v2\/categories?post=70504"},{"taxonomy":"post_tag","embeddable":true,"href":"http:\/\/hoycordobaweb.com\/index.php\/wp-json\/wp\/v2\/tags?post=70504"}],"curies":[{"name":"wp","href":"https:\/\/api.w.org\/{rel}","templated":true}]}}