{"id":70502,"date":"2023-11-30T02:10:59","date_gmt":"2023-11-30T02:10:59","guid":{"rendered":"https:\/\/www.ole.com.ar\/ecuador\/liga-pro\/suspendieron-meses-asistente-martin-anselmi_0_PX5AtKLz27.html"},"modified":"2023-11-30T02:10:59","modified_gmt":"2023-11-30T02:10:59","slug":"suspendieron-por-cuatro-meses-a-un-ayudante-de-martin-anselmi","status":"publish","type":"post","link":"http:\/\/hoycordobaweb.com\/index.php\/2023\/11\/30\/suspendieron-por-cuatro-meses-a-un-ayudante-de-martin-anselmi\/","title":{"rendered":"\u00a1Suspendieron por cuatro meses a un ayudante de Mart\u00edn Anselmi!"},"content":{"rendered":"<p><img src=\"http:\/\/hoycordobaweb.com\/wp-content\/uploads\/2023\/11\/suspendieron-por-cuatro-meses-a-un-ayudante-de-martin-anselmi.jpg\"><\/p>\n<p><time class=\"createDate\" datetime=\"2023-11-29T23:10:59-03:00\">29\/11\/2023 23:10hs.<\/time><time class=\"modificatedDate\" datetime=\"2023-11-29T23:10:59-03:00\"><\/time><\/p>\n<div id=\"storyBody\">\n<div class=\"custom-text \" readability=\"34.451612903226\">\n<p>El final del partido entre <a href=\"https:\/\/www.ole.com.ar\/ecuador\/liga-pro\/ligapro-definicion-copas-fecha-14-independiente-valle-orense-aucas-delfin-mushuc-runa-universidad-catolica-cuenca-nacional_0_cMDuO1x0f2.html\" title=\"Independiente del Valle y Orense\" alt=\"Independiente del Valle y Orense\">Independiente del Valle y Orense<\/a>, del pasado s\u00e1bado,<strong> tuvo momentos muy picantes<\/strong>. Tras el golazo de Richard Calder\u00f3n en el cierre del cotejo, s<strong>e desat\u00f3 un encontronazo muy cerca del banco de suplentes del Negriazul<\/strong>. Y este mi\u00e9rcoles se conoci\u00f3 el severo castigo que recibi\u00f3 uno de los ayudantes de <strong><a href=\"https:\/\/www.ole.com.ar\/tema\/martin-anselmi.html\" target=\"_blank\" title=\"Mart\u00edn Anselmi\" alt=\"Mart\u00edn Anselmi\" class=\"slug\" rel=\"noopener noreferrer\">Mart\u00edn Anselmi<\/a><\/strong>, <strong>que no podr\u00e1 ingresar a las canchas \u00a1por cuatro meses!<\/strong><\/p>\n<\/div>\n<div class=\"custom-text \" readability=\"36\">\n<p>Se trata de <strong>Facundo Oreja,<\/strong> uno de los principales colaboradores que tiene el DT de IDV. El ex defensor de Gimnasia y Esgrima de La Plata se llev\u00f3 la peor en el reparto de penas, ya que e<strong>star\u00e1 inhabilitado durante casi un semestre para partidos de LigaPro.<\/strong><\/p>\n<\/div>\n<div class=\"custom-text \" readability=\"35\">\n<p>Seg\u00fan el Acta de Sanciones que public\u00f3 este mi\u00e9rcoles el organismo presidido por Miguel Angel Loor, <strong>el argentino habr\u00eda insultado al \u00e1rbitro central y adem\u00e1s pech\u00f3 al juez asistente que estaba m\u00e1s cerca del banco del Matagigantes<\/strong>. Es por eso que le cae la sanci\u00f3n de cuatro meses.<\/p>\n<\/div>\n<div class=\"custom-text \" readability=\"37\">\n<p>Tras un largo recorrido como futbolista en Argentina, Oreja lleg\u00f3 a Independiente del Valle de la mano de Anselmi. Entre otras labores, fue quien detect\u00f3 a Lautaro D\u00edaz en la Primera Nacional y lo recomend\u00f3 para que IDV lo traiga, primero a pr\u00e9stamo y luego hiciera uso de la opci\u00f3n de compra.<\/p>\n<\/div>\n<div class=\"sc-e7b891c4-0 jPbnQF\"><img alt=\"Oreja con la Recopa Sudamericana.\" src=\"http:\/\/hoycordobaweb.com\/wp-content\/uploads\/2023\/11\/suspendieron-por-cuatro-meses-a-un-ayudante-de-martin-anselmi-2.jpg\" width=\"720\" height=\"100\" decoding=\"async\" data-nimg=\"future\" loading=\"lazy\"><span class=\"epigraphe\">Oreja con la Recopa Sudamericana.<\/span><\/div>\n<div class=\"sc-a7166897-0 exHLBh\" readability=\"6\">\n<section readability=\"2\"><picture><img alt=\"Jueces y horarios de la \u00faltima fecha en la LigaPro \" src=\"http:\/\/hoycordobaweb.com\/wp-content\/uploads\/2023\/11\/suspendieron-por-cuatro-meses-a-un-ayudante-de-martin-anselmi-3.jpg\" width=\"290\" height=\"290\" decoding=\"async\" data-nimg=\"future\" loading=\"lazy\"><\/picture>\n<p><span>Mir\u00e1 tambi\u00e9n<\/span><\/p>\n<hr>\n<h3>Jueces y horarios de la \u00faltima fecha en la LigaPro <\/h3>\n<\/p>\n<\/section>\n<\/div>\n<div class=\"sc-a7166897-0 exHLBh\" readability=\"6\">\n<section readability=\"2\"><picture><img alt=\"Final de LigaPro: \u00bfcu\u00e1ndo juegan Liga vs. Independiente del Valle?\" src=\"http:\/\/hoycordobaweb.com\/wp-content\/uploads\/2023\/11\/suspendieron-por-cuatro-meses-a-un-ayudante-de-martin-anselmi-4.jpg\" width=\"290\" height=\"290\" decoding=\"async\" data-nimg=\"future\" loading=\"lazy\"><\/picture>\n<p><span>Mir\u00e1 tambi\u00e9n<\/span><\/p>\n<hr>\n<h3>Final de LigaPro: \u00bfcu\u00e1ndo juegan Liga vs. Independiente del Valle?<\/h3>\n<\/p>\n<\/section>\n<\/div>\n<div class=\"sc-a7166897-0 exHLBh\" readability=\"6\">\n<section readability=\"2\"><picture><img alt=\"El Nacional confirm\u00f3 que cambiar\u00e1 de estadio para recibir a IDV\" src=\"http:\/\/hoycordobaweb.com\/wp-content\/uploads\/2023\/11\/suspendieron-por-cuatro-meses-a-un-ayudante-de-martin-anselmi-5.jpg\" width=\"290\" height=\"290\" decoding=\"async\" data-nimg=\"future\" loading=\"lazy\"><\/picture>\n<p><span>Mir\u00e1 tambi\u00e9n<\/span><\/p>\n<hr>\n<h3>El Nacional confirm\u00f3 que cambiar\u00e1 de estadio para recibir a IDV<\/h3>\n<\/p>\n<\/section>\n<\/div>\n<div class=\"sc-a7166897-0 exHLBh\" readability=\"6\">\n<section readability=\"2\"><picture><img alt=\"Los ocho puntos que se tratar\u00e1n en el pr\u00f3ximo Consejo de Presidentes de LigaPro\" src=\"http:\/\/hoycordobaweb.com\/wp-content\/uploads\/2023\/11\/suspendieron-por-cuatro-meses-a-un-ayudante-de-martin-anselmi-6.jpg\" width=\"290\" height=\"290\" decoding=\"async\" data-nimg=\"future\" loading=\"lazy\"><\/picture>\n<p><span>Mir\u00e1 tambi\u00e9n<\/span><\/p>\n<hr>\n<h3>Los ocho puntos que se tratar\u00e1n en el pr\u00f3ximo Consejo de Presidentes de LigaPro<\/h3>\n<\/p>\n<\/section>\n<\/div>\n<\/div>\n","protected":false},"excerpt":{"rendered":"<p>29\/11\/2023 23:10hs. El final del partido entre Independiente del Valle y Orense, del pasado s\u00e1bado, tuvo momentos muy picantes. Tras el golazo de Richard Calder\u00f3n en el cierre del cotejo, se desat\u00f3 un encontronazo muy cerca del banco de suplentes del Negriazul. Y este mi\u00e9rcoles se conoci\u00f3 el severo castigo que recibi\u00f3 uno de los [&hellip;]<\/p>\n","protected":false},"author":1,"featured_media":70503,"comment_status":"open","ping_status":"closed","sticky":false,"template":"","format":"standard","meta":[],"categories":[16],"tags":[],"_links":{"self":[{"href":"http:\/\/hoycordobaweb.com\/index.php\/wp-json\/wp\/v2\/posts\/70502"}],"collection":[{"href":"http:\/\/hoycordobaweb.com\/index.php\/wp-json\/wp\/v2\/posts"}],"about":[{"href":"http:\/\/hoycordobaweb.com\/index.php\/wp-json\/wp\/v2\/types\/post"}],"author":[{"embeddable":true,"href":"http:\/\/hoycordobaweb.com\/index.php\/wp-json\/wp\/v2\/users\/1"}],"replies":[{"embeddable":true,"href":"http:\/\/hoycordobaweb.com\/index.php\/wp-json\/wp\/v2\/comments?post=70502"}],"version-history":[{"count":0,"href":"http:\/\/hoycordobaweb.com\/index.php\/wp-json\/wp\/v2\/posts\/70502\/revisions"}],"wp:featuredmedia":[{"embeddable":true,"href":"http:\/\/hoycordobaweb.com\/index.php\/wp-json\/wp\/v2\/media\/70503"}],"wp:attachment":[{"href":"http:\/\/hoycordobaweb.com\/index.php\/wp-json\/wp\/v2\/media?parent=70502"}],"wp:term":[{"taxonomy":"category","embeddable":true,"href":"http:\/\/hoycordobaweb.com\/index.php\/wp-json\/wp\/v2\/categories?post=70502"},{"taxonomy":"post_tag","embeddable":true,"href":"http:\/\/hoycordobaweb.com\/index.php\/wp-json\/wp\/v2\/tags?post=70502"}],"curies":[{"name":"wp","href":"https:\/\/api.w.org\/{rel}","templated":true}]}}