{"id":70496,"date":"2023-11-29T20:31:43","date_gmt":"2023-11-29T20:31:43","guid":{"rendered":"https:\/\/ladecimaweb.com\/?p=22715"},"modified":"2023-11-29T20:31:43","modified_gmt":"2023-11-29T20:31:43","slug":"la-asamblea-legislativa-proclamo-a-la-formula-presidencial-milei-villarruel","status":"publish","type":"post","link":"http:\/\/hoycordobaweb.com\/index.php\/2023\/11\/29\/la-asamblea-legislativa-proclamo-a-la-formula-presidencial-milei-villarruel\/","title":{"rendered":"La Asamblea Legislativa proclam\u00f3 a la f\u00f3rmula presidencial Milei-Villarruel"},"content":{"rendered":"<div class=\"boldgrid-section\">\n<div class=\"container\">\n<div class=\"row\">\n<div class=\"col-md-12 col-xs-12 col-sm-12\">\n<p><strong>(NA) La Asamblea Legislativa proclam\u00f3 a la f\u00f3rmula presidencial de La Libertad Avanza (LLA) integrada por Javier Milei y Victoria Villarruel<\/strong>, y se cumpli\u00f3 con el paso formal necesario antes de la jura prevista para el pr\u00f3ximo 10 de diciembre.<\/p>\n<p>La vicepresidenta<span>&nbsp;<\/span><strong>Cristina Kirchner encabez\u00f3 la sesi\u00f3n<\/strong><span>&nbsp;<\/span>que tuvo lugar en la C\u00e1mara de Diputados, donde estuvieron presentes el presidente y la vice electos.<\/p>\n<p>Durante la Asamblea Legislativa, tanto Milei como Villarruel<span>&nbsp;<\/span><strong>renunciaron formalmente a sus bancas<\/strong><span>&nbsp;<\/span>en la C\u00e1mara de Diputados para quedar listos para asumir al frente del Poder Ejecutivo.<\/p>\n<p>La sesi\u00f3n comenz\u00f3 con qu\u00f3rum pasadas las 15 y Cristina Kirchner conform\u00f3 una comitiva especial de diputados y senadores que se reuni\u00f3 durante un breve cuarto intermedio para contabilizar los votos objetivos por La Libertad Avanza en la segunda vuelta del 22 de noviembre pasado.<\/p>\n<p>Concluido ese paso, se procedi\u00f3 a la formalidad de proclamar a los pr\u00f3ximos Presidente y Vicepresidenta de la Naci\u00f3n, en medio de<strong><span>&nbsp;<\/span>aplausos y felicitaciones.<\/strong><\/p>\n<p class=\"\"><strong>Milei y Villarruel fueron el centro de atenci\u00f3n de la tarde<\/strong><span>&nbsp;<\/span>y muchos legisladores de la oposici\u00f3n, especialmente los aliados del PRO, hicieron fila para saludarlos.<\/p>\n<p class=\"\">Los integrantes del actual oficialismo no se acercaron a los libertarios y tampoco lo hicieron los diputados del Frente de Izquierda, que se sientan al lado.<br \/>\nDe acuerdo al escrutinio definitivo que difundi\u00f3 la Justicia Nacional Electoral, en el balotaje particip\u00f3 el 76,32% del padr\u00f3n.<\/p>\n<p class=\"\"><strong>Milei alcanz\u00f3 el 55,65%, es decir, 14.554.560 votos,<\/strong><span>&nbsp;<\/span>mientras que la f\u00f3rmula integrada por los candidatos de Uni\u00f3n por la Patria, Sergio Massa y Agust\u00edn Rossi, cosech\u00f3 el 44,35%, 11.598.720 votos.<\/p>\n<p class=\"\">El libertario asumir\u00e1 como Presidente el pr\u00f3ximo 10 de diciembre, cuando se espera que vuelva al recinto de la C\u00e1mara baja para recibir los atributos de manos del mandatario saliente Alberto Fern\u00e1ndez.<\/p>\n<p>&nbsp;<\/p>\n<div class=\"ubm_banner\"><a href=\"http:\/\/www.cba.gov.ar\/prevencion-incendios\" target=\"_blank\" rel=\"dofollow noopener noreferrer\"><img src=\"http:\/\/hoycordobaweb.com\/wp-content\/uploads\/2023\/11\/la-asamblea-legislativa-proclamo-a-la-formula-presidencial-milei-villarruel.gif\" alt=\"\"><\/a><\/div>\n<\/div>\n<\/div>\n<\/div>\n<\/div>\n<p>La entrada <a rel=\"nofollow\" href=\"https:\/\/ladecimaweb.com\/la-asamblea-legislativa-proclamo-a-la-formula-presidencial-milei-villarruel\/\">La Asamblea Legislativa proclam\u00f3 a la f\u00f3rmula presidencial Milei-Villarruel<\/a> se public\u00f3 primero en <a rel=\"nofollow\" href=\"https:\/\/ladecimaweb.com\">LaDecima<\/a>.<\/p>\n","protected":false},"excerpt":{"rendered":"<p>(NA) La Asamblea Legislativa proclam\u00f3 a la f\u00f3rmula presidencial de La Libertad Avanza (LLA) integrada por Javier Milei y Victoria Villarruel, y se cumpli\u00f3 con el paso formal necesario antes de la jura prevista para el pr\u00f3ximo 10 de diciembre. La vicepresidenta&nbsp;Cristina Kirchner encabez\u00f3 la sesi\u00f3n&nbsp;que tuvo lugar en la C\u00e1mara de Diputados, donde estuvieron [&hellip;]<\/p>\n","protected":false},"author":1,"featured_media":70497,"comment_status":"closed","ping_status":"closed","sticky":false,"template":"","format":"standard","meta":[],"categories":[19],"tags":[],"_links":{"self":[{"href":"http:\/\/hoycordobaweb.com\/index.php\/wp-json\/wp\/v2\/posts\/70496"}],"collection":[{"href":"http:\/\/hoycordobaweb.com\/index.php\/wp-json\/wp\/v2\/posts"}],"about":[{"href":"http:\/\/hoycordobaweb.com\/index.php\/wp-json\/wp\/v2\/types\/post"}],"author":[{"embeddable":true,"href":"http:\/\/hoycordobaweb.com\/index.php\/wp-json\/wp\/v2\/users\/1"}],"replies":[{"embeddable":true,"href":"http:\/\/hoycordobaweb.com\/index.php\/wp-json\/wp\/v2\/comments?post=70496"}],"version-history":[{"count":0,"href":"http:\/\/hoycordobaweb.com\/index.php\/wp-json\/wp\/v2\/posts\/70496\/revisions"}],"wp:featuredmedia":[{"embeddable":true,"href":"http:\/\/hoycordobaweb.com\/index.php\/wp-json\/wp\/v2\/media\/70497"}],"wp:attachment":[{"href":"http:\/\/hoycordobaweb.com\/index.php\/wp-json\/wp\/v2\/media?parent=70496"}],"wp:term":[{"taxonomy":"category","embeddable":true,"href":"http:\/\/hoycordobaweb.com\/index.php\/wp-json\/wp\/v2\/categories?post=70496"},{"taxonomy":"post_tag","embeddable":true,"href":"http:\/\/hoycordobaweb.com\/index.php\/wp-json\/wp\/v2\/tags?post=70496"}],"curies":[{"name":"wp","href":"https:\/\/api.w.org\/{rel}","templated":true}]}}