{"id":70484,"date":"2023-11-28T08:44:00","date_gmt":"2023-11-28T08:44:00","guid":{"rendered":"https:\/\/fm-comunicar.com.ar\/contenido\/20971\/colonia-caroya-hay-nuevas-fechas-para-realizar-el-curso-de-manipulacion-de-alime"},"modified":"2023-11-28T08:44:00","modified_gmt":"2023-11-28T08:44:00","slug":"colonia-caroya-hay-nuevas-fechas-para-realizar-el-curso-de-manipulacion-de-alimentos","status":"publish","type":"post","link":"http:\/\/hoycordobaweb.com\/index.php\/2023\/11\/28\/colonia-caroya-hay-nuevas-fechas-para-realizar-el-curso-de-manipulacion-de-alimentos\/","title":{"rendered":"Colonia Caroya: Hay nuevas fechas para realizar el curso de manipulaci\u00f3n de alimentos"},"content":{"rendered":"<p>La capacitaci\u00f3n ser\u00e1 el lunes 4 y martes 5 de diciembre desde las 9:00 y hasta las 12:00 en ambos d\u00edas, en la Casa de la Historia y la Cultura del Bicentenario. El carnet que se entrega tiene validez nacional.<img src=\"http:\/\/hoycordobaweb.com\/wp-content\/uploads\/2023\/11\/colonia-caroya-hay-nuevas-fechas-para-realizar-el-curso-de-manipulacion-de-alimentos.jpg\"><\/p>\n","protected":false},"excerpt":{"rendered":"<p>La capacitaci\u00f3n ser\u00e1 el lunes 4 y martes 5 de diciembre desde las 9:00 y hasta las 12:00 en ambos d\u00edas, en la Casa de la Historia y la Cultura del Bicentenario. El carnet que se entrega tiene validez nacional.<\/p>\n","protected":false},"author":1,"featured_media":70485,"comment_status":"closed","ping_status":"closed","sticky":false,"template":"","format":"standard","meta":[],"categories":[18],"tags":[],"_links":{"self":[{"href":"http:\/\/hoycordobaweb.com\/index.php\/wp-json\/wp\/v2\/posts\/70484"}],"collection":[{"href":"http:\/\/hoycordobaweb.com\/index.php\/wp-json\/wp\/v2\/posts"}],"about":[{"href":"http:\/\/hoycordobaweb.com\/index.php\/wp-json\/wp\/v2\/types\/post"}],"author":[{"embeddable":true,"href":"http:\/\/hoycordobaweb.com\/index.php\/wp-json\/wp\/v2\/users\/1"}],"replies":[{"embeddable":true,"href":"http:\/\/hoycordobaweb.com\/index.php\/wp-json\/wp\/v2\/comments?post=70484"}],"version-history":[{"count":0,"href":"http:\/\/hoycordobaweb.com\/index.php\/wp-json\/wp\/v2\/posts\/70484\/revisions"}],"wp:featuredmedia":[{"embeddable":true,"href":"http:\/\/hoycordobaweb.com\/index.php\/wp-json\/wp\/v2\/media\/70485"}],"wp:attachment":[{"href":"http:\/\/hoycordobaweb.com\/index.php\/wp-json\/wp\/v2\/media?parent=70484"}],"wp:term":[{"taxonomy":"category","embeddable":true,"href":"http:\/\/hoycordobaweb.com\/index.php\/wp-json\/wp\/v2\/categories?post=70484"},{"taxonomy":"post_tag","embeddable":true,"href":"http:\/\/hoycordobaweb.com\/index.php\/wp-json\/wp\/v2\/tags?post=70484"}],"curies":[{"name":"wp","href":"https:\/\/api.w.org\/{rel}","templated":true}]}}