{"id":70450,"date":"2023-11-29T02:46:45","date_gmt":"2023-11-29T02:46:45","guid":{"rendered":"https:\/\/www.ole.com.ar\/ecuador\/liga-pro\/ministerio-deporte-puede-ayudar-nacional-problema-dirigencia-lucia-vallecilla_0_yhOYHPUoPM.html"},"modified":"2023-11-29T02:46:45","modified_gmt":"2023-11-29T02:46:45","slug":"desde-el-ministerio-del-deporte-aclararon-que-no-pueden-ayudar-a-el-nacional","status":"publish","type":"post","link":"http:\/\/hoycordobaweb.com\/index.php\/2023\/11\/29\/desde-el-ministerio-del-deporte-aclararon-que-no-pueden-ayudar-a-el-nacional\/","title":{"rendered":"Desde el Ministerio del Deporte aclararon que no pueden ayudar a El Nacional"},"content":{"rendered":"<p><img src=\"http:\/\/hoycordobaweb.com\/wp-content\/uploads\/2023\/11\/desde-el-ministerio-del-deporte-aclararon-que-no-pueden-ayudar-a-el-nacional.jpg\"><\/p>\n<p><time class=\"createDate\" datetime=\"2023-11-28T23:46:45-03:00\">28\/11\/2023 23:46hs.<\/time><time class=\"modificatedDate\" datetime=\"2023-11-28T23:46:44-03:00\"><\/time><\/p>\n<div id=\"storyBody\">\n<div class=\"custom-text \" readability=\"35.992574257426\">\n<p>Las \u00faltimas dos semanas han sido muy movidas para <a href=\"https:\/\/www.ole.com.ar\/tema\/el-nacional-de-quito.html\" title=\"El Nacional de Quito\" alt=\"El Nacional de Quito\" class=\"slug\">El Nacional<\/a> luego de que el Ministerio de Deporte les haya comunicado que la directiva encabezada por Luc\u00eda Vallecilla no puede ser inscrita. <strong>Vallecilla hab\u00eda ganado las elecciones de los Puros Criollos hace unas semanas, pero al momento de querer registrar al directorio, el ente gubernamental hizo algunas observaciones que no permiten inscribirlos.<\/strong><\/p>\n<\/div>\n<div class=\"custom-text \" readability=\"37\">\n<p>Hace unos d\u00edas, los Militares fueron notificados. \u00abEl Ministerio del Deporte notific\u00f3 al Club Deportivo El Nacional la no procedencia del registro de su directorio. <strong>Esto debido a que no se solventaron las observaciones emitidas por esta cartera de Estado respecto a su proceso electoral<\/strong>\u00ab, comenz\u00f3 el documento que fue dirigido a Vallecilla.<\/p>\n<\/div>\n<div class=\"custom-text \" readability=\"38\">\n<p>\u00abLas observaciones se refer\u00edan a once puntos espec\u00edficos, los cuales inclu\u00edan, entre las m\u00e1s importantes, <strong>el tratamiento que dio la instancia correspondiente a las apelaciones presentadas con reparos a las elecciones de Directorio<\/strong>\u00ab, continu\u00f3 el resumen.<\/p>\n<\/div>\n<div class=\"custom-text \" readability=\"35\">\n<p>Y cerr\u00f3: \u00ab<strong>El Ministerio del Deporte ha actuado siempre en el marco de la ley respetando la autonom\u00eda de las organizaciones deportivas del f\u00fatbol profesional<\/strong>\u00ab. Este documento fue emitido por el anterior ministro, Sebasti\u00e1n Palacios.<\/p>\n<\/div>\n<div class=\"sc-e7b891c4-0 jPbnQF\"><img alt=\"Luc\u00eda Vallecilla fue reelegida para otro periodo presidencial en El Nacional. (@luciavallecillas)\" src=\"http:\/\/hoycordobaweb.com\/wp-content\/uploads\/2023\/11\/desde-el-ministerio-del-deporte-aclararon-que-no-pueden-ayudar-a-el-nacional-2.jpg\" width=\"720\" height=\"100\" decoding=\"async\" data-nimg=\"future\" loading=\"lazy\"><span class=\"epigraphe\">Luc\u00eda Vallecilla fue reelegida para otro periodo presidencial en El Nacional. (@luciavallecillas)<\/span><\/div>\n<p><h2><strong>El nuevo ministro sigue la l\u00ednea de Palacios<\/strong><\/h2>\n<\/p>\n<div class=\"custom-text \" readability=\"40\">\n<p>Andr\u00e9s Guschmer, flamante ministro del deporte, se refiri\u00f3 en di\u00e1logo con De Una, a la situaci\u00f3n de El Nacional, d\u00e1ndole la raz\u00f3n a la resoluci\u00f3n de Palacios: \u00abHay que remitirse al \u00faltimo comunicado de la anterior directiva del Ministerio del Deporte, en el que informaron que la comisi\u00f3n de asuntos deportivos no recib\u00eda las observaciones que ya hab\u00edan sido solicitadas a la dirigencia que encabeza Luc\u00eda Vallecilla y por ende no pod\u00eda ser registrado el directorio\u00bb.<\/p>\n<\/div>\n<div class=\"custom-text \" readability=\"39\">\n<p>\u00ab<strong>Muchos se preguntan por qu\u00e9 el Ministerio no dice qu\u00e9 tiene que hacer El Nacional. Yo ratifico lo de la comisi\u00f3n de asuntos deportivos y el Ministerio anterior de que quienes tienen que subsanar las observaciones, son la gente de El Nacional.<\/strong> El 22 de noviembre fue informada la se\u00f1ora Vallecilla de las observaciones, mientras no se subsane, el Ministerio no va a poder inscribir la directiva de El Nacional\u00bb, aclar\u00f3.<\/p>\n<\/div>\n<div class=\"sc-e7b891c4-0 jPbnQF\"><img alt=\"El Nacional no puede inscribir a su directiva. (API)\" src=\"http:\/\/hoycordobaweb.com\/wp-content\/uploads\/2023\/11\/desde-el-ministerio-del-deporte-aclararon-que-no-pueden-ayudar-a-el-nacional-3.jpg\" width=\"720\" height=\"100\" decoding=\"async\" data-nimg=\"future\" loading=\"lazy\"><span class=\"epigraphe\">El Nacional no puede inscribir a su directiva. (API)<\/span><\/div>\n<div class=\"custom-text \" readability=\"40\">\n<p>\u00ab<strong>C\u00f3mo deben subsanarlo es un tema interno de ellos, el Ministerio no puede decirle tienen que hacer esto o aquello. Nosotros tenemos la capacidad de hacer que la ley se cumpla<\/strong>. El Nacional contest\u00f3 en primera instancia las observaciones, pero mientras no las arregle no van a poder ser inscrito. Nosotros solicitamos los documentos para que pueda ser registrada, mientras no pase eso, no podemos hacerlo\u00bb, finaliz\u00f3 Guschmer.<\/p>\n<\/div>\n<div class=\"sc-a7166897-0 exHLBh\" readability=\"6\">\n<section readability=\"2\"><picture><img alt=\"Golazo de Jeremy Sarmiento en el West Bromwich\" src=\"http:\/\/hoycordobaweb.com\/wp-content\/uploads\/2023\/11\/desde-el-ministerio-del-deporte-aclararon-que-no-pueden-ayudar-a-el-nacional-4.jpg\" width=\"290\" height=\"290\" decoding=\"async\" data-nimg=\"future\" loading=\"lazy\"><\/picture>\n<p><span>Mir\u00e1 tambi\u00e9n<\/span><\/p>\n<hr>\n<h3>Golazo de Jeremy Sarmiento en el West Bromwich<\/h3>\n<\/p>\n<\/section>\n<\/div>\n<div class=\"sc-a7166897-0 exHLBh\" readability=\"6.5\">\n<section readability=\"3\"><picture><img alt=\"Ezequiel Piovi: &quot;Las finales son partidos aparte, no hay favorito&quot;\" src=\"http:\/\/hoycordobaweb.com\/wp-content\/uploads\/2023\/11\/desde-el-ministerio-del-deporte-aclararon-que-no-pueden-ayudar-a-el-nacional-5.jpg\" width=\"290\" height=\"290\" decoding=\"async\" data-nimg=\"future\" loading=\"lazy\"><\/picture>\n<p><span>Mir\u00e1 tambi\u00e9n<\/span><\/p>\n<hr>\n<h3>Ezequiel Piovi: \u00abLas finales son partidos aparte, no hay favorito\u00bb<\/h3>\n<\/p>\n<\/section>\n<\/div>\n<div class=\"sc-a7166897-0 exHLBh\" readability=\"6\">\n<section readability=\"2\"><picture><img alt=\"Enner Valencia destacado en el Internacional de Porto Alegre\" src=\"http:\/\/hoycordobaweb.com\/wp-content\/uploads\/2023\/11\/desde-el-ministerio-del-deporte-aclararon-que-no-pueden-ayudar-a-el-nacional-6.jpg\" width=\"290\" height=\"290\" decoding=\"async\" data-nimg=\"future\" loading=\"lazy\"><\/picture>\n<p><span>Mir\u00e1 tambi\u00e9n<\/span><\/p>\n<hr>\n<h3>Enner Valencia destacado en el Internacional de Porto Alegre<\/h3>\n<\/p>\n<\/section>\n<\/div>\n<div class=\"sc-a7166897-0 exHLBh\" readability=\"6\">\n<section readability=\"2\"><picture><img alt=\"Confirmado: Barcelona cerrar\u00e1 el a\u00f1o en Latacunga\" src=\"http:\/\/hoycordobaweb.com\/wp-content\/uploads\/2023\/11\/desde-el-ministerio-del-deporte-aclararon-que-no-pueden-ayudar-a-el-nacional-7.jpg\" width=\"290\" height=\"290\" decoding=\"async\" data-nimg=\"future\" loading=\"lazy\"><\/picture>\n<p><span>Mir\u00e1 tambi\u00e9n<\/span><\/p>\n<hr>\n<h3>Confirmado: Barcelona cerrar\u00e1 el a\u00f1o en Latacunga<\/h3>\n<\/p>\n<\/section>\n<\/div>\n<div class=\"sc-a7166897-0 exHLBh\" readability=\"6\">\n<section readability=\"2\"><picture><img alt=\"Anderson Julio mostr\u00f3 su deseo de regresar a Liga de Quito: &quot;Ah\u00ed crec\u00ed&quot;\" src=\"http:\/\/hoycordobaweb.com\/wp-content\/uploads\/2023\/11\/desde-el-ministerio-del-deporte-aclararon-que-no-pueden-ayudar-a-el-nacional-8.jpg\" width=\"290\" height=\"290\" decoding=\"async\" data-nimg=\"future\" loading=\"lazy\"><\/picture>\n<p><span>Mir\u00e1 tambi\u00e9n<\/span><\/p>\n<hr>\n<h3>Anderson Julio mostr\u00f3 su deseo de regresar a Liga de Quito: \u00abAh\u00ed crec\u00ed\u00bb<\/h3>\n<\/p>\n<\/section>\n<\/div>\n<\/div>\n","protected":false},"excerpt":{"rendered":"<p>28\/11\/2023 23:46hs. Las \u00faltimas dos semanas han sido muy movidas para El Nacional luego de que el Ministerio de Deporte les haya comunicado que la directiva encabezada por Luc\u00eda Vallecilla no puede ser inscrita. Vallecilla hab\u00eda ganado las elecciones de los Puros Criollos hace unas semanas, pero al momento de querer registrar al directorio, el [&hellip;]<\/p>\n","protected":false},"author":1,"featured_media":70451,"comment_status":"open","ping_status":"closed","sticky":false,"template":"","format":"standard","meta":[],"categories":[16],"tags":[],"_links":{"self":[{"href":"http:\/\/hoycordobaweb.com\/index.php\/wp-json\/wp\/v2\/posts\/70450"}],"collection":[{"href":"http:\/\/hoycordobaweb.com\/index.php\/wp-json\/wp\/v2\/posts"}],"about":[{"href":"http:\/\/hoycordobaweb.com\/index.php\/wp-json\/wp\/v2\/types\/post"}],"author":[{"embeddable":true,"href":"http:\/\/hoycordobaweb.com\/index.php\/wp-json\/wp\/v2\/users\/1"}],"replies":[{"embeddable":true,"href":"http:\/\/hoycordobaweb.com\/index.php\/wp-json\/wp\/v2\/comments?post=70450"}],"version-history":[{"count":0,"href":"http:\/\/hoycordobaweb.com\/index.php\/wp-json\/wp\/v2\/posts\/70450\/revisions"}],"wp:featuredmedia":[{"embeddable":true,"href":"http:\/\/hoycordobaweb.com\/index.php\/wp-json\/wp\/v2\/media\/70451"}],"wp:attachment":[{"href":"http:\/\/hoycordobaweb.com\/index.php\/wp-json\/wp\/v2\/media?parent=70450"}],"wp:term":[{"taxonomy":"category","embeddable":true,"href":"http:\/\/hoycordobaweb.com\/index.php\/wp-json\/wp\/v2\/categories?post=70450"},{"taxonomy":"post_tag","embeddable":true,"href":"http:\/\/hoycordobaweb.com\/index.php\/wp-json\/wp\/v2\/tags?post=70450"}],"curies":[{"name":"wp","href":"https:\/\/api.w.org\/{rel}","templated":true}]}}