{"id":70436,"date":"2023-11-29T06:28:24","date_gmt":"2023-11-29T06:28:24","guid":{"rendered":"http:\/\/hoycordobaweb.com\/index.php\/2023\/11\/29\/el-empate-entre-barracas-y-argentinos-juniors-culmino-la-copa-de-la-liga-sport\/"},"modified":"2023-11-29T06:28:24","modified_gmt":"2023-11-29T06:28:24","slug":"el-empate-entre-barracas-y-argentinos-juniors-culmino-la-copa-de-la-liga-sport","status":"publish","type":"post","link":"http:\/\/hoycordobaweb.com\/index.php\/2023\/11\/29\/el-empate-entre-barracas-y-argentinos-juniors-culmino-la-copa-de-la-liga-sport\/","title":{"rendered":"El empate entre Barracas y <b>Argentinos<\/b> Juniors culmin\u00f3 la Copa de la Liga &#8211; SPORT"},"content":{"rendered":"<p><b>F\u00fatbol<\/b> Am\u00e9rica &middot; Copa Am\u00e9rica 2016. El empate entre Barracas y <b>Argentinos<\/b> &#8230; La \u00faltima jornada de la fase regular de la Copa de la Liga termin\u00f3 con el&nbsp;&#8230; <\/p>\n","protected":false},"excerpt":{"rendered":"<p>F\u00fatbol Am\u00e9rica &middot; Copa Am\u00e9rica 2016. El empate entre Barracas y Argentinos &#8230; La \u00faltima jornada de la fase regular de la Copa de la Liga termin\u00f3 con el&nbsp;&#8230;<\/p>\n","protected":false},"author":1,"featured_media":0,"comment_status":"closed","ping_status":"closed","sticky":false,"template":"","format":"standard","meta":[],"categories":[22],"tags":[],"_links":{"self":[{"href":"http:\/\/hoycordobaweb.com\/index.php\/wp-json\/wp\/v2\/posts\/70436"}],"collection":[{"href":"http:\/\/hoycordobaweb.com\/index.php\/wp-json\/wp\/v2\/posts"}],"about":[{"href":"http:\/\/hoycordobaweb.com\/index.php\/wp-json\/wp\/v2\/types\/post"}],"author":[{"embeddable":true,"href":"http:\/\/hoycordobaweb.com\/index.php\/wp-json\/wp\/v2\/users\/1"}],"replies":[{"embeddable":true,"href":"http:\/\/hoycordobaweb.com\/index.php\/wp-json\/wp\/v2\/comments?post=70436"}],"version-history":[{"count":0,"href":"http:\/\/hoycordobaweb.com\/index.php\/wp-json\/wp\/v2\/posts\/70436\/revisions"}],"wp:attachment":[{"href":"http:\/\/hoycordobaweb.com\/index.php\/wp-json\/wp\/v2\/media?parent=70436"}],"wp:term":[{"taxonomy":"category","embeddable":true,"href":"http:\/\/hoycordobaweb.com\/index.php\/wp-json\/wp\/v2\/categories?post=70436"},{"taxonomy":"post_tag","embeddable":true,"href":"http:\/\/hoycordobaweb.com\/index.php\/wp-json\/wp\/v2\/tags?post=70436"}],"curies":[{"name":"wp","href":"https:\/\/api.w.org\/{rel}","templated":true}]}}