{"id":70392,"date":"2023-11-27T21:12:56","date_gmt":"2023-11-27T21:12:56","guid":{"rendered":"https:\/\/ladecimaweb.com\/?p=22625"},"modified":"2023-11-27T21:12:56","modified_gmt":"2023-11-27T21:12:56","slug":"el-gallo-de-su-vecina-no-lo-dejaba-dormir-y-le-baleo-la-casa","status":"publish","type":"post","link":"http:\/\/hoycordobaweb.com\/index.php\/2023\/11\/27\/el-gallo-de-su-vecina-no-lo-dejaba-dormir-y-le-baleo-la-casa\/","title":{"rendered":"El gallo de su vecina no lo dejaba dormir y le bale\u00f3 la casa"},"content":{"rendered":"<div class=\"boldgrid-section\">\n<div class=\"container\">\n<div class=\"row\">\n<div class=\"col-md-12 col-xs-12 col-sm-12\">\n<p class=\"\">(NA) Un hombre cansado de que el gallo de su vecina no lo dejara dormir,<strong><span>&nbsp;<\/span>bale\u00f3 su casa con un rifle de aire comprimido, provoc\u00f3 destrozos en la puerta lateral y rompi\u00f3 uno de los vidrios.<\/strong><\/p>\n<p>El ins\u00f3lito caso ocurri\u00f3&nbsp;sobre la calle San Juan, en la ciudad de<a href=\"https:\/\/noticiasargentinas.com\/sociedad\/10-cosas-para-hacer-en-puerto-madryn-la-ciudad-patagonica-de-las-ballenas\" target=\"_blank\" rel=\"noopener noreferrer\"><strong><span>&nbsp;<\/span>Puerto Madryn<\/strong><\/a>, el domingo al mediod\u00eda cuando&nbsp;Franco, apodado<span>&nbsp;<\/span><strong>Pikachu<\/strong>, sali\u00f3 de su casa y enojado arremeti\u00f3 contra su vecina porque el gallo de su pap\u00e1 no lo dejaba dormir la siesta.<\/p>\n<p>Sin embargo, la situaci\u00f3n se sali\u00f3 de control cuando el hombre<span>&nbsp;<\/span><strong>utiliz\u00f3 su rifle de aire comprimido y atac\u00f3 la vivienda de la mujer<\/strong>, donde tambi\u00e9n vive una persona mayor.<\/p>\n<p>A pesar de los destrozos que gener\u00f3,<span>&nbsp;<\/span><strong>no se reportaron heridos<\/strong>, pero s\u00ed el barrio en cuesti\u00f3n se vio sorprendido por el imponente accionar del hombre.&nbsp;<\/p>\n<p><strong>\u201cEst\u00e1bamos limpiando el patio con mi pap\u00e1 antes de las 12. Con nosotros estaba mi sobrina de 1 a\u00f1o.&nbsp;El vecino empez\u00f3 a lanzarnos ladrillos&nbsp;y uno casi impacta contra la nena y tuvimos que meternos r\u00e1pidamente a la casa\u201d<\/strong>, cont\u00f3 la vecina.&nbsp;<\/p>\n<p><strong>\u201cLes va a re caber, panchos, saquen a ese gallo si no lo hago desaparecer\u201d<\/strong>, amenaz\u00f3 el hombre a la mujer y accionar siguiente sac\u00f3 el arma y los apunt\u00f3:<span>&nbsp;<\/span><strong>&#8220;Los voy a matar a todos&#8221;.&nbsp;<\/strong><\/p>\n<p>En la denuncia radicada en la&nbsp;<strong>Comisar\u00eda del Distrito Cuarto&nbsp;<\/strong>relat\u00f3 c\u00f3mo fue el momento desesperante que vivieron:<strong>&nbsp;\u201cMi pap\u00e1 tambi\u00e9n tuvo que ponerse al resguardo ya que se encuentra en tratamiento por un reciente ACV\u201d.<\/strong><\/p>\n<p class=\"\">La v\u00edctima cont\u00f3 que<span>&nbsp;<\/span><strong>el conflicto comenz\u00f3 hace dos meses cuando su vecino denunci\u00f3 a su pap\u00e1 por el animal.<\/strong><span>&nbsp;<\/span>Ante esto, la Justicia fij\u00f3 fecha para que en febrero ambas familias se presenten a una<span>&nbsp;<\/span><strong>mediaci\u00f3n<\/strong>, sin embargo la situaci\u00f3n se sali\u00f3 de control mucho tiempo antes.&nbsp;<\/p>\n<p>Desde un principio la mujer remarc\u00f3 que<span>&nbsp;<\/span><strong>la presencia del animal es con fines terap\u00e9uticos para ayudar a su pap\u00e1 a avanzar con el tratamiento post ACV.&nbsp;<\/strong><\/p>\n<p>Luego de que trascendiera el caso, la Polic\u00eda de Chubut realiz\u00f3 un<span>&nbsp;<\/span><strong>allanamiento<\/strong><span>&nbsp;<\/span>en al vivienda del hombre y<strong>&nbsp;se le secuestr\u00f3 el arma.&nbsp;<\/strong><\/p>\n<p>&nbsp;<\/p>\n<div class=\"ubm_banner\"><a href=\"http:\/\/www.cba.gov.ar\/prevencion-incendios\" target=\"_blank\" rel=\"dofollow noopener noreferrer\"><img src=\"http:\/\/hoycordobaweb.com\/wp-content\/uploads\/2023\/11\/el-gallo-de-su-vecina-no-lo-dejaba-dormir-y-le-baleo-la-casa.gif\" alt=\"\"><\/a><\/div>\n<\/div>\n<\/div>\n<\/div>\n<\/div>\n<p>La entrada <a rel=\"nofollow\" href=\"https:\/\/ladecimaweb.com\/el-gallo-de-su-vecina-no-lo-dejaba-dormir-y-le-baleo-la-casa\/\">El gallo de su vecina no lo dejaba dormir y le bale\u00f3 la casa<\/a> se public\u00f3 primero en <a rel=\"nofollow\" href=\"https:\/\/ladecimaweb.com\">LaDecima<\/a>.<\/p>\n","protected":false},"excerpt":{"rendered":"<p>(NA) Un hombre cansado de que el gallo de su vecina no lo dejara dormir,&nbsp;bale\u00f3 su casa con un rifle de aire comprimido, provoc\u00f3 destrozos en la puerta lateral y rompi\u00f3 uno de los vidrios. El ins\u00f3lito caso ocurri\u00f3&nbsp;sobre la calle San Juan, en la ciudad de&nbsp;Puerto Madryn, el domingo al mediod\u00eda cuando&nbsp;Franco, apodado&nbsp;Pikachu, sali\u00f3 [&hellip;]<\/p>\n","protected":false},"author":1,"featured_media":70393,"comment_status":"closed","ping_status":"closed","sticky":false,"template":"","format":"standard","meta":[],"categories":[19],"tags":[],"_links":{"self":[{"href":"http:\/\/hoycordobaweb.com\/index.php\/wp-json\/wp\/v2\/posts\/70392"}],"collection":[{"href":"http:\/\/hoycordobaweb.com\/index.php\/wp-json\/wp\/v2\/posts"}],"about":[{"href":"http:\/\/hoycordobaweb.com\/index.php\/wp-json\/wp\/v2\/types\/post"}],"author":[{"embeddable":true,"href":"http:\/\/hoycordobaweb.com\/index.php\/wp-json\/wp\/v2\/users\/1"}],"replies":[{"embeddable":true,"href":"http:\/\/hoycordobaweb.com\/index.php\/wp-json\/wp\/v2\/comments?post=70392"}],"version-history":[{"count":0,"href":"http:\/\/hoycordobaweb.com\/index.php\/wp-json\/wp\/v2\/posts\/70392\/revisions"}],"wp:featuredmedia":[{"embeddable":true,"href":"http:\/\/hoycordobaweb.com\/index.php\/wp-json\/wp\/v2\/media\/70393"}],"wp:attachment":[{"href":"http:\/\/hoycordobaweb.com\/index.php\/wp-json\/wp\/v2\/media?parent=70392"}],"wp:term":[{"taxonomy":"category","embeddable":true,"href":"http:\/\/hoycordobaweb.com\/index.php\/wp-json\/wp\/v2\/categories?post=70392"},{"taxonomy":"post_tag","embeddable":true,"href":"http:\/\/hoycordobaweb.com\/index.php\/wp-json\/wp\/v2\/tags?post=70392"}],"curies":[{"name":"wp","href":"https:\/\/api.w.org\/{rel}","templated":true}]}}