{"id":70374,"date":"2023-11-27T10:26:00","date_gmt":"2023-11-27T10:26:00","guid":{"rendered":"http:\/\/hoycordobaweb.com\/index.php\/2023\/11\/27\/riquelme-quieren-privatizar-el-club-usarlo-para-la-politica\/"},"modified":"2023-11-27T10:26:00","modified_gmt":"2023-11-27T10:26:00","slug":"riquelme-quieren-privatizar-el-club-usarlo-para-la-politica","status":"publish","type":"post","link":"http:\/\/hoycordobaweb.com\/index.php\/2023\/11\/27\/riquelme-quieren-privatizar-el-club-usarlo-para-la-politica\/","title":{"rendered":"Riquelme: \u00abQuieren privatizar el club, usarlo para la pol\u00edtica\u00bb"},"content":{"rendered":"<p><img src=\"http:\/\/hoycordobaweb.com\/wp-content\/uploads\/2023\/11\/riquelme-quieren-privatizar-el-club-usarlo-para-la-politica.jpg\"><\/p>\n<figure class=\"mb-3\"><img loading=\"lazy\" data-src=\"http:\/\/hoycordobaweb.com\/wp-content\/uploads\/2023\/11\/riquelme-quieren-privatizar-el-club-usarlo-para-la-politica-2.jpg\" src=\"https:\/\/www.telam.com.ar\/assets\/img\/not_image.png\" class=\" lazy \" width=\"100%\" height=\"100%\" alt=\"Foto Cris Sille\"><figcaption> Foto: Cris Sille. <\/figcaption><\/figure>\n<p>El vicepresidente de Boca, Juan Rom\u00e1n Riquelme, y candidato a presidente en las elecciones del club del pr\u00f3ximo 3 de diciembre se manifest\u00f3 muy duro contra la f\u00f3rmula opositora de Andr\u00e9s Ibarra y Mauricio Macri, al acusarla de querer \u00abvender el estadio a 4 extranjeros, porque quieren privatizar el club, usarlo para la pol\u00edtica\u00bb.<\/p>\n<p>\u00ab<strong>Es triste lo que esta pasando, es f\u00fatbol. Que otros quieran usarlo para la pol\u00edtica. No me meto en la pol\u00edtica. Amo el escudo<\/strong>, la camiseta y a los hinchas\u00bb, dijo Riquelme en Mendoza antes del partido con Godoy Cruz.<\/p>\n<p>Despu\u00e9s habl\u00f3 del cambio de fecha del s\u00e1bado 2 al domingo 3 de diciembre por orden judicial por celebrase ese d\u00eda una fiesta de la religi\u00f3n jud\u00eda (el Shabat) y los socios de esa colectividad no podr\u00edan ir a votar:<\/p>\n<p><strong>\u00abUsaron a tres personas que luego admitieron que nunca denunciaron nada. Esto es muy grave. Lo que intenta esta gente es que los socios no vayan a votar. \u00bfPorque pusimos el s\u00e1bado 2? Para que la gente del interior pueda venir a votar. Y luego lleguen a su casa el domingo y el lunes vayan a trabajar. Y esta gente que esta enfrente no le interesa. Lo \u00fanico que quieren es que no vengan a votar, porque no son hinchas de Boca<\/strong>\u00ab, acus\u00f3.<\/p>\n<p>\u00abVeremos si ma\u00f1ana o pasado meten otra excusa para suspender a m\u00e1s socios. Se est\u00e1n metiendo con lo m\u00e1s sagrado que son los hinchas\u00bb, resalt\u00f3<\/p>\n<p>Luego habl\u00f3 de las palabras del s\u00e1bado de Mart\u00edn Palermo confirmando que dirigir\u00e1 Boca en 2024 si gana la dupla opositora: \u00abEstamos agradecidos con \u00e9l, pero puede hacer de su vida lo que quiera. Le tengo mucho cari\u00f1o, hemos sido compa\u00f1eros, disfrutamos mucho.&nbsp;<strong>Cada uno tiene una forma de vivir y yo estoy feliz con la m\u00eda\u00bb.<\/strong><\/p>\n<p>Respecto del futuro entrenador \u00abxeneize\u00bb, en caso de que gane las elecciones coment\u00f3: \u00ab<strong>Cuando ganemos nosotros, al d\u00eda siguiente anunciaremos el t\u00e9cnico, as\u00ed como lo hicimos hace 4 a\u00f1os cuando anunciamos la llegada de Miguel \u00c1ngel Russo<\/strong>\u00ab, afirm\u00f3.<\/p>\n<p>Por \u00faltimo, habl\u00f3 de la reforma de la Bombonera: \u00abVamos a preguntarle a nuestros vecinos uno por uno si quieren vender, y si dicen que s\u00ed, la agrandaremos. Si uno dice no, lo invitaremos a nuestro estadio y vamos a tratar de hacer la Bombonera nueva como la tenemos, donde est\u00e1\u00bb cerr\u00f3 Rom\u00e1n. <\/p>\n","protected":false},"excerpt":{"rendered":"<p>Foto: Cris Sille. El vicepresidente de Boca, Juan Rom\u00e1n Riquelme, y candidato a presidente en las elecciones del club del pr\u00f3ximo 3 de diciembre se manifest\u00f3 muy duro contra la f\u00f3rmula opositora de Andr\u00e9s Ibarra y Mauricio Macri, al acusarla de querer \u00abvender el estadio a 4 extranjeros, porque quieren privatizar el club, usarlo para [&hellip;]<\/p>\n","protected":false},"author":1,"featured_media":70375,"comment_status":"open","ping_status":"closed","sticky":false,"template":"","format":"standard","meta":[],"categories":[16],"tags":[],"_links":{"self":[{"href":"http:\/\/hoycordobaweb.com\/index.php\/wp-json\/wp\/v2\/posts\/70374"}],"collection":[{"href":"http:\/\/hoycordobaweb.com\/index.php\/wp-json\/wp\/v2\/posts"}],"about":[{"href":"http:\/\/hoycordobaweb.com\/index.php\/wp-json\/wp\/v2\/types\/post"}],"author":[{"embeddable":true,"href":"http:\/\/hoycordobaweb.com\/index.php\/wp-json\/wp\/v2\/users\/1"}],"replies":[{"embeddable":true,"href":"http:\/\/hoycordobaweb.com\/index.php\/wp-json\/wp\/v2\/comments?post=70374"}],"version-history":[{"count":0,"href":"http:\/\/hoycordobaweb.com\/index.php\/wp-json\/wp\/v2\/posts\/70374\/revisions"}],"wp:featuredmedia":[{"embeddable":true,"href":"http:\/\/hoycordobaweb.com\/index.php\/wp-json\/wp\/v2\/media\/70375"}],"wp:attachment":[{"href":"http:\/\/hoycordobaweb.com\/index.php\/wp-json\/wp\/v2\/media?parent=70374"}],"wp:term":[{"taxonomy":"category","embeddable":true,"href":"http:\/\/hoycordobaweb.com\/index.php\/wp-json\/wp\/v2\/categories?post=70374"},{"taxonomy":"post_tag","embeddable":true,"href":"http:\/\/hoycordobaweb.com\/index.php\/wp-json\/wp\/v2\/tags?post=70374"}],"curies":[{"name":"wp","href":"https:\/\/api.w.org\/{rel}","templated":true}]}}