{"id":70350,"date":"2023-11-27T03:06:58","date_gmt":"2023-11-27T03:06:58","guid":{"rendered":"https:\/\/www.ole.com.ar\/ecuador\/liga-pro\/hernan-torres-emelec-rueda-prensa-gualaceo-ligapro_0_Xu6jqf4vBi.html"},"modified":"2023-11-27T03:06:58","modified_gmt":"2023-11-27T03:06:58","slug":"hernan-torres-hemos-estado-bregando-y-luchando-para-sacar-adelante-las-cosas","status":"publish","type":"post","link":"http:\/\/hoycordobaweb.com\/index.php\/2023\/11\/27\/hernan-torres-hemos-estado-bregando-y-luchando-para-sacar-adelante-las-cosas\/","title":{"rendered":"Hern\u00e1n Torres: \u00abHemos estado bregando y luchando para sacar adelante las cosas\u00bb"},"content":{"rendered":"<p><img src=\"http:\/\/hoycordobaweb.com\/wp-content\/uploads\/2023\/11\/hernan-torres-hemos-estado-bregando-y-luchando-para-sacar-adelante-las-cosas.jpg\"><\/p>\n<div><img src=\"http:\/\/hoycordobaweb.com\/wp-content\/uploads\/2023\/11\/hernan-torres-hemos-estado-bregando-y-luchando-para-sacar-adelante-las-cosas.jpg\" class=\"ff-og-image-inserted\"><\/div>\n<div readability=\"37\">\n<p><strong>El entrenador de Emelec, Hern\u00e1n Torres, habl\u00f3 tras el triunfo 2-0 ante Gualaceo en condici\u00f3n de visitante<\/strong>. Aunque ya no sirvi\u00f3 de nada porque con los resultados del d\u00eda s\u00e1bado (empate de Orense y victoria de Deportivo Cuenca), el Bombillo qued\u00f3 fuera de Copa Sudamericana 2024.<\/p>\n<\/div>\n<div readability=\"34\">\n<p><strong>El colombiano lament\u00f3 no haber peleado la Fase 2 del torneo ni haber avanzado m\u00e1s en Copa Sudamericana.<\/strong> Pero record\u00f3 la situaci\u00f3n en la que lleg\u00f3 al club y destac\u00f3 la labor que han hecho todos los que conforman el equipo para alcanzar una regularidad. <\/p>\n<\/div>\n<div readability=\"35\">\n<p>\u00abA mi no me dijeron que esto ser\u00eda f\u00e1cil. <strong>C\u00f3mo tal afronte el reto y he tratado de poner el pecho a las balas a este reto con todos los jugadores y con la parte administrativa en la cabeza a su presidente<\/strong>. Hemos estado bregando y luchando sacando adelante las cosas\u00bb, dijo Torres.<\/p>\n<\/div>\n<div readability=\"36\">\n<p>\u00abS\u00ed nos falt\u00f3 avanzar en la Copa Sudamericana, nos falt\u00f3 estar peleando la segunda fase, <strong>pero creo que el equipo ha conseguido una regularidad importante y eso nos da tranquilidad<\/strong>\u00ab, agreg\u00f3. <\/p>\n<\/div>\n","protected":false},"excerpt":{"rendered":"<p>El entrenador de Emelec, Hern\u00e1n Torres, habl\u00f3 tras el triunfo 2-0 ante Gualaceo en condici\u00f3n de visitante. Aunque ya no sirvi\u00f3 de nada porque con los resultados del d\u00eda s\u00e1bado (empate de Orense y victoria de Deportivo Cuenca), el Bombillo qued\u00f3 fuera de Copa Sudamericana 2024. El colombiano lament\u00f3 no haber peleado la Fase 2 [&hellip;]<\/p>\n","protected":false},"author":1,"featured_media":70351,"comment_status":"open","ping_status":"closed","sticky":false,"template":"","format":"standard","meta":[],"categories":[16],"tags":[],"_links":{"self":[{"href":"http:\/\/hoycordobaweb.com\/index.php\/wp-json\/wp\/v2\/posts\/70350"}],"collection":[{"href":"http:\/\/hoycordobaweb.com\/index.php\/wp-json\/wp\/v2\/posts"}],"about":[{"href":"http:\/\/hoycordobaweb.com\/index.php\/wp-json\/wp\/v2\/types\/post"}],"author":[{"embeddable":true,"href":"http:\/\/hoycordobaweb.com\/index.php\/wp-json\/wp\/v2\/users\/1"}],"replies":[{"embeddable":true,"href":"http:\/\/hoycordobaweb.com\/index.php\/wp-json\/wp\/v2\/comments?post=70350"}],"version-history":[{"count":0,"href":"http:\/\/hoycordobaweb.com\/index.php\/wp-json\/wp\/v2\/posts\/70350\/revisions"}],"wp:featuredmedia":[{"embeddable":true,"href":"http:\/\/hoycordobaweb.com\/index.php\/wp-json\/wp\/v2\/media\/70351"}],"wp:attachment":[{"href":"http:\/\/hoycordobaweb.com\/index.php\/wp-json\/wp\/v2\/media?parent=70350"}],"wp:term":[{"taxonomy":"category","embeddable":true,"href":"http:\/\/hoycordobaweb.com\/index.php\/wp-json\/wp\/v2\/categories?post=70350"},{"taxonomy":"post_tag","embeddable":true,"href":"http:\/\/hoycordobaweb.com\/index.php\/wp-json\/wp\/v2\/tags?post=70350"}],"curies":[{"name":"wp","href":"https:\/\/api.w.org\/{rel}","templated":true}]}}