{"id":70341,"date":"2023-11-26T22:04:24","date_gmt":"2023-11-26T22:04:24","guid":{"rendered":"https:\/\/ladecimaweb.com\/?p=22600"},"modified":"2023-11-26T22:04:24","modified_gmt":"2023-11-26T22:04:24","slug":"academia-de-vel-se-destaca-en-competencia-nacional","status":"publish","type":"post","link":"http:\/\/hoycordobaweb.com\/index.php\/2023\/11\/26\/academia-de-vel-se-destaca-en-competencia-nacional\/","title":{"rendered":"Academia de VEL se destaca en competencia nacional"},"content":{"rendered":"<div class=\"boldgrid-section\">\n<div class=\"container\">\n<div class=\"row\">\n<div class=\"col-md-12 col-xs-12 col-sm-12\">\n<p>Una academia de danza urbana de Villa El Libertador obtuvo una actuaci\u00f3n destacada este fin de semana en Buenos Aires.&nbsp;<\/p>\n<p class=\"\">Se trata de la academia Studio Be Dancer, a cargo de la directora y profesora Paloma Heredia.&nbsp;<\/p>\n<p class=\"\"><img loading=\"lazy\" class=\"alignnone wp-image-22603\" src=\"http:\/\/hoycordobaweb.com\/wp-content\/uploads\/2023\/11\/academia-de-vel-se-destaca-en-competencia-nacional.jpg\" alt=\"\" width=\"234\" height=\"319\" srcset=\"http:\/\/hoycordobaweb.com\/wp-content\/uploads\/2023\/11\/academia-de-vel-se-destaca-en-competencia-nacional.jpg 720w, http:\/\/hoycordobaweb.com\/wp-content\/uploads\/2023\/11\/academia-de-vel-se-destaca-en-competencia-nacional-2.jpg 327w\" sizes=\"(max-width: 234px) 100vw, 234px\" \/><\/p>\n<p class=\"\">Los alumnos de la academia, representando a C\u00f3rdoba, obtuvo distintos premios en varias categor\u00edas en la final DANCE WORLD CUP LATINO AMERICA desarrollada en Tigre (Buenos Aires) Por ejemplo, result\u00f3 la &#8220;academia destacada&#8221;.&nbsp;<\/p>\n<p class=\"\">De este modo, las bailarinas del barrio se posicionaron excelentemente de cara al campeonato que se estar\u00e1 disputando en Brasil, Estados Unidos y Rep\u00fablica Checa.<\/p>\n<p class=\"\"><img loading=\"lazy\" class=\"alignnone wp-image-22601\" src=\"http:\/\/hoycordobaweb.com\/wp-content\/uploads\/2023\/11\/academia-de-vel-se-destaca-en-competencia-nacional-1.jpg\" alt=\"\" width=\"250\" height=\"445\" srcset=\"http:\/\/hoycordobaweb.com\/wp-content\/uploads\/2023\/11\/academia-de-vel-se-destaca-en-competencia-nacional-3.jpg 720w, http:\/\/hoycordobaweb.com\/wp-content\/uploads\/2023\/11\/academia-de-vel-se-destaca-en-competencia-nacional-4.jpg 250w\" sizes=\"(max-width: 250px) 100vw, 250px\" \/><\/p>\n<p class=\"\">&#8220;Nuestros corazones estallan de felicidad ya que somos una academia de un barrio popular y todo este esfuerzo que hacemos los papas junto con la academia es a pulm\u00f3n, por eso la alegr\u00eda que se vive es doble&#8221;, describe Ver\u00f3nica Villegas, mam\u00e1 de Danyely Aimara V\u00e1zquez, alumna de la academia.&nbsp;<\/p>\n<p class=\"\">&nbsp;<\/p>\n<p class=\"\">\n<div class=\"ubm_banner\"><a href=\"http:\/\/www.cba.gov.ar\/prevencion-incendios\" target=\"_blank\" rel=\"dofollow noopener noreferrer\"><img src=\"http:\/\/hoycordobaweb.com\/wp-content\/uploads\/2023\/11\/academia-de-vel-se-destaca-en-competencia-nacional.gif\" alt=\"\"><\/a><\/div>\n<\/div>\n<\/div>\n<\/div>\n<\/div>\n<p>La entrada <a rel=\"nofollow\" href=\"https:\/\/ladecimaweb.com\/academia-de-vel-se-destaca-en-competencia-nacional\/\">Academia de VEL se destaca en competencia nacional<\/a> se public\u00f3 primero en <a rel=\"nofollow\" href=\"https:\/\/ladecimaweb.com\">LaDecima<\/a>.<\/p>\n","protected":false},"excerpt":{"rendered":"<p>Una academia de danza urbana de Villa El Libertador obtuvo una actuaci\u00f3n destacada este fin de semana en Buenos Aires.&nbsp; Se trata de la academia Studio Be Dancer, a cargo de la directora y profesora Paloma Heredia.&nbsp; Los alumnos de la academia, representando a C\u00f3rdoba, obtuvo distintos premios en varias categor\u00edas en la final DANCE [&hellip;]<\/p>\n","protected":false},"author":1,"featured_media":70342,"comment_status":"closed","ping_status":"closed","sticky":false,"template":"","format":"standard","meta":[],"categories":[19],"tags":[],"_links":{"self":[{"href":"http:\/\/hoycordobaweb.com\/index.php\/wp-json\/wp\/v2\/posts\/70341"}],"collection":[{"href":"http:\/\/hoycordobaweb.com\/index.php\/wp-json\/wp\/v2\/posts"}],"about":[{"href":"http:\/\/hoycordobaweb.com\/index.php\/wp-json\/wp\/v2\/types\/post"}],"author":[{"embeddable":true,"href":"http:\/\/hoycordobaweb.com\/index.php\/wp-json\/wp\/v2\/users\/1"}],"replies":[{"embeddable":true,"href":"http:\/\/hoycordobaweb.com\/index.php\/wp-json\/wp\/v2\/comments?post=70341"}],"version-history":[{"count":0,"href":"http:\/\/hoycordobaweb.com\/index.php\/wp-json\/wp\/v2\/posts\/70341\/revisions"}],"wp:featuredmedia":[{"embeddable":true,"href":"http:\/\/hoycordobaweb.com\/index.php\/wp-json\/wp\/v2\/media\/70342"}],"wp:attachment":[{"href":"http:\/\/hoycordobaweb.com\/index.php\/wp-json\/wp\/v2\/media?parent=70341"}],"wp:term":[{"taxonomy":"category","embeddable":true,"href":"http:\/\/hoycordobaweb.com\/index.php\/wp-json\/wp\/v2\/categories?post=70341"},{"taxonomy":"post_tag","embeddable":true,"href":"http:\/\/hoycordobaweb.com\/index.php\/wp-json\/wp\/v2\/tags?post=70341"}],"curies":[{"name":"wp","href":"https:\/\/api.w.org\/{rel}","templated":true}]}}