{"id":70306,"date":"2023-11-25T23:11:23","date_gmt":"2023-11-25T23:11:23","guid":{"rendered":"https:\/\/www.ole.com.ar\/futbol-internacional\/mauro-icardi-real-madrid-galtasaray-representante_0_Q63FIVcXMi.html"},"modified":"2023-11-25T23:11:23","modified_gmt":"2023-11-25T23:11:23","slug":"bombazo-del-repre-de-icardi-estamos-hablando-con-el-real-madrid","status":"publish","type":"post","link":"http:\/\/hoycordobaweb.com\/index.php\/2023\/11\/25\/bombazo-del-repre-de-icardi-estamos-hablando-con-el-real-madrid\/","title":{"rendered":"Bombazo del repre de Icardi: \u00abEstamos hablando con el Real Madrid&#8230;\u00bb"},"content":{"rendered":"<p><img src=\"http:\/\/hoycordobaweb.com\/wp-content\/uploads\/2023\/11\/bombazo-del-repre-de-icardi-estamos-hablando-con-el-real-madrid.jpg\"><\/p>\n<p><time class=\"createDate\" datetime=\"2023-11-25T20:11:23-03:00\">25\/11\/2023 20:11hs.<\/time><time class=\"modificatedDate\" datetime=\"2023-11-25T20:11:23-03:00\"><\/time><\/p>\n<div id=\"storyBody\">\n<div class=\"custom-text \" readability=\"13\">\n<p>En las \u00faltimas horas, desde Espa\u00f1a trascendi\u00f3 que<strong> el Real Madrid estar\u00eda en busca de un 9 de \u00e1rea y que el nombre apuntado ser\u00eda Mauro Icardi<\/strong>. Se podr\u00eda haber tomado como un rumor. Sin embargo, luego de que el argentino convirtiera un tanto en el 4-0 del Galatasaray sobre Alanyaspor, <strong>el propio agente del rosario sali\u00f3 a confirmar el inter\u00e9s de la Casa Blanca<\/strong>. \u00bfQu\u00e9 dijo?<\/p>\n<\/div>\n<p><h2><strong><em>Icardi, en charlas con el Real Madrid<\/em><\/strong><\/h2>\n<\/p>\n<div class=\"custom-text \" readability=\"15\">\n<p>En medio de la urgente necesidad de reforzar su delantera tras la inesperada partida de Karim Benzema, la baja por lesi\u00f3n de Vinicius y el pobre nivel de Joselu, el Real Madrid podr\u00eda estar considerando seriamente la incorporaci\u00f3n de Icardi. Seg\u00fan su agente, Elio Letterio Pino, las conversaciones est\u00e1n en curso. \u00ab<strong>Estoy en Madrid ahora mismo. El Real Madrid no ha hecho ninguna oferta por Icardi. Todav\u00eda no han hecho una oferta oficial. Pero estamos hablando con los responsables del club<\/strong>\u00ab, afirm\u00f3.<\/p>\n<\/div>\n<div class=\"custom-text \" readability=\"13\">\n<p>Actualmente, <strong>Icardi brilla en las filas del Galatasaray,<\/strong> donde se ha convertido en referente tras un espectacular rendimiento. Con 38 goles en 46 partidos desde su llegada al club turco, su agente revel\u00f3 que estar\u00eda viajando a Estambul para reunirse con los directivos del Galatasaray y presenciar el crucial partido de la Champions entre Galatasaray y Manchester United.<\/p>\n<\/div>\n<div class=\"custom-text \" readability=\"14\">\n<p>A pesar de que la prensa espa\u00f1ola sugiere que <strong>el traspaso de Icardi no representar\u00eda una carga financiera<\/strong> <strong>significativa <\/strong>para el Merengue, tas\u00e1ndolo en<strong> 20 millones de euros<\/strong>, Pino mantiene cautela. \u00abNo puedo decir nada m\u00e1s por ahora\u00bb, aclar\u00f3. Cabe destacar que Icardi, actualmente con contrato hasta junio de 2026 en Turqu\u00eda.<\/p>\n<\/div>\n<div class=\"custom-text \" readability=\"16\">\n<p>A pesar de las declaraciones de Ancelotti a principios de mes, indicando que no realizar\u00edan movimientos en el mercado de invierno, las palabras de Elio Letterio Pino abren la puerta a la especulaci\u00f3n sobre un posible fichaje. <strong>\u00abNo creo que hagamos nada en invierno. En verano, ojal\u00e1 hagamos algo. Es broma, lo vamos a hacer\u00bb, expres\u00f3 Ancelotti<\/strong>. Mientras tanto, los hinchas madridistas aguardan con expectaci\u00f3n el desenlace de las negociaciones entre el club blanco y el representante de Mauro.<\/p>\n<\/div>\n<div class=\"sc-e7b891c4-0 jPbnQF\"><img alt=\"Galatasaray's Mauro Icardi celebrates after scoring his side's first goal during a Champions League group A soccer match between Galatasaray and Bayer Munich in Istanbul, Tuesday, Oct. 24, 2023. Bayer won 3-1. (Yusuf Dursun\/Dia Images via AP)\" src=\"http:\/\/hoycordobaweb.com\/wp-content\/uploads\/2023\/11\/bombazo-del-repre-de-icardi-estamos-hablando-con-el-real-madrid-2.jpg\" width=\"720\" height=\"100\" decoding=\"async\" data-nimg=\"future\" loading=\"lazy\"><span class=\"epigraphe\">Galatasaray&#8217;s Mauro Icardi celebrates after scoring his side&#8217;s first goal during a Champions League group A soccer match between Galatasaray and Bayer Munich in Istanbul, Tuesday, Oct. 24, 2023. Bayer won 3-1. (Yusuf Dursun\/Dia Images via AP)<\/span><\/div>\n<p><h2><strong><em>Los goles de Icardi vs. Bayern y Manchester United<\/em><\/strong><\/h2>\n<\/p>\n<div type=\"embed\" class=\"sc-7ce6049-0 dwIKul\">\n<div class=\"sc-7ce6049-1 bdcBBS videoText\" id=\"contentTitleembed85fAvpHV\" type=\"embed\" readability=\"6\"><svg fill=\"#ffffff\"><symbol id=\"play\" viewBox=\"0 0 512 512\"><path d=\"M512 256C512 397.4 397.4 512 256 512C114.6 512 0 397.4 0 256C0 114.6 114.6 0 256 0C397.4 0 512 114.6 512 256zM176 168V344C176 352.7 180.7 360.7 188.3 364.9C195.8 369.2 205.1 369 212.5 364.5L356.5 276.5C363.6 272.1 368 264.4 368 256C368 247.6 363.6 239.9 356.5 235.5L212.5 147.5C205.1 142.1 195.8 142.8 188.3 147.1C180.7 151.3 176 159.3 176 168V168z\" \/><\/symbol><use xlink:href=\"#play\" \/><\/svg><\/p>\n<div class=\"right\" readability=\"7\">\n<p>Mauro Icardi<!-- --> &#8211;<!-- --> <span>25-11-2023<\/span><\/p>\n<h2 class=\"title-vid\">Icardi la meti\u00f3 de penal con vaselina<\/h2>\n<\/div>\n<\/div>\n<p><span class=\"back\" id=\"spanBackembed85fAvpHV\"><\/span><\/div>\n<div type=\"embed\" class=\"sc-7ce6049-0 dwIKul\">\n<div class=\"sc-7ce6049-1 bdcBBS videoText\" id=\"contentTitleembedZgbA4Ysf\" type=\"embed\" readability=\"6\"><svg fill=\"#ffffff\"><symbol id=\"play\" viewBox=\"0 0 512 512\"><path d=\"M512 256C512 397.4 397.4 512 256 512C114.6 512 0 397.4 0 256C0 114.6 114.6 0 256 0C397.4 0 512 114.6 512 256zM176 168V344C176 352.7 180.7 360.7 188.3 364.9C195.8 369.2 205.1 369 212.5 364.5L356.5 276.5C363.6 272.1 368 264.4 368 256C368 247.6 363.6 239.9 356.5 235.5L212.5 147.5C205.1 142.1 195.8 142.8 188.3 147.1C180.7 151.3 176 159.3 176 168V168z\" \/><\/symbol><use xlink:href=\"#play\" \/><\/svg><\/p>\n<div class=\"right\" readability=\"7\">\n<p>Mauro Icardi<!-- --> &#8211;<!-- --> <span>25-11-2023<\/span><\/p>\n<h2 class=\"title-vid\">Icardi: del penal errado al 3-2 ante el United<\/h2>\n<\/div>\n<\/div>\n<p><span class=\"back\" id=\"spanBackembedZgbA4Ysf\"><\/span><\/div>\n<\/div>\n","protected":false},"excerpt":{"rendered":"<p>25\/11\/2023 20:11hs. En las \u00faltimas horas, desde Espa\u00f1a trascendi\u00f3 que el Real Madrid estar\u00eda en busca de un 9 de \u00e1rea y que el nombre apuntado ser\u00eda Mauro Icardi. Se podr\u00eda haber tomado como un rumor. Sin embargo, luego de que el argentino convirtiera un tanto en el 4-0 del Galatasaray sobre Alanyaspor, el propio [&hellip;]<\/p>\n","protected":false},"author":1,"featured_media":70307,"comment_status":"open","ping_status":"closed","sticky":false,"template":"","format":"standard","meta":[],"categories":[16],"tags":[],"_links":{"self":[{"href":"http:\/\/hoycordobaweb.com\/index.php\/wp-json\/wp\/v2\/posts\/70306"}],"collection":[{"href":"http:\/\/hoycordobaweb.com\/index.php\/wp-json\/wp\/v2\/posts"}],"about":[{"href":"http:\/\/hoycordobaweb.com\/index.php\/wp-json\/wp\/v2\/types\/post"}],"author":[{"embeddable":true,"href":"http:\/\/hoycordobaweb.com\/index.php\/wp-json\/wp\/v2\/users\/1"}],"replies":[{"embeddable":true,"href":"http:\/\/hoycordobaweb.com\/index.php\/wp-json\/wp\/v2\/comments?post=70306"}],"version-history":[{"count":0,"href":"http:\/\/hoycordobaweb.com\/index.php\/wp-json\/wp\/v2\/posts\/70306\/revisions"}],"wp:featuredmedia":[{"embeddable":true,"href":"http:\/\/hoycordobaweb.com\/index.php\/wp-json\/wp\/v2\/media\/70307"}],"wp:attachment":[{"href":"http:\/\/hoycordobaweb.com\/index.php\/wp-json\/wp\/v2\/media?parent=70306"}],"wp:term":[{"taxonomy":"category","embeddable":true,"href":"http:\/\/hoycordobaweb.com\/index.php\/wp-json\/wp\/v2\/categories?post=70306"},{"taxonomy":"post_tag","embeddable":true,"href":"http:\/\/hoycordobaweb.com\/index.php\/wp-json\/wp\/v2\/tags?post=70306"}],"curies":[{"name":"wp","href":"https:\/\/api.w.org\/{rel}","templated":true}]}}