{"id":70276,"date":"2023-11-24T12:50:32","date_gmt":"2023-11-24T12:50:32","guid":{"rendered":"https:\/\/fono.fcm.unc.edu.ar\/?p=11430"},"modified":"2023-11-24T12:50:32","modified_gmt":"2023-11-24T12:50:32","slug":"60-aniversario-informacion-importante-asueto-administrativo","status":"publish","type":"post","link":"http:\/\/hoycordobaweb.com\/index.php\/2023\/11\/24\/60-aniversario-informacion-importante-asueto-administrativo\/","title":{"rendered":"60\u00b0 Aniversario \u2013 Informaci\u00f3n importante: asueto administrativo"},"content":{"rendered":"<h2 class=\"fusion-post-title\">60\u00b0 Aniversario \u2013 Informaci\u00f3n importante: asueto administrativo<\/h2>\n<div class=\"post-content\" readability=\"39\">\n<p><img loading=\"lazy\" class=\"alignright size-fusion-400 wp-image-11435\" src=\"https:\/\/fono.fcm.unc.edu.ar\/wp-content\/uploads\/sites\/14\/2023\/11\/asueto-400x399.jpg\" alt width=\"400\" height=\"399\" srcset=\"https:\/\/fono.fcm.unc.edu.ar\/wp-content\/uploads\/sites\/14\/2023\/11\/asueto-66x66.jpg 66w, https:\/\/fono.fcm.unc.edu.ar\/wp-content\/uploads\/sites\/14\/2023\/11\/asueto-150x150.jpg 150w, https:\/\/fono.fcm.unc.edu.ar\/wp-content\/uploads\/sites\/14\/2023\/11\/asueto-200x199.jpg 200w, https:\/\/fono.fcm.unc.edu.ar\/wp-content\/uploads\/sites\/14\/2023\/11\/asueto-300x300.jpg 300w, https:\/\/fono.fcm.unc.edu.ar\/wp-content\/uploads\/sites\/14\/2023\/11\/asueto-400x399.jpg 400w, https:\/\/fono.fcm.unc.edu.ar\/wp-content\/uploads\/sites\/14\/2023\/11\/asueto-600x598.jpg 600w, https:\/\/fono.fcm.unc.edu.ar\/wp-content\/uploads\/sites\/14\/2023\/11\/asueto-768x766.jpg 768w, https:\/\/fono.fcm.unc.edu.ar\/wp-content\/uploads\/sites\/14\/2023\/11\/asueto-800x798.jpg 800w, https:\/\/fono.fcm.unc.edu.ar\/wp-content\/uploads\/sites\/14\/2023\/11\/asueto-1024x1021.jpg 1024w, https:\/\/fono.fcm.unc.edu.ar\/wp-content\/uploads\/sites\/14\/2023\/11\/asueto.jpg 1080w\" sizes=\"(max-width: 400px) 100vw, 400px\">Con motivo del D\u00eda de las y los Trabajadores Nodocentes, el viernes 24 de noviembre&nbsp; habr\u00e1 asueto administrativo en la Escuela de Fonoaudiolog\u00eda.<\/p>\n<p>Seg\u00fan Resoluci\u00f3n Rectoral el Rector de la UNC resolvi\u00f3 otorgar asueto administrativo el d\u00eda 24 de noviembre, debi\u00e9ndose tomar las medidas necesarias para no afectar la recepci\u00f3n de ex\u00e1menes previstos.<\/p>\n<\/p><\/div>\n","protected":false},"excerpt":{"rendered":"<p>60\u00b0 Aniversario \u2013 Informaci\u00f3n importante: asueto administrativo Con motivo del D\u00eda de las y los Trabajadores Nodocentes, el viernes 24 de noviembre&nbsp; habr\u00e1 asueto administrativo en la Escuela de Fonoaudiolog\u00eda. Seg\u00fan Resoluci\u00f3n Rectoral el Rector de la UNC resolvi\u00f3 otorgar asueto administrativo el d\u00eda 24 de noviembre, debi\u00e9ndose tomar las medidas necesarias para no afectar [&hellip;]<\/p>\n","protected":false},"author":1,"featured_media":0,"comment_status":"closed","ping_status":"closed","sticky":false,"template":"","format":"standard","meta":[],"categories":[1],"tags":[],"_links":{"self":[{"href":"http:\/\/hoycordobaweb.com\/index.php\/wp-json\/wp\/v2\/posts\/70276"}],"collection":[{"href":"http:\/\/hoycordobaweb.com\/index.php\/wp-json\/wp\/v2\/posts"}],"about":[{"href":"http:\/\/hoycordobaweb.com\/index.php\/wp-json\/wp\/v2\/types\/post"}],"author":[{"embeddable":true,"href":"http:\/\/hoycordobaweb.com\/index.php\/wp-json\/wp\/v2\/users\/1"}],"replies":[{"embeddable":true,"href":"http:\/\/hoycordobaweb.com\/index.php\/wp-json\/wp\/v2\/comments?post=70276"}],"version-history":[{"count":0,"href":"http:\/\/hoycordobaweb.com\/index.php\/wp-json\/wp\/v2\/posts\/70276\/revisions"}],"wp:attachment":[{"href":"http:\/\/hoycordobaweb.com\/index.php\/wp-json\/wp\/v2\/media?parent=70276"}],"wp:term":[{"taxonomy":"category","embeddable":true,"href":"http:\/\/hoycordobaweb.com\/index.php\/wp-json\/wp\/v2\/categories?post=70276"},{"taxonomy":"post_tag","embeddable":true,"href":"http:\/\/hoycordobaweb.com\/index.php\/wp-json\/wp\/v2\/tags?post=70276"}],"curies":[{"name":"wp","href":"https:\/\/api.w.org\/{rel}","templated":true}]}}